{"id":26097,"date":"2025-01-22T19:30:41","date_gmt":"2025-01-22T22:30:41","guid":{"rendered":"https:\/\/pc.sc.gov.br\/?p=26097"},"modified":"2025-01-22T19:32:09","modified_gmt":"2025-01-22T22:32:09","slug":"policia-civil-deflagra-operacao-de-combate-ao-trafico-no-centro-de-florianopolis","status":"publish","type":"post","link":"https:\/\/pc.sc.gov.br\/?p=26097","title":{"rendered":"Pol\u00edcia Civil deflagra opera\u00e7\u00e3o de combate ao tr\u00e1fico no Centro de Florian\u00f3polis"},"content":{"rendered":"\t\t<div data-elementor-type=\"wp-post\" data-elementor-id=\"26097\" class=\"elementor elementor-26097\" data-elementor-post-type=\"post\">\n\t\t\t\t\t\t<section class=\"elementor-section elementor-top-section elementor-element elementor-element-e0e41a1 elementor-section-boxed elementor-section-height-default elementor-section-height-default\" data-id=\"e0e41a1\" data-element_type=\"section\">\n\t\t\t\t\t\t<div class=\"elementor-container elementor-column-gap-default\">\n\t\t\t\t\t<div class=\"elementor-column elementor-col-100 elementor-top-column elementor-element elementor-element-a73fcd5\" data-id=\"a73fcd5\" data-element_type=\"column\">\n\t\t\t<div class=\"elementor-widget-wrap elementor-element-populated\">\n\t\t\t\t\t\t<div class=\"elementor-element elementor-element-c93f521 elementor-widget elementor-widget-heading\" data-id=\"c93f521\" data-element_type=\"widget\" data-widget_type=\"heading.default\">\n\t\t\t\t<div class=\"elementor-widget-container\">\n\t\t\t\t\t<h2 class=\"elementor-heading-title elementor-size-default\">Pol\u00edcia Civil deflagra opera\u00e7\u00e3o de combate ao tr\u00e1fico no Centro de Florian\u00f3polis<\/h2>\t\t\t\t<\/div>\n\t\t\t\t<\/div>\n\t\t\t\t\t<\/div>\n\t\t<\/div>\n\t\t\t\t\t<\/div>\n\t\t<\/section>\n\t\t\t\t<section class=\"elementor-section elementor-top-section elementor-element elementor-element-93cac3a elementor-section-boxed elementor-section-height-default elementor-section-height-default\" data-id=\"93cac3a\" data-element_type=\"section\">\n\t\t\t\t\t\t<div class=\"elementor-container elementor-column-gap-default\">\n\t\t\t\t\t<div class=\"elementor-column elementor-col-100 elementor-top-column elementor-element elementor-element-e7b1d3f\" data-id=\"e7b1d3f\" data-element_type=\"column\">\n\t\t\t<div class=\"elementor-widget-wrap elementor-element-populated\">\n\t\t\t\t\t\t<div class=\"elementor-element elementor-element-71a63d2 elementor-widget elementor-widget-image\" data-id=\"71a63d2\" data-element_type=\"widget\" data-widget_type=\"image.default\">\n\t\t\t\t<div class=\"elementor-widget-container\">\n\t\t\t\t\t\t\t\t\t\t\t\t\t\t\t<img fetchpriority=\"high\" decoding=\"async\" width=\"696\" height=\"522\" src=\"https:\/\/pc.sc.gov.br\/\/wp-content\/uploads\/2025\/01\/WhatsApp-Image-2025-01-22-at-19.27.23-1024x768.jpeg\" class=\"attachment-large size-large wp-image-26100\" alt=\"\" srcset=\"https:\/\/pc.sc.gov.br\/\/wp-content\/uploads\/2025\/01\/WhatsApp-Image-2025-01-22-at-19.27.23-1024x768.jpeg 1024w, https:\/\/pc.sc.gov.br\/\/wp-content\/uploads\/2025\/01\/WhatsApp-Image-2025-01-22-at-19.27.23-300x225.jpeg 300w, https:\/\/pc.sc.gov.br\/\/wp-content\/uploads\/2025\/01\/WhatsApp-Image-2025-01-22-at-19.27.23-768x576.jpeg 768w, https:\/\/pc.sc.gov.br\/\/wp-content\/uploads\/2025\/01\/WhatsApp-Image-2025-01-22-at-19.27.23.jpeg 1280w\" sizes=\"(max-width: 696px) 100vw, 696px\" \/>\t\t\t\t\t\t\t\t\t\t\t\t\t\t\t<\/div>\n\t\t\t\t<\/div>\n\t\t\t\t\t<\/div>\n\t\t<\/div>\n\t\t\t\t\t<\/div>\n\t\t<\/section>\n\t\t\t\t<section class=\"elementor-section elementor-top-section elementor-element elementor-element-a1e81a3 elementor-section-boxed elementor-section-height-default elementor-section-height-default\" data-id=\"a1e81a3\" data-element_type=\"section\">\n\t\t\t\t\t\t<div class=\"elementor-container elementor-column-gap-default\">\n\t\t\t\t\t<div class=\"elementor-column elementor-col-100 elementor-top-column elementor-element elementor-element-b3b23d7\" data-id=\"b3b23d7\" data-element_type=\"column\">\n\t\t\t<div class=\"elementor-widget-wrap elementor-element-populated\">\n\t\t\t\t\t\t<div class=\"elementor-element elementor-element-8e8c01c elementor-widget elementor-widget-text-editor\" data-id=\"8e8c01c\" data-element_type=\"widget\" data-widget_type=\"text-editor.default\">\n\t\t\t\t<div class=\"elementor-widget-container\">\n\t\t\t\t\t\t\t\t\t<p>A Pol\u00edcia Civil de Santa Catarina, por meio da Delegacia de Combate \u00e0s Drogas do Departamento de Investiga\u00e7\u00e3o Criminal de Florian\u00f3polis (DECOD\/DIC), realizou uma opera\u00e7\u00e3o de combate ao tr\u00e1fico de drogas na \u00e1rea central de Florian\u00f3polis.<\/p><p>A a\u00e7\u00e3o ocorreu no \u00e2mbito da opera\u00e7\u00e3o &#8220;Centro Seguro&#8221; e contou com o apoio da Coordenadoria de Opera\u00e7\u00f5es com C\u00e3es (COPC) e da Divis\u00e3o de Intelig\u00eancia e Seguran\u00e7a Institucional (DISI) da Guarda Municipal. Durante a opera\u00e7\u00e3o, foram apreendidas 54 pedras de crack e cerca de R$ 800 em dinheiro fracionado.<\/p><p>Foram presos em flagrante um homem identificado como o principal respons\u00e1vel pelo tr\u00e1fico; uma mulher, que armazenava as drogas em suas roupas \u00edntimas e realizava entregas aos usu\u00e1rios; e outro homem, que auxiliava na distribui\u00e7\u00e3o. As investiga\u00e7\u00f5es indicam que o esquema era organizado, com divis\u00e3o de turnos e substitui\u00e7\u00e3o regular dos envolvidos.<\/p>\t\t\t\t\t\t\t\t<\/div>\n\t\t\t\t<\/div>\n\t\t\t\t<div class=\"elementor-element elementor-element-dda2e7c elementor-widget elementor-widget-image\" data-id=\"dda2e7c\" data-element_type=\"widget\" data-widget_type=\"image.default\">\n\t\t\t\t<div class=\"elementor-widget-container\">\n\t\t\t\t\t\t\t\t\t\t\t\t\t\t\t<img decoding=\"async\" width=\"576\" height=\"1024\" src=\"https:\/\/pc.sc.gov.br\/\/wp-content\/uploads\/2025\/01\/WhatsApp-Image-2025-01-22-at-19.27.24-576x1024.jpeg\" class=\"attachment-large size-large wp-image-26099\" alt=\"\" srcset=\"https:\/\/pc.sc.gov.br\/\/wp-content\/uploads\/2025\/01\/WhatsApp-Image-2025-01-22-at-19.27.24-576x1024.jpeg 576w, https:\/\/pc.sc.gov.br\/\/wp-content\/uploads\/2025\/01\/WhatsApp-Image-2025-01-22-at-19.27.24-169x300.jpeg 169w, https:\/\/pc.sc.gov.br\/\/wp-content\/uploads\/2025\/01\/WhatsApp-Image-2025-01-22-at-19.27.24.jpeg 720w\" sizes=\"(max-width: 576px) 100vw, 576px\" \/>\t\t\t\t\t\t\t\t\t\t\t\t\t\t\t<\/div>\n\t\t\t\t<\/div>\n\t\t\t\t\t<\/div>\n\t\t<\/div>\n\t\t\t\t\t<\/div>\n\t\t<\/section>\n\t\t\t\t<section class=\"elementor-section elementor-top-section elementor-element elementor-element-28f80e0 elementor-section-boxed elementor-section-height-default elementor-section-height-default\" data-id=\"28f80e0\" data-element_type=\"section\">\n\t\t\t\t\t\t<div class=\"elementor-container elementor-column-gap-default\">\n\t\t\t\t\t<div class=\"elementor-column elementor-col-100 elementor-top-column elementor-element elementor-element-501f35b\" data-id=\"501f35b\" data-element_type=\"column\">\n\t\t\t<div class=\"elementor-widget-wrap elementor-element-populated\">\n\t\t\t\t\t\t<div class=\"elementor-element elementor-element-e258213 elementor-widget elementor-widget-text-editor\" data-id=\"e258213\" data-element_type=\"widget\" data-widget_type=\"text-editor.default\">\n\t\t\t\t<div class=\"elementor-widget-container\">\n\t\t\t\t\t\t\t\t\t<p>As investiga\u00e7\u00f5es relacionadas ao tr\u00e1fico na \u00e1rea central, que j\u00e1 estavam em andamento, devem continuar com o objetivo de alcan\u00e7ar e responsabilizar outros envolvidos no esquema.<\/p><p>A DECOD refor\u00e7a o pedido para que a popula\u00e7\u00e3o colabore com informa\u00e7\u00f5es an\u00f4nimas, que podem ser enviadas pelo n\u00famero 181, pelo WhatsApp da Pol\u00edcia Civil (48 98844-0011) ou diretamente \u00e0 delegacia.<\/p>\t\t\t\t\t\t\t\t<\/div>\n\t\t\t\t<\/div>\n\t\t\t\t\t<\/div>\n\t\t<\/div>\n\t\t\t\t\t<\/div>\n\t\t<\/section>\n\t\t\t\t<section class=\"elementor-section elementor-top-section elementor-element elementor-element-cb546b2 elementor-section-boxed elementor-section-height-default elementor-section-height-default\" data-id=\"cb546b2\" data-element_type=\"section\">\n\t\t\t\t\t\t<div class=\"elementor-container elementor-column-gap-default\">\n\t\t\t\t\t<div class=\"elementor-column elementor-col-100 elementor-top-column elementor-element elementor-element-66db631\" data-id=\"66db631\" data-element_type=\"column\">\n\t\t\t<div class=\"elementor-widget-wrap elementor-element-populated\">\n\t\t\t\t\t\t<div class=\"elementor-element elementor-element-45939f4 elementor-widget elementor-widget-image\" data-id=\"45939f4\" data-element_type=\"widget\" data-widget_type=\"image.default\">\n\t\t\t\t<div class=\"elementor-widget-container\">\n\t\t\t\t\t\t\t\t\t\t\t\t\t\t\t<img decoding=\"async\" width=\"696\" height=\"928\" src=\"https:\/\/pc.sc.gov.br\/\/wp-content\/uploads\/2025\/01\/WhatsApp-Image-2025-01-22-at-19.27.24-1-768x1024.jpeg\" class=\"attachment-large size-large wp-image-26098\" alt=\"\" srcset=\"https:\/\/pc.sc.gov.br\/\/wp-content\/uploads\/2025\/01\/WhatsApp-Image-2025-01-22-at-19.27.24-1-768x1024.jpeg 768w, https:\/\/pc.sc.gov.br\/\/wp-content\/uploads\/2025\/01\/WhatsApp-Image-2025-01-22-at-19.27.24-1-225x300.jpeg 225w, https:\/\/pc.sc.gov.br\/\/wp-content\/uploads\/2025\/01\/WhatsApp-Image-2025-01-22-at-19.27.24-1.jpeg 960w\" sizes=\"(max-width: 696px) 100vw, 696px\" \/>\t\t\t\t\t\t\t\t\t\t\t\t\t\t\t<\/div>\n\t\t\t\t<\/div>\n\t\t\t\t\t<\/div>\n\t\t<\/div>\n\t\t\t\t\t<\/div>\n\t\t<\/section>\n\t\t\t\t<\/div>\n\t\t","protected":false},"excerpt":{"rendered":"<p>Pol\u00edcia Civil deflagra opera\u00e7\u00e3o de combate ao tr\u00e1fico no Centro de Florian\u00f3polis A Pol\u00edcia Civil de Santa Catarina, por meio da Delegacia de Combate \u00e0s Drogas do Departamento de Investiga\u00e7\u00e3o Criminal de Florian\u00f3polis (DECOD\/DIC), realizou uma opera\u00e7\u00e3o de combate ao tr\u00e1fico de drogas na \u00e1rea central de Florian\u00f3polis. A a\u00e7\u00e3o ocorreu no \u00e2mbito da opera\u00e7\u00e3o [&hellip;]<\/p>\n","protected":false},"author":5,"featured_media":26100,"comment_status":"closed","ping_status":"open","sticky":false,"template":"","format":"standard","meta":{"_monsterinsights_skip_tracking":false,"_monsterinsights_sitenote_active":false,"_monsterinsights_sitenote_note":"","_monsterinsights_sitenote_category":0,"footnotes":""},"categories":[1],"tags":[],"class_list":["post-26097","post","type-post","status-publish","format-standard","has-post-thumbnail","hentry","category-sem-categoria"],"_links":{"self":[{"href":"https:\/\/pc.sc.gov.br\/index.php?rest_route=\/wp\/v2\/posts\/26097","targetHints":{"allow":["GET"]}}],"collection":[{"href":"https:\/\/pc.sc.gov.br\/index.php?rest_route=\/wp\/v2\/posts"}],"about":[{"href":"https:\/\/pc.sc.gov.br\/index.php?rest_route=\/wp\/v2\/types\/post"}],"author":[{"embeddable":true,"href":"https:\/\/pc.sc.gov.br\/index.php?rest_route=\/wp\/v2\/users\/5"}],"replies":[{"embeddable":true,"href":"https:\/\/pc.sc.gov.br\/index.php?rest_route=%2Fwp%2Fv2%2Fcomments&post=26097"}],"version-history":[{"count":4,"href":"https:\/\/pc.sc.gov.br\/index.php?rest_route=\/wp\/v2\/posts\/26097\/revisions"}],"predecessor-version":[{"id":26104,"href":"https:\/\/pc.sc.gov.br\/index.php?rest_route=\/wp\/v2\/posts\/26097\/revisions\/26104"}],"wp:featuredmedia":[{"embeddable":true,"href":"https:\/\/pc.sc.gov.br\/index.php?rest_route=\/wp\/v2\/media\/26100"}],"wp:attachment":[{"href":"https:\/\/pc.sc.gov.br\/index.php?rest_route=%2Fwp%2Fv2%2Fmedia&parent=26097"}],"wp:term":[{"taxonomy":"category","embeddable":true,"href":"https:\/\/pc.sc.gov.br\/index.php?rest_route=%2Fwp%2Fv2%2Fcategories&post=26097"},{"taxonomy":"post_tag","embeddable":true,"href":"https:\/\/pc.sc.gov.br\/index.php?rest_route=%2Fwp%2Fv2%2Ftags&post=26097"}],"curies":[{"name":"wp","href":"https:\/\/api.w.org\/{rel}","templated":true}]}}