{"id":26122,"date":"2025-01-23T15:03:45","date_gmt":"2025-01-23T18:03:45","guid":{"rendered":"https:\/\/pc.sc.gov.br\/?p=26122"},"modified":"2025-01-23T16:43:30","modified_gmt":"2025-01-23T19:43:30","slug":"nota-de-esclarecimento-e-repudio","status":"publish","type":"post","link":"https:\/\/pc.sc.gov.br\/?p=26122","title":{"rendered":"NOTA DE ESCLARECIMENTO E REP\u00daDIO"},"content":{"rendered":"\t\t<div data-elementor-type=\"wp-post\" data-elementor-id=\"26122\" class=\"elementor elementor-26122\" data-elementor-post-type=\"post\">\n\t\t\t\t\t\t<section class=\"elementor-section elementor-top-section elementor-element elementor-element-9314947 elementor-section-boxed elementor-section-height-default elementor-section-height-default\" data-id=\"9314947\" data-element_type=\"section\">\n\t\t\t\t\t\t<div class=\"elementor-container elementor-column-gap-default\">\n\t\t\t\t\t<div class=\"elementor-column elementor-col-100 elementor-top-column elementor-element elementor-element-e6a1594\" data-id=\"e6a1594\" data-element_type=\"column\">\n\t\t\t<div class=\"elementor-widget-wrap elementor-element-populated\">\n\t\t\t\t\t\t<div class=\"elementor-element elementor-element-8cbe4bf elementor-widget elementor-widget-heading\" data-id=\"8cbe4bf\" data-element_type=\"widget\" data-widget_type=\"heading.default\">\n\t\t\t\t<div class=\"elementor-widget-container\">\n\t\t\t\t\t<h2 class=\"elementor-heading-title elementor-size-default\">NOTA DE ESCLARECIMENTO E REP\u00daDIO<\/h2>\t\t\t\t<\/div>\n\t\t\t\t<\/div>\n\t\t\t\t\t<\/div>\n\t\t<\/div>\n\t\t\t\t\t<\/div>\n\t\t<\/section>\n\t\t\t\t<section class=\"elementor-section elementor-top-section elementor-element elementor-element-2038f50 elementor-section-boxed elementor-section-height-default elementor-section-height-default\" data-id=\"2038f50\" data-element_type=\"section\">\n\t\t\t\t\t\t<div class=\"elementor-container elementor-column-gap-default\">\n\t\t\t\t\t<div class=\"elementor-column elementor-col-100 elementor-top-column elementor-element elementor-element-2ca3d24\" data-id=\"2ca3d24\" data-element_type=\"column\">\n\t\t\t<div class=\"elementor-widget-wrap elementor-element-populated\">\n\t\t\t\t\t\t<div class=\"elementor-element elementor-element-d601c0f elementor-widget elementor-widget-image\" data-id=\"d601c0f\" data-element_type=\"widget\" data-widget_type=\"image.default\">\n\t\t\t\t<div class=\"elementor-widget-container\">\n\t\t\t\t\t\t\t\t\t\t\t\t\t\t\t<img fetchpriority=\"high\" decoding=\"async\" width=\"696\" height=\"522\" src=\"https:\/\/pc.sc.gov.br\/\/wp-content\/uploads\/2024\/12\/WhatsApp-Image-2024-08-02-at-16.53.34.jpeg\" class=\"attachment-large size-large wp-image-25011\" alt=\"\" srcset=\"https:\/\/pc.sc.gov.br\/\/wp-content\/uploads\/2024\/12\/WhatsApp-Image-2024-08-02-at-16.53.34.jpeg 768w, https:\/\/pc.sc.gov.br\/\/wp-content\/uploads\/2024\/12\/WhatsApp-Image-2024-08-02-at-16.53.34-300x225.jpeg 300w\" sizes=\"(max-width: 696px) 100vw, 696px\" \/>\t\t\t\t\t\t\t\t\t\t\t\t\t\t\t<\/div>\n\t\t\t\t<\/div>\n\t\t\t\t\t<\/div>\n\t\t<\/div>\n\t\t\t\t\t<\/div>\n\t\t<\/section>\n\t\t\t\t<section class=\"elementor-section elementor-top-section elementor-element elementor-element-76af1ab elementor-section-boxed elementor-section-height-default elementor-section-height-default\" data-id=\"76af1ab\" data-element_type=\"section\">\n\t\t\t\t\t\t<div class=\"elementor-container elementor-column-gap-default\">\n\t\t\t\t\t<div class=\"elementor-column elementor-col-100 elementor-top-column elementor-element elementor-element-042154c\" data-id=\"042154c\" data-element_type=\"column\">\n\t\t\t<div class=\"elementor-widget-wrap elementor-element-populated\">\n\t\t\t\t\t\t<div class=\"elementor-element elementor-element-e4d46ac elementor-widget elementor-widget-text-editor\" data-id=\"e4d46ac\" data-element_type=\"widget\" data-widget_type=\"text-editor.default\">\n\t\t\t\t<div class=\"elementor-widget-container\">\n\t\t\t\t\t\t\t\t\t<p>Os Delegados de Pol\u00edcia que atuam no combate \u00e0 corrup\u00e7\u00e3o pela Policia Civil de Santa Catarina v\u00eam a p\u00fablico prestar esclarecimentos e demonstrar indigna\u00e7\u00e3o quanto \u00e0s recentes publica\u00e7\u00f5es veiculadas em alguns meios de comunica\u00e7\u00e3o.<\/p>\n<p>A estrutura exclusiva de combate \u00e0 corrup\u00e7\u00e3o da PCSC passou a existir a partir do in\u00edcio de 2020. Desde ent\u00e3o vem sendo aprimorada, notadamente, a partir do in\u00edcio de 2023. Destaca-se o aumento de efetivo (na ordem de 20%), a cria\u00e7\u00e3o de mais uma delegacia (Lages) e a prioriza\u00e7\u00e3o de aquisi\u00e7\u00e3o de equipamentos para uso exclusivo das DECOR. Tais investimentos s\u00e3o prioridade para o Delegado Geral, Dr. Ulisses Gabriel.<\/p>\n<p>Como resultado, as unidades apresentaram crescimento estrondoso de produtividade, com alguns \u00edndices estat\u00edsticos superiores a mil por cento, quando comparados \u00e0 gest\u00e3o anterior. A t\u00edtulo de exemplo, foram quase 30 milh\u00f5es de reais bloqueados nos \u00faltimos 24 meses, dinheiro p\u00fablico que retornar\u00e1 para a popula\u00e7\u00e3o de bem.<\/p>\n<p>A inconformidade dos investigados \u00e9 natural e esperada, ainda que absurda. Vale lembrar que quem decide \u00e9 o Poder Judici\u00e1rio, com manifesta\u00e7\u00e3o do Minist\u00e9rio P\u00fablico, logo, tais ataques atingem tr\u00eas institui\u00e7\u00f5es distintas. Neste norte, repudiamos as inverdades divulgadas acerca de nosso l\u00edder, que jamais interferiu ou tentou direcionar qualquer investiga\u00e7\u00e3o. Pelo contr\u00e1rio, os Delegados de Pol\u00edcia e suas equipes t\u00eam total autonomia e liberdade na condu\u00e7\u00e3o de suas investiga\u00e7\u00f5es.<\/p>\n<p>A Pol\u00edcia Civil \u00e9 uma pol\u00edcia de Estado e n\u00e3o de Governo. Prova disso, \u00e9 que nossas opera\u00e7\u00f5es atingiram secretarias do atual governo e prefeituras de seu partido.<\/p>\n<p>Por derradeiro, a \u201ccortina de fuma\u00e7a\u201d criada pela corrup\u00e7\u00e3o n\u00e3o abalar\u00e1 o cumprimento de nossa miss\u00e3o, que seguir\u00e1 implac\u00e1vel e apartid\u00e1ria.<span style=\"color: var( --e-global-color-text ); font-family: var( --e-global-typography-primary-font-family ), Sans-serif; font-size: var( --e-global-typography-primary-font-size ); font-weight: var( --e-global-typography-primary-font-weight ); letter-spacing: var( --e-global-typography-primary-letter-spacing );\">&nbsp;<\/span><\/p>\n<p><a href=\"https:\/\/pc.sc.gov.br\/wp-content\/uploads\/2025\/01\/Nota-de-Esclarecimento-1-3.pdf\" target=\"_blank\"><b>Acesse a nota na \u00edntegra clicando aqui!<\/b><\/a><\/p>\t\t\t\t\t\t\t\t<\/div>\n\t\t\t\t<\/div>\n\t\t\t\t\t<\/div>\n\t\t<\/div>\n\t\t\t\t\t<\/div>\n\t\t<\/section>\n\t\t\t\t<section class=\"elementor-section elementor-top-section elementor-element elementor-element-bd998d7 elementor-section-boxed elementor-section-height-default elementor-section-height-default\" data-id=\"bd998d7\" data-element_type=\"section\">\n\t\t\t\t\t\t<div class=\"elementor-container elementor-column-gap-default\">\n\t\t\t\t\t<div class=\"elementor-column elementor-col-100 elementor-top-column elementor-element elementor-element-ba8afb2\" data-id=\"ba8afb2\" data-element_type=\"column\">\n\t\t\t<div class=\"elementor-widget-wrap elementor-element-populated\">\n\t\t\t\t\t\t<div class=\"elementor-element elementor-element-1d8a904 elementor-widget elementor-widget-image\" data-id=\"1d8a904\" data-element_type=\"widget\" data-widget_type=\"image.default\">\n\t\t\t\t<div class=\"elementor-widget-container\">\n\t\t\t\t\t\t\t\t\t\t\t\t\t\t\t<img decoding=\"async\" src=\"https:\/\/pc.sc.gov.br\/wp-content\/uploads\/2025\/01\/Nota-de-Esclarecimento-1-3.pdf\" title=\"\" alt=\"\" loading=\"lazy\" \/>\t\t\t\t\t\t\t\t\t\t\t\t\t\t\t<\/div>\n\t\t\t\t<\/div>\n\t\t\t\t\t<\/div>\n\t\t<\/div>\n\t\t\t\t\t<\/div>\n\t\t<\/section>\n\t\t\t\t<\/div>\n\t\t","protected":false},"excerpt":{"rendered":"<p>NOTA DE ESCLARECIMENTO E REP\u00daDIO Os Delegados de Pol\u00edcia que atuam no combate \u00e0 corrup\u00e7\u00e3o pela Policia Civil de Santa Catarina v\u00eam a p\u00fablico prestar esclarecimentos e demonstrar indigna\u00e7\u00e3o quanto \u00e0s recentes publica\u00e7\u00f5es veiculadas em alguns meios de comunica\u00e7\u00e3o. A estrutura exclusiva de combate \u00e0 corrup\u00e7\u00e3o da PCSC passou a existir a partir do in\u00edcio [&hellip;]<\/p>\n","protected":false},"author":5,"featured_media":23323,"comment_status":"closed","ping_status":"open","sticky":false,"template":"","format":"standard","meta":{"_monsterinsights_skip_tracking":false,"_monsterinsights_sitenote_active":false,"_monsterinsights_sitenote_note":"","_monsterinsights_sitenote_category":0,"footnotes":""},"categories":[1],"tags":[],"class_list":["post-26122","post","type-post","status-publish","format-standard","has-post-thumbnail","hentry","category-sem-categoria"],"_links":{"self":[{"href":"https:\/\/pc.sc.gov.br\/index.php?rest_route=\/wp\/v2\/posts\/26122","targetHints":{"allow":["GET"]}}],"collection":[{"href":"https:\/\/pc.sc.gov.br\/index.php?rest_route=\/wp\/v2\/posts"}],"about":[{"href":"https:\/\/pc.sc.gov.br\/index.php?rest_route=\/wp\/v2\/types\/post"}],"author":[{"embeddable":true,"href":"https:\/\/pc.sc.gov.br\/index.php?rest_route=\/wp\/v2\/users\/5"}],"replies":[{"embeddable":true,"href":"https:\/\/pc.sc.gov.br\/index.php?rest_route=%2Fwp%2Fv2%2Fcomments&post=26122"}],"version-history":[{"count":10,"href":"https:\/\/pc.sc.gov.br\/index.php?rest_route=\/wp\/v2\/posts\/26122\/revisions"}],"predecessor-version":[{"id":26143,"href":"https:\/\/pc.sc.gov.br\/index.php?rest_route=\/wp\/v2\/posts\/26122\/revisions\/26143"}],"wp:featuredmedia":[{"embeddable":true,"href":"https:\/\/pc.sc.gov.br\/index.php?rest_route=\/wp\/v2\/media\/23323"}],"wp:attachment":[{"href":"https:\/\/pc.sc.gov.br\/index.php?rest_route=%2Fwp%2Fv2%2Fmedia&parent=26122"}],"wp:term":[{"taxonomy":"category","embeddable":true,"href":"https:\/\/pc.sc.gov.br\/index.php?rest_route=%2Fwp%2Fv2%2Fcategories&post=26122"},{"taxonomy":"post_tag","embeddable":true,"href":"https:\/\/pc.sc.gov.br\/index.php?rest_route=%2Fwp%2Fv2%2Ftags&post=26122"}],"curies":[{"name":"wp","href":"https:\/\/api.w.org\/{rel}","templated":true}]}}