{"id":26131,"date":"2025-01-23T16:36:44","date_gmt":"2025-01-23T19:36:44","guid":{"rendered":"https:\/\/pc.sc.gov.br\/?p=26131"},"modified":"2025-01-23T16:41:36","modified_gmt":"2025-01-23T19:41:36","slug":"em-indaial-decap-deic-localiza-e-prende-integrante-de-organizacao-criminosa-foragido-do-acre","status":"publish","type":"post","link":"https:\/\/pc.sc.gov.br\/?p=26131","title":{"rendered":"Em Indaial, DECAP\/DEIC localiza e prende integrante de organiza\u00e7\u00e3o criminosa foragido do Acre"},"content":{"rendered":"\t\t<div data-elementor-type=\"wp-post\" data-elementor-id=\"26131\" class=\"elementor elementor-26131\" data-elementor-post-type=\"post\">\n\t\t\t\t\t\t<section class=\"elementor-section elementor-top-section elementor-element elementor-element-58402be elementor-section-boxed elementor-section-height-default elementor-section-height-default\" data-id=\"58402be\" data-element_type=\"section\">\n\t\t\t\t\t\t<div class=\"elementor-container elementor-column-gap-default\">\n\t\t\t\t\t<div class=\"elementor-column elementor-col-100 elementor-top-column elementor-element elementor-element-fd7e44c\" data-id=\"fd7e44c\" data-element_type=\"column\">\n\t\t\t<div class=\"elementor-widget-wrap elementor-element-populated\">\n\t\t\t\t\t\t<div class=\"elementor-element elementor-element-f3bbfa9 elementor-widget elementor-widget-heading\" data-id=\"f3bbfa9\" data-element_type=\"widget\" data-widget_type=\"heading.default\">\n\t\t\t\t<div class=\"elementor-widget-container\">\n\t\t\t\t\t<h2 class=\"elementor-heading-title elementor-size-default\">Em Indaial, DECAP\/DEIC localiza e prende integrante de organiza\u00e7\u00e3o criminosa foragido do Acre<\/h2>\t\t\t\t<\/div>\n\t\t\t\t<\/div>\n\t\t\t\t\t<\/div>\n\t\t<\/div>\n\t\t\t\t\t<\/div>\n\t\t<\/section>\n\t\t\t\t<section class=\"elementor-section elementor-top-section elementor-element elementor-element-42ae5c7 elementor-section-boxed elementor-section-height-default elementor-section-height-default\" data-id=\"42ae5c7\" data-element_type=\"section\">\n\t\t\t\t\t\t<div class=\"elementor-container elementor-column-gap-default\">\n\t\t\t\t\t<div class=\"elementor-column elementor-col-100 elementor-top-column elementor-element elementor-element-f3ebec7\" data-id=\"f3ebec7\" data-element_type=\"column\">\n\t\t\t<div class=\"elementor-widget-wrap elementor-element-populated\">\n\t\t\t\t\t\t<div class=\"elementor-element elementor-element-5d05a2d elementor-widget elementor-widget-image\" data-id=\"5d05a2d\" data-element_type=\"widget\" data-widget_type=\"image.default\">\n\t\t\t\t<div class=\"elementor-widget-container\">\n\t\t\t\t\t\t\t\t\t\t\t\t\t\t\t<img fetchpriority=\"high\" decoding=\"async\" width=\"696\" height=\"696\" src=\"https:\/\/pc.sc.gov.br\/\/wp-content\/uploads\/2025\/01\/DECAP-DEIC-MAIS-UM.jpg\" class=\"attachment-large size-large wp-image-25650\" alt=\"\" srcset=\"https:\/\/pc.sc.gov.br\/\/wp-content\/uploads\/2025\/01\/DECAP-DEIC-MAIS-UM.jpg 768w, https:\/\/pc.sc.gov.br\/\/wp-content\/uploads\/2025\/01\/DECAP-DEIC-MAIS-UM-300x300.jpg 300w, https:\/\/pc.sc.gov.br\/\/wp-content\/uploads\/2025\/01\/DECAP-DEIC-MAIS-UM-150x150.jpg 150w\" sizes=\"(max-width: 696px) 100vw, 696px\" \/>\t\t\t\t\t\t\t\t\t\t\t\t\t\t\t<\/div>\n\t\t\t\t<\/div>\n\t\t\t\t\t<\/div>\n\t\t<\/div>\n\t\t\t\t\t<\/div>\n\t\t<\/section>\n\t\t\t\t<section class=\"elementor-section elementor-top-section elementor-element elementor-element-36213dc elementor-section-boxed elementor-section-height-default elementor-section-height-default\" data-id=\"36213dc\" data-element_type=\"section\">\n\t\t\t\t\t\t<div class=\"elementor-container elementor-column-gap-default\">\n\t\t\t\t\t<div class=\"elementor-column elementor-col-100 elementor-top-column elementor-element elementor-element-671a164\" data-id=\"671a164\" data-element_type=\"column\">\n\t\t\t<div class=\"elementor-widget-wrap elementor-element-populated\">\n\t\t\t\t\t\t<div class=\"elementor-element elementor-element-d7aea85 elementor-widget elementor-widget-text-editor\" data-id=\"d7aea85\" data-element_type=\"widget\" data-widget_type=\"text-editor.default\">\n\t\t\t\t<div class=\"elementor-widget-container\">\n\t\t\t\t\t\t\t\t\t<p>A Pol\u00edcia Civil de Santa Catarina, por meio da Delegacia de Capturas (DECAP\/DEIC) cumpriu, nesta quinta-feira (23) mandado de pris\u00e3o preventiva expedido em desfavor de investigado pelo crime de previsto na Lei de Organiza\u00e7\u00f5es Criminosas, Art. 2\u00ba, \u00a7 4\u00ba, I;\u00a7 2\u00ba da Lei 12.850, oriundo da Vara de Delitos de Organiza\u00e7\u00f5es Criminosas de Rio Branco, no Acre. O homem foi localizado em Indaial, onde foi abordado e preso.<\/p><p>A unidade especializada da DEIC foi acionada pela For\u00e7a Integrada de Combate ao Crime Organizado do Estado do Acre (FICCO), para que efetuasse dilig\u00eancias no sentido de localizar e prender o foragido, que estaria residindo em Santa Catarina e possu\u00eda mandado em aberto pelo Estado do Acre, em raz\u00e3o de ser membro da fac\u00e7\u00e3o criminosa.\u00a0<\/p><p>A Delegacia de Capturas da DEIC\/PCSC refor\u00e7a seu compromisso em prol da seguran\u00e7a da sociedade catarinense e se compromete com as demais unidades Policiais do Estado no aux\u00edlio \u00e0 captura de foragidos por meio do aplicativo INTEGRA no link https:\/\/integra.pc.sc.gov.br\/sistemas\/foragidos .<\/p><p>Den\u00fancias e informa\u00e7\u00f5es relacionadas a foragidos da justi\u00e7a podem ser encaminhadas para o e-mail deic-capturas@pc.sc.gov.br, sendo garantido o anonimato.<\/p>\t\t\t\t\t\t\t\t<\/div>\n\t\t\t\t<\/div>\n\t\t\t\t\t<\/div>\n\t\t<\/div>\n\t\t\t\t\t<\/div>\n\t\t<\/section>\n\t\t\t\t<\/div>\n\t\t","protected":false},"excerpt":{"rendered":"<p>Em Indaial, DECAP\/DEIC localiza e prende integrante de organiza\u00e7\u00e3o criminosa foragido do Acre A Pol\u00edcia Civil de Santa Catarina, por meio da Delegacia de Capturas (DECAP\/DEIC) cumpriu, nesta quinta-feira (23) mandado de pris\u00e3o preventiva expedido em desfavor de investigado pelo crime de previsto na Lei de Organiza\u00e7\u00f5es Criminosas, Art. 2\u00ba, \u00a7 4\u00ba, I;\u00a7 2\u00ba da [&hellip;]<\/p>\n","protected":false},"author":5,"featured_media":24768,"comment_status":"closed","ping_status":"open","sticky":false,"template":"","format":"standard","meta":{"_monsterinsights_skip_tracking":false,"_monsterinsights_sitenote_active":false,"_monsterinsights_sitenote_note":"","_monsterinsights_sitenote_category":0,"footnotes":""},"categories":[1],"tags":[],"class_list":["post-26131","post","type-post","status-publish","format-standard","has-post-thumbnail","hentry","category-sem-categoria"],"_links":{"self":[{"href":"https:\/\/pc.sc.gov.br\/index.php?rest_route=\/wp\/v2\/posts\/26131","targetHints":{"allow":["GET"]}}],"collection":[{"href":"https:\/\/pc.sc.gov.br\/index.php?rest_route=\/wp\/v2\/posts"}],"about":[{"href":"https:\/\/pc.sc.gov.br\/index.php?rest_route=\/wp\/v2\/types\/post"}],"author":[{"embeddable":true,"href":"https:\/\/pc.sc.gov.br\/index.php?rest_route=\/wp\/v2\/users\/5"}],"replies":[{"embeddable":true,"href":"https:\/\/pc.sc.gov.br\/index.php?rest_route=%2Fwp%2Fv2%2Fcomments&post=26131"}],"version-history":[{"count":3,"href":"https:\/\/pc.sc.gov.br\/index.php?rest_route=\/wp\/v2\/posts\/26131\/revisions"}],"predecessor-version":[{"id":26134,"href":"https:\/\/pc.sc.gov.br\/index.php?rest_route=\/wp\/v2\/posts\/26131\/revisions\/26134"}],"wp:featuredmedia":[{"embeddable":true,"href":"https:\/\/pc.sc.gov.br\/index.php?rest_route=\/wp\/v2\/media\/24768"}],"wp:attachment":[{"href":"https:\/\/pc.sc.gov.br\/index.php?rest_route=%2Fwp%2Fv2%2Fmedia&parent=26131"}],"wp:term":[{"taxonomy":"category","embeddable":true,"href":"https:\/\/pc.sc.gov.br\/index.php?rest_route=%2Fwp%2Fv2%2Fcategories&post=26131"},{"taxonomy":"post_tag","embeddable":true,"href":"https:\/\/pc.sc.gov.br\/index.php?rest_route=%2Fwp%2Fv2%2Ftags&post=26131"}],"curies":[{"name":"wp","href":"https:\/\/api.w.org\/{rel}","templated":true}]}}