{"id":26144,"date":"2025-01-23T17:30:59","date_gmt":"2025-01-23T20:30:59","guid":{"rendered":"https:\/\/pc.sc.gov.br\/?p=26144"},"modified":"2025-01-23T17:34:26","modified_gmt":"2025-01-23T20:34:26","slug":"operacao-disk-po-pcsc-e-pmsc-desarticulam-associacao-criminosa-que-traficava-drogas-em-sistema-de-delivery-em-anita-garibaldi","status":"publish","type":"post","link":"https:\/\/pc.sc.gov.br\/?p=26144","title":{"rendered":"Opera\u00e7\u00e3o \u201cDisk-p\u00f3\u201d: PCSC e PMSC desarticulam associa\u00e7\u00e3o criminosa que traficava drogas em sistema de \u201cdelivery\u201d em Anita Garibaldi"},"content":{"rendered":"\t\t<div data-elementor-type=\"wp-post\" data-elementor-id=\"26144\" class=\"elementor elementor-26144\" data-elementor-post-type=\"post\">\n\t\t\t\t\t\t<section class=\"elementor-section elementor-top-section elementor-element elementor-element-dc86a69 elementor-section-boxed elementor-section-height-default elementor-section-height-default\" data-id=\"dc86a69\" data-element_type=\"section\">\n\t\t\t\t\t\t<div class=\"elementor-container elementor-column-gap-default\">\n\t\t\t\t\t<div class=\"elementor-column elementor-col-100 elementor-top-column elementor-element elementor-element-5bb41ca\" data-id=\"5bb41ca\" data-element_type=\"column\">\n\t\t\t<div class=\"elementor-widget-wrap elementor-element-populated\">\n\t\t\t\t\t\t<div class=\"elementor-element elementor-element-9c96c83 elementor-widget elementor-widget-heading\" data-id=\"9c96c83\" data-element_type=\"widget\" data-widget_type=\"heading.default\">\n\t\t\t\t<div class=\"elementor-widget-container\">\n\t\t\t\t\t<h2 class=\"elementor-heading-title elementor-size-default\">Opera\u00e7\u00e3o \u201cDisk-p\u00f3\u201d: PCSC e PMSC desarticulam associa\u00e7\u00e3o criminosa que traficava drogas em sistema de \u201cdelivery\u201d em Anita Garibaldi<\/h2>\t\t\t\t<\/div>\n\t\t\t\t<\/div>\n\t\t\t\t\t<\/div>\n\t\t<\/div>\n\t\t\t\t\t<\/div>\n\t\t<\/section>\n\t\t\t\t<section class=\"elementor-section elementor-top-section elementor-element elementor-element-44ff138 elementor-section-boxed elementor-section-height-default elementor-section-height-default\" data-id=\"44ff138\" data-element_type=\"section\">\n\t\t\t\t\t\t<div class=\"elementor-container elementor-column-gap-default\">\n\t\t\t\t\t<div class=\"elementor-column elementor-col-100 elementor-top-column elementor-element elementor-element-d125fd1\" data-id=\"d125fd1\" data-element_type=\"column\">\n\t\t\t<div class=\"elementor-widget-wrap elementor-element-populated\">\n\t\t\t\t\t\t<div class=\"elementor-element elementor-element-00cb88f elementor-widget elementor-widget-image\" data-id=\"00cb88f\" data-element_type=\"widget\" data-widget_type=\"image.default\">\n\t\t\t\t<div class=\"elementor-widget-container\">\n\t\t\t\t\t\t\t\t\t\t\t\t\t\t\t<img fetchpriority=\"high\" decoding=\"async\" width=\"696\" height=\"392\" src=\"https:\/\/pc.sc.gov.br\/\/wp-content\/uploads\/2025\/01\/WhatsApp-Image-2025-01-23-at-16.54.32-1-768x432.jpeg\" class=\"attachment-medium_large size-medium_large wp-image-26147\" alt=\"\" srcset=\"https:\/\/pc.sc.gov.br\/\/wp-content\/uploads\/2025\/01\/WhatsApp-Image-2025-01-23-at-16.54.32-1-768x432.jpeg 768w, https:\/\/pc.sc.gov.br\/\/wp-content\/uploads\/2025\/01\/WhatsApp-Image-2025-01-23-at-16.54.32-1-300x169.jpeg 300w, https:\/\/pc.sc.gov.br\/\/wp-content\/uploads\/2025\/01\/WhatsApp-Image-2025-01-23-at-16.54.32-1-1024x576.jpeg 1024w, https:\/\/pc.sc.gov.br\/\/wp-content\/uploads\/2025\/01\/WhatsApp-Image-2025-01-23-at-16.54.32-1-1536x864.jpeg 1536w, https:\/\/pc.sc.gov.br\/\/wp-content\/uploads\/2025\/01\/WhatsApp-Image-2025-01-23-at-16.54.32-1.jpeg 1600w\" sizes=\"(max-width: 696px) 100vw, 696px\" \/>\t\t\t\t\t\t\t\t\t\t\t\t\t\t\t<\/div>\n\t\t\t\t<\/div>\n\t\t\t\t\t<\/div>\n\t\t<\/div>\n\t\t\t\t\t<\/div>\n\t\t<\/section>\n\t\t\t\t<section class=\"elementor-section elementor-top-section elementor-element elementor-element-a162e59 elementor-section-boxed elementor-section-height-default elementor-section-height-default\" data-id=\"a162e59\" data-element_type=\"section\">\n\t\t\t\t\t\t<div class=\"elementor-container elementor-column-gap-default\">\n\t\t\t\t\t<div class=\"elementor-column elementor-col-100 elementor-top-column elementor-element elementor-element-6d08d62\" data-id=\"6d08d62\" data-element_type=\"column\">\n\t\t\t<div class=\"elementor-widget-wrap elementor-element-populated\">\n\t\t\t\t\t\t<div class=\"elementor-element elementor-element-c1f4c9e elementor-widget elementor-widget-text-editor\" data-id=\"c1f4c9e\" data-element_type=\"widget\" data-widget_type=\"text-editor.default\">\n\t\t\t\t<div class=\"elementor-widget-container\">\n\t\t\t\t\t\t\t\t\t<p>Uma opera\u00e7\u00e3o conjunta da PCSC e PMSC efetuou, nesta quinta-feira (23), o cumprimento de 6 mandados de busca e apreens\u00e3o e 4 de mandados de pris\u00e3o de investigados de compor uma associa\u00e7\u00e3o criminosa, voltada para o tr\u00e1fico de drogas, na comarca de Anita Garibaldi. Duas pessoas foram presas e outras duas s\u00e3o consideradas foragidas. Foram apreendidas drogas, celulares, material para acondicionamento de drogas, balan\u00e7as, e dinheiro.<\/p>\n<p>Em raz\u00e3o das decis\u00f5es judiciais que v\u00eam beneficiando os traficantes &#8211; ao analisar a quantidade de drogas e local onde ocorreram os fatos \u2013 os criminosos mudaram sua forma de atuar.&nbsp;<span style=\"font-family: var( --e-global-typography-text-font-family ), Sans-serif; font-size: var( --e-global-typography-text-font-size );\">Para se aproveitar dessas decis\u00f5es judiciais, eles passaram a ter em sua posse pequenas quantidades de drogas, geralmente apenas a encomendada pelo \u201ccliente\u201d e n\u00e3o mant\u00e9m um local fixo que caracterize um ponto de venda de drogas, fazendo as entregas do entorpecente usando motocicletas.<\/span><\/p>\n<p>Quando abordados, alegam os traficantes alegam que \u00e9 para uso pessoal e, conforme a lei \u00e9 autuada apenas pelo uso do entorpecente, mitigando as consequ\u00eancias penais do crime e perdendo pouca \u201cmercadoria\u201d para a pol\u00edcia. As investiga\u00e7\u00f5es iniciaram ap\u00f3s abordagem de um traficante pela Pol\u00edcia Militar, por\u00e9m, n\u00e3o foi poss\u00edvel efetuar sua pris\u00e3o naquele momento.<\/p>\n<p>A opera\u00e7\u00e3o Disk-p\u00f3 contou com a participa\u00e7\u00e3o de 22 Policiais Civis e Militares, al\u00e9m de operadores de c\u00e3o de faro, que auxiliaram as equipes.&nbsp;<span style=\"font-family: var( --e-global-typography-primary-font-family ), Sans-serif; font-size: var( --e-global-typography-primary-font-size ); font-weight: var( --e-global-typography-primary-font-weight ); letter-spacing: var( --e-global-typography-primary-letter-spacing );\">Os presos foram interrogados e, formalizados os procedimentos legais, encaminhados para o sistema penitenci\u00e1rio, onde ficar\u00e3o \u00e0 disposi\u00e7\u00e3o da justi\u00e7a.<\/span><span style=\"color: var( --e-global-color-text ); font-family: var( --e-global-typography-primary-font-family ), Sans-serif; font-size: var( --e-global-typography-primary-font-size ); font-weight: var( --e-global-typography-primary-font-weight ); letter-spacing: var( --e-global-typography-primary-letter-spacing );\">&nbsp;<\/span><\/p>\t\t\t\t\t\t\t\t<\/div>\n\t\t\t\t<\/div>\n\t\t\t\t\t<\/div>\n\t\t<\/div>\n\t\t\t\t\t<\/div>\n\t\t<\/section>\n\t\t\t\t<\/div>\n\t\t","protected":false},"excerpt":{"rendered":"<p>Opera\u00e7\u00e3o \u201cDisk-p\u00f3\u201d: PCSC e PMSC desarticulam associa\u00e7\u00e3o criminosa que traficava drogas em sistema de \u201cdelivery\u201d em Anita Garibaldi Uma opera\u00e7\u00e3o conjunta da PCSC e PMSC efetuou, nesta quinta-feira (23), o cumprimento de 6 mandados de busca e apreens\u00e3o e 4 de mandados de pris\u00e3o de investigados de compor uma associa\u00e7\u00e3o criminosa, voltada para o tr\u00e1fico [&hellip;]<\/p>\n","protected":false},"author":5,"featured_media":26145,"comment_status":"closed","ping_status":"open","sticky":false,"template":"","format":"standard","meta":{"_monsterinsights_skip_tracking":false,"_monsterinsights_sitenote_active":false,"_monsterinsights_sitenote_note":"","_monsterinsights_sitenote_category":0,"footnotes":""},"categories":[1],"tags":[],"class_list":["post-26144","post","type-post","status-publish","format-standard","has-post-thumbnail","hentry","category-sem-categoria"],"_links":{"self":[{"href":"https:\/\/pc.sc.gov.br\/index.php?rest_route=\/wp\/v2\/posts\/26144","targetHints":{"allow":["GET"]}}],"collection":[{"href":"https:\/\/pc.sc.gov.br\/index.php?rest_route=\/wp\/v2\/posts"}],"about":[{"href":"https:\/\/pc.sc.gov.br\/index.php?rest_route=\/wp\/v2\/types\/post"}],"author":[{"embeddable":true,"href":"https:\/\/pc.sc.gov.br\/index.php?rest_route=\/wp\/v2\/users\/5"}],"replies":[{"embeddable":true,"href":"https:\/\/pc.sc.gov.br\/index.php?rest_route=%2Fwp%2Fv2%2Fcomments&post=26144"}],"version-history":[{"count":7,"href":"https:\/\/pc.sc.gov.br\/index.php?rest_route=\/wp\/v2\/posts\/26144\/revisions"}],"predecessor-version":[{"id":26153,"href":"https:\/\/pc.sc.gov.br\/index.php?rest_route=\/wp\/v2\/posts\/26144\/revisions\/26153"}],"wp:featuredmedia":[{"embeddable":true,"href":"https:\/\/pc.sc.gov.br\/index.php?rest_route=\/wp\/v2\/media\/26145"}],"wp:attachment":[{"href":"https:\/\/pc.sc.gov.br\/index.php?rest_route=%2Fwp%2Fv2%2Fmedia&parent=26144"}],"wp:term":[{"taxonomy":"category","embeddable":true,"href":"https:\/\/pc.sc.gov.br\/index.php?rest_route=%2Fwp%2Fv2%2Fcategories&post=26144"},{"taxonomy":"post_tag","embeddable":true,"href":"https:\/\/pc.sc.gov.br\/index.php?rest_route=%2Fwp%2Fv2%2Ftags&post=26144"}],"curies":[{"name":"wp","href":"https:\/\/api.w.org\/{rel}","templated":true}]}}