{"id":26160,"date":"2025-01-23T18:17:38","date_gmt":"2025-01-23T21:17:38","guid":{"rendered":"https:\/\/pc.sc.gov.br\/?p=26160"},"modified":"2025-01-23T18:18:54","modified_gmt":"2025-01-23T21:18:54","slug":"condenado-por-estupro-de-vulneravel-e-preso-pela-policia-civil-de-ascurra","status":"publish","type":"post","link":"https:\/\/pc.sc.gov.br\/?p=26160","title":{"rendered":"Condenado por estupro de vulner\u00e1vel \u00e9 preso pela Pol\u00edcia Civil de Ascurra"},"content":{"rendered":"\t\t<div data-elementor-type=\"wp-post\" data-elementor-id=\"26160\" class=\"elementor elementor-26160\" data-elementor-post-type=\"post\">\n\t\t\t\t\t\t<section class=\"elementor-section elementor-top-section elementor-element elementor-element-f2444a9 elementor-section-boxed elementor-section-height-default elementor-section-height-default\" data-id=\"f2444a9\" data-element_type=\"section\">\n\t\t\t\t\t\t<div class=\"elementor-container elementor-column-gap-default\">\n\t\t\t\t\t<div class=\"elementor-column elementor-col-100 elementor-top-column elementor-element elementor-element-7e57885\" data-id=\"7e57885\" data-element_type=\"column\">\n\t\t\t<div class=\"elementor-widget-wrap elementor-element-populated\">\n\t\t\t\t\t\t<div class=\"elementor-element elementor-element-a644ed0 elementor-widget elementor-widget-heading\" data-id=\"a644ed0\" data-element_type=\"widget\" data-widget_type=\"heading.default\">\n\t\t\t\t<div class=\"elementor-widget-container\">\n\t\t\t\t\t<h2 class=\"elementor-heading-title elementor-size-default\">Condenado por estupro de vulner\u00e1vel \u00e9 preso pela Pol\u00edcia Civil em Ascurra<\/h2>\t\t\t\t<\/div>\n\t\t\t\t<\/div>\n\t\t\t\t\t<\/div>\n\t\t<\/div>\n\t\t\t\t\t<\/div>\n\t\t<\/section>\n\t\t\t\t<section class=\"elementor-section elementor-top-section elementor-element elementor-element-7459f76 elementor-section-boxed elementor-section-height-default elementor-section-height-default\" data-id=\"7459f76\" data-element_type=\"section\">\n\t\t\t\t\t\t<div class=\"elementor-container elementor-column-gap-default\">\n\t\t\t\t\t<div class=\"elementor-column elementor-col-100 elementor-top-column elementor-element elementor-element-db8e319\" data-id=\"db8e319\" data-element_type=\"column\">\n\t\t\t<div class=\"elementor-widget-wrap elementor-element-populated\">\n\t\t\t\t\t\t<div class=\"elementor-element elementor-element-a9b9fe9 elementor-widget elementor-widget-image\" data-id=\"a9b9fe9\" data-element_type=\"widget\" data-widget_type=\"image.default\">\n\t\t\t\t<div class=\"elementor-widget-container\">\n\t\t\t\t\t\t\t\t\t\t\t\t\t\t\t<img fetchpriority=\"high\" decoding=\"async\" width=\"696\" height=\"522\" src=\"https:\/\/pc.sc.gov.br\/\/wp-content\/uploads\/2025\/01\/WhatsApp-Image-2025-01-23-at-18.06.52-fotor-20250123181620-1024x768.jpg\" class=\"attachment-large size-large wp-image-26161\" alt=\"\" srcset=\"https:\/\/pc.sc.gov.br\/\/wp-content\/uploads\/2025\/01\/WhatsApp-Image-2025-01-23-at-18.06.52-fotor-20250123181620-1024x768.jpg 1024w, https:\/\/pc.sc.gov.br\/\/wp-content\/uploads\/2025\/01\/WhatsApp-Image-2025-01-23-at-18.06.52-fotor-20250123181620-300x225.jpg 300w, https:\/\/pc.sc.gov.br\/\/wp-content\/uploads\/2025\/01\/WhatsApp-Image-2025-01-23-at-18.06.52-fotor-20250123181620-768x576.jpg 768w, https:\/\/pc.sc.gov.br\/\/wp-content\/uploads\/2025\/01\/WhatsApp-Image-2025-01-23-at-18.06.52-fotor-20250123181620.jpg 1174w\" sizes=\"(max-width: 696px) 100vw, 696px\" \/>\t\t\t\t\t\t\t\t\t\t\t\t\t\t\t<\/div>\n\t\t\t\t<\/div>\n\t\t\t\t\t<\/div>\n\t\t<\/div>\n\t\t\t\t\t<\/div>\n\t\t<\/section>\n\t\t\t\t<section class=\"elementor-section elementor-top-section elementor-element elementor-element-a31e194 elementor-section-boxed elementor-section-height-default elementor-section-height-default\" data-id=\"a31e194\" data-element_type=\"section\">\n\t\t\t\t\t\t<div class=\"elementor-container elementor-column-gap-default\">\n\t\t\t\t\t<div class=\"elementor-column elementor-col-100 elementor-top-column elementor-element elementor-element-303bd12\" data-id=\"303bd12\" data-element_type=\"column\">\n\t\t\t<div class=\"elementor-widget-wrap elementor-element-populated\">\n\t\t\t\t\t\t<div class=\"elementor-element elementor-element-330593f elementor-widget elementor-widget-text-editor\" data-id=\"330593f\" data-element_type=\"widget\" data-widget_type=\"text-editor.default\">\n\t\t\t\t<div class=\"elementor-widget-container\">\n\t\t\t\t\t\t\t\t\t<p>A Pol\u00edcia Civil de Santa Catarina, por meio da DP de Ascurra, prendeu nesta quinta-feira (23) um homem de 46 anos foi preso na cidade de Ascurra em cumprimento a um mandado de pris\u00e3o expedido pela Segunda Vara de Execu\u00e7\u00f5es Penais da Comarca de Itaja\u00ed.<\/p>\n<p>O condenado foi sentenciado a 7 anos, 11 meses e 28 dias de reclus\u00e3o pela pr\u00e1tica do crime de estupro de vulner\u00e1vel, ocorrido no munic\u00edpio de Itaja\u00ed. O caso ocorreu em 2018 quando o homem foi flagrado beijando uma menina, \u00e0 \u00e9poca com 12 anos, em Balne\u00e1rio Cambori\u00fa.<\/p>\n<p>Ap\u00f3s os procedimentos de praxe na delegacia, o detido foi encaminhado ao sistema prisional de Blumenau, onde permanecer\u00e1 \u00e0 disposi\u00e7\u00e3o da Justi\u00e7a.<\/p>\n<p><b>Colabore com a DP de Ascurra. Den\u00fancias podem ser feitas pelo (47) 9 9793-6769 \u2013 sigilo absoluto.<\/b><\/p>\t\t\t\t\t\t\t\t<\/div>\n\t\t\t\t<\/div>\n\t\t\t\t\t<\/div>\n\t\t<\/div>\n\t\t\t\t\t<\/div>\n\t\t<\/section>\n\t\t\t\t<\/div>\n\t\t","protected":false},"excerpt":{"rendered":"<p>Condenado por estupro de vulner\u00e1vel \u00e9 preso pela Pol\u00edcia Civil em Ascurra A Pol\u00edcia Civil de Santa Catarina, por meio da DP de Ascurra, prendeu nesta quinta-feira (23) um homem de 46 anos foi preso na cidade de Ascurra em cumprimento a um mandado de pris\u00e3o expedido pela Segunda Vara de Execu\u00e7\u00f5es Penais da Comarca [&hellip;]<\/p>\n","protected":false},"author":5,"featured_media":26161,"comment_status":"closed","ping_status":"open","sticky":false,"template":"","format":"standard","meta":{"_monsterinsights_skip_tracking":false,"_monsterinsights_sitenote_active":false,"_monsterinsights_sitenote_note":"","_monsterinsights_sitenote_category":0,"footnotes":""},"categories":[1],"tags":[],"class_list":["post-26160","post","type-post","status-publish","format-standard","has-post-thumbnail","hentry","category-sem-categoria"],"_links":{"self":[{"href":"https:\/\/pc.sc.gov.br\/index.php?rest_route=\/wp\/v2\/posts\/26160","targetHints":{"allow":["GET"]}}],"collection":[{"href":"https:\/\/pc.sc.gov.br\/index.php?rest_route=\/wp\/v2\/posts"}],"about":[{"href":"https:\/\/pc.sc.gov.br\/index.php?rest_route=\/wp\/v2\/types\/post"}],"author":[{"embeddable":true,"href":"https:\/\/pc.sc.gov.br\/index.php?rest_route=\/wp\/v2\/users\/5"}],"replies":[{"embeddable":true,"href":"https:\/\/pc.sc.gov.br\/index.php?rest_route=%2Fwp%2Fv2%2Fcomments&post=26160"}],"version-history":[{"count":4,"href":"https:\/\/pc.sc.gov.br\/index.php?rest_route=\/wp\/v2\/posts\/26160\/revisions"}],"predecessor-version":[{"id":26165,"href":"https:\/\/pc.sc.gov.br\/index.php?rest_route=\/wp\/v2\/posts\/26160\/revisions\/26165"}],"wp:featuredmedia":[{"embeddable":true,"href":"https:\/\/pc.sc.gov.br\/index.php?rest_route=\/wp\/v2\/media\/26161"}],"wp:attachment":[{"href":"https:\/\/pc.sc.gov.br\/index.php?rest_route=%2Fwp%2Fv2%2Fmedia&parent=26160"}],"wp:term":[{"taxonomy":"category","embeddable":true,"href":"https:\/\/pc.sc.gov.br\/index.php?rest_route=%2Fwp%2Fv2%2Fcategories&post=26160"},{"taxonomy":"post_tag","embeddable":true,"href":"https:\/\/pc.sc.gov.br\/index.php?rest_route=%2Fwp%2Fv2%2Ftags&post=26160"}],"curies":[{"name":"wp","href":"https:\/\/api.w.org\/{rel}","templated":true}]}}