{"id":26171,"date":"2025-01-24T14:15:57","date_gmt":"2025-01-24T17:15:57","guid":{"rendered":"https:\/\/pc.sc.gov.br\/?p=26171"},"modified":"2025-01-24T14:18:03","modified_gmt":"2025-01-24T17:18:03","slug":"policias-civil-e-militar-deflagram-operacao-conjunta-contra-trafico-de-drogas-na-capital","status":"publish","type":"post","link":"https:\/\/pc.sc.gov.br\/?p=26171","title":{"rendered":"Pol\u00edcias Civil e Militar deflagram opera\u00e7\u00e3o conjunta contra tr\u00e1fico de drogas na Capital"},"content":{"rendered":"\t\t<div data-elementor-type=\"wp-post\" data-elementor-id=\"26171\" class=\"elementor elementor-26171\" data-elementor-post-type=\"post\">\n\t\t\t\t\t\t<section class=\"elementor-section elementor-top-section elementor-element elementor-element-df8c78b elementor-section-boxed elementor-section-height-default elementor-section-height-default\" data-id=\"df8c78b\" data-element_type=\"section\">\n\t\t\t\t\t\t<div class=\"elementor-container elementor-column-gap-default\">\n\t\t\t\t\t<div class=\"elementor-column elementor-col-100 elementor-top-column elementor-element elementor-element-8b28e72\" data-id=\"8b28e72\" data-element_type=\"column\">\n\t\t\t<div class=\"elementor-widget-wrap elementor-element-populated\">\n\t\t\t\t\t\t<div class=\"elementor-element elementor-element-35a7b06 elementor-widget elementor-widget-heading\" data-id=\"35a7b06\" data-element_type=\"widget\" data-widget_type=\"heading.default\">\n\t\t\t\t<div class=\"elementor-widget-container\">\n\t\t\t\t\t<h2 class=\"elementor-heading-title elementor-size-default\">Pol\u00edcias Civil e Militar deflagram opera\u00e7\u00e3o conjunta contra tr\u00e1fico de drogas na Capital<\/h2>\t\t\t\t<\/div>\n\t\t\t\t<\/div>\n\t\t\t\t\t<\/div>\n\t\t<\/div>\n\t\t\t\t\t<\/div>\n\t\t<\/section>\n\t\t\t\t<section class=\"elementor-section elementor-top-section elementor-element elementor-element-75b28d0 elementor-section-boxed elementor-section-height-default elementor-section-height-default\" data-id=\"75b28d0\" data-element_type=\"section\">\n\t\t\t\t\t\t<div class=\"elementor-container elementor-column-gap-default\">\n\t\t\t\t\t<div class=\"elementor-column elementor-col-100 elementor-top-column elementor-element elementor-element-0d44af7\" data-id=\"0d44af7\" data-element_type=\"column\">\n\t\t\t<div class=\"elementor-widget-wrap elementor-element-populated\">\n\t\t\t\t\t\t<div class=\"elementor-element elementor-element-59ecb3b elementor-widget elementor-widget-image\" data-id=\"59ecb3b\" data-element_type=\"widget\" data-widget_type=\"image.default\">\n\t\t\t\t<div class=\"elementor-widget-container\">\n\t\t\t\t\t\t\t\t\t\t\t\t\t\t\t<img fetchpriority=\"high\" decoding=\"async\" width=\"696\" height=\"392\" src=\"https:\/\/pc.sc.gov.br\/\/wp-content\/uploads\/2025\/01\/WhatsApp-Image-2025-01-24-at-12.09.34-1024x576.jpeg\" class=\"attachment-large size-large wp-image-26173\" alt=\"\" srcset=\"https:\/\/pc.sc.gov.br\/\/wp-content\/uploads\/2025\/01\/WhatsApp-Image-2025-01-24-at-12.09.34-1024x576.jpeg 1024w, https:\/\/pc.sc.gov.br\/\/wp-content\/uploads\/2025\/01\/WhatsApp-Image-2025-01-24-at-12.09.34-300x169.jpeg 300w, https:\/\/pc.sc.gov.br\/\/wp-content\/uploads\/2025\/01\/WhatsApp-Image-2025-01-24-at-12.09.34-768x432.jpeg 768w, https:\/\/pc.sc.gov.br\/\/wp-content\/uploads\/2025\/01\/WhatsApp-Image-2025-01-24-at-12.09.34-1536x864.jpeg 1536w, https:\/\/pc.sc.gov.br\/\/wp-content\/uploads\/2025\/01\/WhatsApp-Image-2025-01-24-at-12.09.34.jpeg 1600w\" sizes=\"(max-width: 696px) 100vw, 696px\" \/>\t\t\t\t\t\t\t\t\t\t\t\t\t\t\t<\/div>\n\t\t\t\t<\/div>\n\t\t\t\t<div class=\"elementor-element elementor-element-f968e3a elementor-widget elementor-widget-text-editor\" data-id=\"f968e3a\" data-element_type=\"widget\" data-widget_type=\"text-editor.default\">\n\t\t\t\t<div class=\"elementor-widget-container\">\n\t\t\t\t\t\t\t\t\t<p>A Pol\u00edcia Civil de Santa Catarina, por meio da Delegacia de Combate \u00e0s Drogas do Departamento de Investiga\u00e7\u00e3o Criminal de Florian\u00f3polis (DECOD\/DIC), realizou uma opera\u00e7\u00e3o conjunta com a Pol\u00edcia Militar nesta sexta-feira (24\/01), no Morro do Hor\u00e1cio, na Capital.<\/p><p>A a\u00e7\u00e3o teve como objetivo o cumprimento de 11 mandados de busca e apreens\u00e3o no combate ao tr\u00e1fico de drogas na regi\u00e3o. Durante a opera\u00e7\u00e3o, os policiais foram recebidos com resist\u00eancia armada por parte de um dos investigados, que entrou em confronto e veio a \u00f3bito no local.<\/p><p>Foram apreendidos diversos materiais relacionados \u00e0s atividades il\u00edcitas, incluindo por\u00e7\u00f5es de coca\u00edna e maconha, r\u00e1dios transmissores, balan\u00e7a de precis\u00e3o, camisetas da Pol\u00edcia Civil, aparelhos celulares e grande quantia em dinheiro. Estima-se que o valor total das apreens\u00f5es, entre drogas e dinheiro, seja de aproximadamente R$ 50.000,00, evidenciando o impacto sobre as atividades do grupo criminoso.<\/p><p>Dado o resultado morte, as equipes da Delegacia de Homic\u00eddios e da Pol\u00edcia Cient\u00edfica compareceram ao local para realizar os devidos procedimentos periciais e recolher o armamento utilizado.<\/p><p>As investiga\u00e7\u00f5es apontam para a alta periculosidade da quadrilha que atua na regi\u00e3o, com hist\u00f3rico de crimes violentos e dom\u00ednio territorial por meio de tr\u00e1fico de drogas e intimida\u00e7\u00e3o da popula\u00e7\u00e3o.<\/p><p>A opera\u00e7\u00e3o contou com a participa\u00e7\u00e3o de equipes da Pol\u00edcia Civil por meio da DIC da Capital e apoio das unidades do T\u00e1tico do 4\u00ba BPM e da Coordenadoria de Opera\u00e7\u00f5es com C\u00e3es (COPC).<\/p>\t\t\t\t\t\t\t\t<\/div>\n\t\t\t\t<\/div>\n\t\t\t\t\t<\/div>\n\t\t<\/div>\n\t\t\t\t\t<\/div>\n\t\t<\/section>\n\t\t\t\t<section class=\"elementor-section elementor-top-section elementor-element elementor-element-78ff359 elementor-section-boxed elementor-section-height-default elementor-section-height-default\" data-id=\"78ff359\" data-element_type=\"section\">\n\t\t\t\t\t\t<div class=\"elementor-container elementor-column-gap-default\">\n\t\t\t\t\t<div class=\"elementor-column elementor-col-100 elementor-top-column elementor-element elementor-element-e7eb67f\" data-id=\"e7eb67f\" data-element_type=\"column\">\n\t\t\t<div class=\"elementor-widget-wrap elementor-element-populated\">\n\t\t\t\t\t\t<div class=\"elementor-element elementor-element-c7bf283 elementor-widget elementor-widget-image\" data-id=\"c7bf283\" data-element_type=\"widget\" data-widget_type=\"image.default\">\n\t\t\t\t<div class=\"elementor-widget-container\">\n\t\t\t\t\t\t\t\t\t\t\t\t\t\t\t<img decoding=\"async\" width=\"671\" height=\"1024\" src=\"https:\/\/pc.sc.gov.br\/\/wp-content\/uploads\/2025\/01\/WhatsApp-Image-2025-01-24-at-12.09.35-671x1024.jpeg\" class=\"attachment-large size-large wp-image-26172\" alt=\"\" srcset=\"https:\/\/pc.sc.gov.br\/\/wp-content\/uploads\/2025\/01\/WhatsApp-Image-2025-01-24-at-12.09.35-671x1024.jpeg 671w, https:\/\/pc.sc.gov.br\/\/wp-content\/uploads\/2025\/01\/WhatsApp-Image-2025-01-24-at-12.09.35-197x300.jpeg 197w, https:\/\/pc.sc.gov.br\/\/wp-content\/uploads\/2025\/01\/WhatsApp-Image-2025-01-24-at-12.09.35-768x1173.jpeg 768w, https:\/\/pc.sc.gov.br\/\/wp-content\/uploads\/2025\/01\/WhatsApp-Image-2025-01-24-at-12.09.35-1006x1536.jpeg 1006w, https:\/\/pc.sc.gov.br\/\/wp-content\/uploads\/2025\/01\/WhatsApp-Image-2025-01-24-at-12.09.35.jpeg 1048w\" sizes=\"(max-width: 671px) 100vw, 671px\" \/>\t\t\t\t\t\t\t\t\t\t\t\t\t\t\t<\/div>\n\t\t\t\t<\/div>\n\t\t\t\t\t<\/div>\n\t\t<\/div>\n\t\t\t\t\t<\/div>\n\t\t<\/section>\n\t\t\t\t<\/div>\n\t\t","protected":false},"excerpt":{"rendered":"<p>Pol\u00edcias Civil e Militar deflagram opera\u00e7\u00e3o conjunta contra tr\u00e1fico de drogas na Capital A Pol\u00edcia Civil de Santa Catarina, por meio da Delegacia de Combate \u00e0s Drogas do Departamento de Investiga\u00e7\u00e3o Criminal de Florian\u00f3polis (DECOD\/DIC), realizou uma opera\u00e7\u00e3o conjunta com a Pol\u00edcia Militar nesta sexta-feira (24\/01), no Morro do Hor\u00e1cio, na Capital. A a\u00e7\u00e3o teve [&hellip;]<\/p>\n","protected":false},"author":5,"featured_media":26173,"comment_status":"closed","ping_status":"open","sticky":false,"template":"","format":"standard","meta":{"_monsterinsights_skip_tracking":false,"_monsterinsights_sitenote_active":false,"_monsterinsights_sitenote_note":"","_monsterinsights_sitenote_category":0,"footnotes":""},"categories":[1],"tags":[],"class_list":["post-26171","post","type-post","status-publish","format-standard","has-post-thumbnail","hentry","category-sem-categoria"],"_links":{"self":[{"href":"https:\/\/pc.sc.gov.br\/index.php?rest_route=\/wp\/v2\/posts\/26171","targetHints":{"allow":["GET"]}}],"collection":[{"href":"https:\/\/pc.sc.gov.br\/index.php?rest_route=\/wp\/v2\/posts"}],"about":[{"href":"https:\/\/pc.sc.gov.br\/index.php?rest_route=\/wp\/v2\/types\/post"}],"author":[{"embeddable":true,"href":"https:\/\/pc.sc.gov.br\/index.php?rest_route=\/wp\/v2\/users\/5"}],"replies":[{"embeddable":true,"href":"https:\/\/pc.sc.gov.br\/index.php?rest_route=%2Fwp%2Fv2%2Fcomments&post=26171"}],"version-history":[{"count":4,"href":"https:\/\/pc.sc.gov.br\/index.php?rest_route=\/wp\/v2\/posts\/26171\/revisions"}],"predecessor-version":[{"id":26177,"href":"https:\/\/pc.sc.gov.br\/index.php?rest_route=\/wp\/v2\/posts\/26171\/revisions\/26177"}],"wp:featuredmedia":[{"embeddable":true,"href":"https:\/\/pc.sc.gov.br\/index.php?rest_route=\/wp\/v2\/media\/26173"}],"wp:attachment":[{"href":"https:\/\/pc.sc.gov.br\/index.php?rest_route=%2Fwp%2Fv2%2Fmedia&parent=26171"}],"wp:term":[{"taxonomy":"category","embeddable":true,"href":"https:\/\/pc.sc.gov.br\/index.php?rest_route=%2Fwp%2Fv2%2Fcategories&post=26171"},{"taxonomy":"post_tag","embeddable":true,"href":"https:\/\/pc.sc.gov.br\/index.php?rest_route=%2Fwp%2Fv2%2Ftags&post=26171"}],"curies":[{"name":"wp","href":"https:\/\/api.w.org\/{rel}","templated":true}]}}