{"id":26191,"date":"2025-01-24T16:07:18","date_gmt":"2025-01-24T19:07:18","guid":{"rendered":"https:\/\/pc.sc.gov.br\/?p=26191"},"modified":"2025-01-24T17:08:01","modified_gmt":"2025-01-24T20:08:01","slug":"nota-publica-do-conselho-superior-da-policia-civil-de-santa-catarina","status":"publish","type":"post","link":"https:\/\/pc.sc.gov.br\/?p=26191","title":{"rendered":"NOTA P\u00daBLICA DO CONSELHO SUPERIOR DA POL\u00cdCIA CIVIL DE SANTA CATARINA"},"content":{"rendered":"\t\t<div data-elementor-type=\"wp-post\" data-elementor-id=\"26191\" class=\"elementor elementor-26191\" data-elementor-post-type=\"post\">\n\t\t\t\t\t\t<section class=\"elementor-section elementor-top-section elementor-element elementor-element-a79bc83 elementor-section-boxed elementor-section-height-default elementor-section-height-default\" data-id=\"a79bc83\" data-element_type=\"section\">\n\t\t\t\t\t\t<div class=\"elementor-container elementor-column-gap-default\">\n\t\t\t\t\t<div class=\"elementor-column elementor-col-100 elementor-top-column elementor-element elementor-element-6ce992b\" data-id=\"6ce992b\" data-element_type=\"column\">\n\t\t\t<div class=\"elementor-widget-wrap elementor-element-populated\">\n\t\t\t\t\t\t<div class=\"elementor-element elementor-element-572d9b0 elementor-widget elementor-widget-heading\" data-id=\"572d9b0\" data-element_type=\"widget\" data-widget_type=\"heading.default\">\n\t\t\t\t<div class=\"elementor-widget-container\">\n\t\t\t\t\t<h2 class=\"elementor-heading-title elementor-size-default\">NOTA P\u00daBLICA DO CONSELHO SUPERIOR DA POL\u00cdCIA CIVIL DE SANTA CATARINA<\/h2>\t\t\t\t<\/div>\n\t\t\t\t<\/div>\n\t\t\t\t\t<\/div>\n\t\t<\/div>\n\t\t\t\t\t<\/div>\n\t\t<\/section>\n\t\t\t\t<section class=\"elementor-section elementor-top-section elementor-element elementor-element-1cd48f8 elementor-section-boxed elementor-section-height-default elementor-section-height-default\" data-id=\"1cd48f8\" data-element_type=\"section\">\n\t\t\t\t\t\t<div class=\"elementor-container elementor-column-gap-default\">\n\t\t\t\t\t<div class=\"elementor-column elementor-col-100 elementor-top-column elementor-element elementor-element-2502636\" data-id=\"2502636\" data-element_type=\"column\">\n\t\t\t<div class=\"elementor-widget-wrap elementor-element-populated\">\n\t\t\t\t\t\t<div class=\"elementor-element elementor-element-ce01e5e elementor-widget elementor-widget-image\" data-id=\"ce01e5e\" data-element_type=\"widget\" data-widget_type=\"image.default\">\n\t\t\t\t<div class=\"elementor-widget-container\">\n\t\t\t\t\t\t\t\t\t\t\t\t\t\t\t<img fetchpriority=\"high\" decoding=\"async\" width=\"696\" height=\"522\" src=\"https:\/\/pc.sc.gov.br\/\/wp-content\/uploads\/2024\/10\/WhatsApp-Image-2024-08-02-at-16.53.34-1.jpeg\" class=\"attachment-large size-large wp-image-24321\" alt=\"\" srcset=\"https:\/\/pc.sc.gov.br\/\/wp-content\/uploads\/2024\/10\/WhatsApp-Image-2024-08-02-at-16.53.34-1.jpeg 768w, https:\/\/pc.sc.gov.br\/\/wp-content\/uploads\/2024\/10\/WhatsApp-Image-2024-08-02-at-16.53.34-1-300x225.jpeg 300w\" sizes=\"(max-width: 696px) 100vw, 696px\" \/>\t\t\t\t\t\t\t\t\t\t\t\t\t\t\t<\/div>\n\t\t\t\t<\/div>\n\t\t\t\t\t<\/div>\n\t\t<\/div>\n\t\t\t\t\t<\/div>\n\t\t<\/section>\n\t\t\t\t<section class=\"elementor-section elementor-top-section elementor-element elementor-element-99ecb33 elementor-section-boxed elementor-section-height-default elementor-section-height-default\" data-id=\"99ecb33\" data-element_type=\"section\">\n\t\t\t\t\t\t<div class=\"elementor-container elementor-column-gap-default\">\n\t\t\t\t\t<div class=\"elementor-column elementor-col-100 elementor-top-column elementor-element elementor-element-f61db96\" data-id=\"f61db96\" data-element_type=\"column\">\n\t\t\t<div class=\"elementor-widget-wrap elementor-element-populated\">\n\t\t\t\t\t\t<div class=\"elementor-element elementor-element-4e8eae2 elementor-widget elementor-widget-text-editor\" data-id=\"4e8eae2\" data-element_type=\"widget\" data-widget_type=\"text-editor.default\">\n\t\t\t\t<div class=\"elementor-widget-container\">\n\t\t\t\t\t\t\t\t\t<p><span style=\"font-family: var( --e-global-typography-text-font-family ), Sans-serif; font-size: var( --e-global-typography-text-font-size );\">O Conselho Superior da Pol\u00edcia Civil de Santa Catarina, composto pelos atuais&nbsp; Diretores, pelos ex-Delegados Gerais, pelos representantes de Classes e, ainda, por membros eleitos, vem a p\u00fablico externar seu apoio ao Delegado-Geral e rep\u00fadio \u00e0s ila\u00e7\u00f5es infundadas de interfer\u00eancia ou direcionamento de investiga\u00e7\u00f5es envolvendo as Delegacias Especializadas da Institui\u00e7\u00e3o.&nbsp;<\/span><\/p>\n<p>Contra fatos n\u00e3o h\u00e1 argumentos e os dados estat\u00edsticos dos dois \u00faltimos anos mostram o sens\u00edvel incremento dos resultados que a Pol\u00edcia Civil tem entregado aos catarinenses, liderada pelo Chefe da Institui\u00e7\u00e3o.&nbsp;<\/p>\n<p>N\u00e3o h\u00e1 nenhuma base emp\u00edrica para as afirma\u00e7\u00f5es caluniosas que v\u00eam sendo feitas, mormente por indiv\u00edduos investigados ou sob investiga\u00e7\u00e3o.&nbsp;<\/p>\n<p>Como \u00f3rg\u00e3o de Estado, fiscalizado tamb\u00e9m pelo Minist\u00e9rio P\u00fablico e Poder Judici\u00e1rio, a quem cabe, em \u00faltima an\u00e1lise, processar e julgar aqueles eventualmente indiciados, a Pol\u00edcia Civil reafirma seu compromisso com a legalidade e a justi\u00e7a.&nbsp;<\/p>\n<p>Promovendo seguran\u00e7a p\u00fablica efetiva, com \u00edndices de resolutividade dentre os melhores do mundo, a Pol\u00edcia Civil de Santa Catarina destaca-se nacionalmente, tamb\u00e9m e principalmente, no combate \u00e0 corrup\u00e7\u00e3o e \u00e0queles que, n\u00e3o raras vezes, buscam atacar a Lei e a Constitui\u00e7\u00e3o, visando os interesses privados em detrimento dos bens p\u00fablicos.&nbsp;<\/p>\n<p>Nosso compromisso \u00e9 com a sociedade catarinense, com a verdade e com a aplica\u00e7\u00e3o da persecu\u00e7\u00e3o penal, sem qualquer distin\u00e7\u00e3o de base pol\u00edtica.&nbsp;<\/p>\n<p>Os Princ\u00edpios da Legalidade e da Equidade permanecer\u00e3o como norte institucional hoje e sempre.&nbsp;<\/p>\n<p><b>CONSELHO SUPERIOR DA POL\u00cdCIA CIVIL DE SANTA CATARINA<\/b><\/p>\n<p><a href=\"https:\/\/pc.sc.gov.br\/wp-content\/uploads\/2025\/01\/Nota-Publica-CSPC-1.pdf\" target=\"_blank\"><b>O documento oficial est\u00e1 dispon\u00edvel aqui.<\/b><\/a><\/p>\t\t\t\t\t\t\t\t<\/div>\n\t\t\t\t<\/div>\n\t\t\t\t\t<\/div>\n\t\t<\/div>\n\t\t\t\t\t<\/div>\n\t\t<\/section>\n\t\t\t\t<\/div>\n\t\t","protected":false},"excerpt":{"rendered":"<p>NOTA P\u00daBLICA DO CONSELHO SUPERIOR DA POL\u00cdCIA CIVIL DE SANTA CATARINA O Conselho Superior da Pol\u00edcia Civil de Santa Catarina, composto pelos atuais&nbsp; Diretores, pelos ex-Delegados Gerais, pelos representantes de Classes e, ainda, por membros eleitos, vem a p\u00fablico externar seu apoio ao Delegado-Geral e rep\u00fadio \u00e0s ila\u00e7\u00f5es infundadas de interfer\u00eancia ou direcionamento de investiga\u00e7\u00f5es [&hellip;]<\/p>\n","protected":false},"author":5,"featured_media":25011,"comment_status":"closed","ping_status":"open","sticky":false,"template":"","format":"standard","meta":{"_monsterinsights_skip_tracking":false,"_monsterinsights_sitenote_active":false,"_monsterinsights_sitenote_note":"","_monsterinsights_sitenote_category":0,"footnotes":""},"categories":[1],"tags":[],"class_list":["post-26191","post","type-post","status-publish","format-standard","has-post-thumbnail","hentry","category-sem-categoria"],"_links":{"self":[{"href":"https:\/\/pc.sc.gov.br\/index.php?rest_route=\/wp\/v2\/posts\/26191","targetHints":{"allow":["GET"]}}],"collection":[{"href":"https:\/\/pc.sc.gov.br\/index.php?rest_route=\/wp\/v2\/posts"}],"about":[{"href":"https:\/\/pc.sc.gov.br\/index.php?rest_route=\/wp\/v2\/types\/post"}],"author":[{"embeddable":true,"href":"https:\/\/pc.sc.gov.br\/index.php?rest_route=\/wp\/v2\/users\/5"}],"replies":[{"embeddable":true,"href":"https:\/\/pc.sc.gov.br\/index.php?rest_route=%2Fwp%2Fv2%2Fcomments&post=26191"}],"version-history":[{"count":10,"href":"https:\/\/pc.sc.gov.br\/index.php?rest_route=\/wp\/v2\/posts\/26191\/revisions"}],"predecessor-version":[{"id":26202,"href":"https:\/\/pc.sc.gov.br\/index.php?rest_route=\/wp\/v2\/posts\/26191\/revisions\/26202"}],"wp:featuredmedia":[{"embeddable":true,"href":"https:\/\/pc.sc.gov.br\/index.php?rest_route=\/wp\/v2\/media\/25011"}],"wp:attachment":[{"href":"https:\/\/pc.sc.gov.br\/index.php?rest_route=%2Fwp%2Fv2%2Fmedia&parent=26191"}],"wp:term":[{"taxonomy":"category","embeddable":true,"href":"https:\/\/pc.sc.gov.br\/index.php?rest_route=%2Fwp%2Fv2%2Fcategories&post=26191"},{"taxonomy":"post_tag","embeddable":true,"href":"https:\/\/pc.sc.gov.br\/index.php?rest_route=%2Fwp%2Fv2%2Ftags&post=26191"}],"curies":[{"name":"wp","href":"https:\/\/api.w.org\/{rel}","templated":true}]}}