{"id":26203,"date":"2025-01-24T18:37:05","date_gmt":"2025-01-24T21:37:05","guid":{"rendered":"https:\/\/pc.sc.gov.br\/?p=26203"},"modified":"2025-01-24T18:38:46","modified_gmt":"2025-01-24T21:38:46","slug":"nota-publica-da-associacao-dos-escrivaes-de-policia-de-santa-catarina","status":"publish","type":"post","link":"https:\/\/pc.sc.gov.br\/?p=26203","title":{"rendered":"NOTA P\u00daBLICA DA ASSOCIA\u00c7\u00c3O DOS ESCRIV\u00c3ES DE POL\u00cdCIA DE SANTA CATARINA"},"content":{"rendered":"\t\t<div data-elementor-type=\"wp-post\" data-elementor-id=\"26203\" class=\"elementor elementor-26203\" data-elementor-post-type=\"post\">\n\t\t\t\t\t\t<section class=\"elementor-section elementor-top-section elementor-element elementor-element-ef2dbe2 elementor-section-boxed elementor-section-height-default elementor-section-height-default\" data-id=\"ef2dbe2\" data-element_type=\"section\">\n\t\t\t\t\t\t<div class=\"elementor-container elementor-column-gap-default\">\n\t\t\t\t\t<div class=\"elementor-column elementor-col-100 elementor-top-column elementor-element elementor-element-ec7aeb0\" data-id=\"ec7aeb0\" data-element_type=\"column\">\n\t\t\t<div class=\"elementor-widget-wrap elementor-element-populated\">\n\t\t\t\t\t\t<div class=\"elementor-element elementor-element-d525eb4 elementor-widget elementor-widget-heading\" data-id=\"d525eb4\" data-element_type=\"widget\" data-widget_type=\"heading.default\">\n\t\t\t\t<div class=\"elementor-widget-container\">\n\t\t\t\t\t<h2 class=\"elementor-heading-title elementor-size-default\">NOTA P\u00daBLICA DA ASSOCIA\u00c7\u00c3O DOS ESCRIV\u00c3ES DE POL\u00cdCIA DE SANTA CATARINA<\/h2>\t\t\t\t<\/div>\n\t\t\t\t<\/div>\n\t\t\t\t\t<\/div>\n\t\t<\/div>\n\t\t\t\t\t<\/div>\n\t\t<\/section>\n\t\t\t\t<section class=\"elementor-section elementor-top-section elementor-element elementor-element-7869c2b elementor-section-boxed elementor-section-height-default elementor-section-height-default\" data-id=\"7869c2b\" data-element_type=\"section\">\n\t\t\t\t\t\t<div class=\"elementor-container elementor-column-gap-default\">\n\t\t\t\t\t<div class=\"elementor-column elementor-col-100 elementor-top-column elementor-element elementor-element-38764f6\" data-id=\"38764f6\" data-element_type=\"column\">\n\t\t\t<div class=\"elementor-widget-wrap elementor-element-populated\">\n\t\t\t\t\t\t<div class=\"elementor-element elementor-element-23315cf elementor-widget elementor-widget-image\" data-id=\"23315cf\" data-element_type=\"widget\" data-widget_type=\"image.default\">\n\t\t\t\t<div class=\"elementor-widget-container\">\n\t\t\t\t\t\t\t\t\t\t\t\t\t\t\t<img fetchpriority=\"high\" decoding=\"async\" width=\"696\" height=\"522\" src=\"https:\/\/pc.sc.gov.br\/\/wp-content\/uploads\/2024\/12\/WhatsApp-Image-2024-08-02-at-16.53.34.jpeg\" class=\"attachment-large size-large wp-image-25011\" alt=\"\" srcset=\"https:\/\/pc.sc.gov.br\/\/wp-content\/uploads\/2024\/12\/WhatsApp-Image-2024-08-02-at-16.53.34.jpeg 768w, https:\/\/pc.sc.gov.br\/\/wp-content\/uploads\/2024\/12\/WhatsApp-Image-2024-08-02-at-16.53.34-300x225.jpeg 300w\" sizes=\"(max-width: 696px) 100vw, 696px\" \/>\t\t\t\t\t\t\t\t\t\t\t\t\t\t\t<\/div>\n\t\t\t\t<\/div>\n\t\t\t\t\t<\/div>\n\t\t<\/div>\n\t\t\t\t\t<\/div>\n\t\t<\/section>\n\t\t\t\t<section class=\"elementor-section elementor-top-section elementor-element elementor-element-564c8b6 elementor-section-boxed elementor-section-height-default elementor-section-height-default\" data-id=\"564c8b6\" data-element_type=\"section\">\n\t\t\t\t\t\t<div class=\"elementor-container elementor-column-gap-default\">\n\t\t\t\t\t<div class=\"elementor-column elementor-col-100 elementor-top-column elementor-element elementor-element-bae5309\" data-id=\"bae5309\" data-element_type=\"column\">\n\t\t\t<div class=\"elementor-widget-wrap elementor-element-populated\">\n\t\t\t\t\t\t<div class=\"elementor-element elementor-element-1917772 elementor-widget elementor-widget-text-editor\" data-id=\"1917772\" data-element_type=\"widget\" data-widget_type=\"text-editor.default\">\n\t\t\t\t<div class=\"elementor-widget-container\">\n\t\t\t\t\t\t\t\t\t<p>A Associa\u00e7\u00e3o dos Escriv\u00e3es de Pol\u00edcia de Santa Catarina \u2013 AEPOL\/SC &#8211; acredita nos Policiais Civis que trabalham arduamente para proteger a sociedade. Esses profissionais s\u00e3o embutidos de princ\u00edpios inquestion\u00e1veis como honra, transpar\u00eancia, resili\u00eancia e, acima de tudo, lealdade tanto para com seus pares, quanto para com a sociedade catarinense.<\/p>\n<p>O Policial Civil de Santa Catarina possui \u00e9tica na forma de proceder, responsabilidade com os reflexos que seus atos geram e dedica\u00e7\u00e3o m\u00e1xima na prote\u00e7\u00e3o de todos os cidad\u00e3os catarinenses, independentemente da sua classe social, ou vi\u00e9s pol\u00edtico, sendo incans\u00e1vel na busca da verdade e da defesa do bem maior \u2013 justi\u00e7a.<\/p>\n<p>Portanto, legalidade, imparcialidade e efici\u00eancia s\u00e3o pilares robustos dos Policiais Civis Catarinenses, valores os quais s\u00e3o respeitados no combate ao crime, o que, por vez, desagrada \u00e0queles que infringem a lei.<\/p>\n<p>A AEPOL\/SC apoia os Delegados de Pol\u00edcia Civil e demais integrantes da institui\u00e7\u00e3o na sua miss\u00e3o institucional de combater o crime e defender a sociedade catarinense.<\/p>\n<p>Associa\u00e7\u00e3o dos Escriv\u00e3es de Pol\u00edcia de Santa Catarina \u2013 AEPOL\/SC<span style=\"color: var( --e-global-color-text ); font-family: var( --e-global-typography-primary-font-family ), Sans-serif; font-size: var( --e-global-typography-primary-font-size ); font-weight: var( --e-global-typography-primary-font-weight ); letter-spacing: var( --e-global-typography-primary-letter-spacing );\">&nbsp;<\/span><\/p>\t\t\t\t\t\t\t\t<\/div>\n\t\t\t\t<\/div>\n\t\t\t\t\t<\/div>\n\t\t<\/div>\n\t\t\t\t\t<\/div>\n\t\t<\/section>\n\t\t\t\t<\/div>\n\t\t","protected":false},"excerpt":{"rendered":"<p>NOTA P\u00daBLICA DA ASSOCIA\u00c7\u00c3O DOS ESCRIV\u00c3ES DE POL\u00cdCIA DE SANTA CATARINA A Associa\u00e7\u00e3o dos Escriv\u00e3es de Pol\u00edcia de Santa Catarina \u2013 AEPOL\/SC &#8211; acredita nos Policiais Civis que trabalham arduamente para proteger a sociedade. Esses profissionais s\u00e3o embutidos de princ\u00edpios inquestion\u00e1veis como honra, transpar\u00eancia, resili\u00eancia e, acima de tudo, lealdade tanto para com seus pares, [&hellip;]<\/p>\n","protected":false},"author":5,"featured_media":25011,"comment_status":"closed","ping_status":"open","sticky":false,"template":"","format":"standard","meta":{"_monsterinsights_skip_tracking":false,"_monsterinsights_sitenote_active":false,"_monsterinsights_sitenote_note":"","_monsterinsights_sitenote_category":0,"footnotes":""},"categories":[1],"tags":[],"class_list":["post-26203","post","type-post","status-publish","format-standard","has-post-thumbnail","hentry","category-sem-categoria"],"_links":{"self":[{"href":"https:\/\/pc.sc.gov.br\/index.php?rest_route=\/wp\/v2\/posts\/26203","targetHints":{"allow":["GET"]}}],"collection":[{"href":"https:\/\/pc.sc.gov.br\/index.php?rest_route=\/wp\/v2\/posts"}],"about":[{"href":"https:\/\/pc.sc.gov.br\/index.php?rest_route=\/wp\/v2\/types\/post"}],"author":[{"embeddable":true,"href":"https:\/\/pc.sc.gov.br\/index.php?rest_route=\/wp\/v2\/users\/5"}],"replies":[{"embeddable":true,"href":"https:\/\/pc.sc.gov.br\/index.php?rest_route=%2Fwp%2Fv2%2Fcomments&post=26203"}],"version-history":[{"count":4,"href":"https:\/\/pc.sc.gov.br\/index.php?rest_route=\/wp\/v2\/posts\/26203\/revisions"}],"predecessor-version":[{"id":26207,"href":"https:\/\/pc.sc.gov.br\/index.php?rest_route=\/wp\/v2\/posts\/26203\/revisions\/26207"}],"wp:featuredmedia":[{"embeddable":true,"href":"https:\/\/pc.sc.gov.br\/index.php?rest_route=\/wp\/v2\/media\/25011"}],"wp:attachment":[{"href":"https:\/\/pc.sc.gov.br\/index.php?rest_route=%2Fwp%2Fv2%2Fmedia&parent=26203"}],"wp:term":[{"taxonomy":"category","embeddable":true,"href":"https:\/\/pc.sc.gov.br\/index.php?rest_route=%2Fwp%2Fv2%2Fcategories&post=26203"},{"taxonomy":"post_tag","embeddable":true,"href":"https:\/\/pc.sc.gov.br\/index.php?rest_route=%2Fwp%2Fv2%2Ftags&post=26203"}],"curies":[{"name":"wp","href":"https:\/\/api.w.org\/{rel}","templated":true}]}}