{"id":26208,"date":"2025-01-27T21:03:56","date_gmt":"2025-01-28T00:03:56","guid":{"rendered":"https:\/\/pc.sc.gov.br\/?p=26208"},"modified":"2025-01-27T21:05:13","modified_gmt":"2025-01-28T00:05:13","slug":"estacao-verao-pcsc-apresenta-policiais-civis-que-atuarao-na-terceira-etapa-na-drp-de-laguna","status":"publish","type":"post","link":"https:\/\/pc.sc.gov.br\/?p=26208","title":{"rendered":"Esta\u00e7\u00e3o Ver\u00e3o: PCSC apresenta policiais civis que atuar\u00e3o na terceira etapa na DRP de Laguna"},"content":{"rendered":"\t\t<div data-elementor-type=\"wp-post\" data-elementor-id=\"26208\" class=\"elementor elementor-26208\" data-elementor-post-type=\"post\">\n\t\t\t\t\t\t<section class=\"elementor-section elementor-top-section elementor-element elementor-element-69f9fac elementor-section-boxed elementor-section-height-default elementor-section-height-default\" data-id=\"69f9fac\" data-element_type=\"section\">\n\t\t\t\t\t\t<div class=\"elementor-container elementor-column-gap-default\">\n\t\t\t\t\t<div class=\"elementor-column elementor-col-100 elementor-top-column elementor-element elementor-element-26d8c47\" data-id=\"26d8c47\" data-element_type=\"column\">\n\t\t\t<div class=\"elementor-widget-wrap elementor-element-populated\">\n\t\t\t\t\t\t<div class=\"elementor-element elementor-element-11d5c09 elementor-widget elementor-widget-heading\" data-id=\"11d5c09\" data-element_type=\"widget\" data-widget_type=\"heading.default\">\n\t\t\t\t<div class=\"elementor-widget-container\">\n\t\t\t\t\t<h2 class=\"elementor-heading-title elementor-size-default\">Esta\u00e7\u00e3o Ver\u00e3o: PCSC apresenta policiais civis que atuar\u00e3o na terceira etapa na DRP de Laguna<\/h2>\t\t\t\t<\/div>\n\t\t\t\t<\/div>\n\t\t\t\t\t<\/div>\n\t\t<\/div>\n\t\t\t\t\t<\/div>\n\t\t<\/section>\n\t\t\t\t<section class=\"elementor-section elementor-top-section elementor-element elementor-element-5057381 elementor-section-boxed elementor-section-height-default elementor-section-height-default\" data-id=\"5057381\" data-element_type=\"section\">\n\t\t\t\t\t\t<div class=\"elementor-container elementor-column-gap-default\">\n\t\t\t\t\t<div class=\"elementor-column elementor-col-100 elementor-top-column elementor-element elementor-element-8ba6fed\" data-id=\"8ba6fed\" data-element_type=\"column\">\n\t\t\t<div class=\"elementor-widget-wrap elementor-element-populated\">\n\t\t\t\t\t\t<div class=\"elementor-element elementor-element-3462fa3 elementor-widget elementor-widget-image\" data-id=\"3462fa3\" data-element_type=\"widget\" data-widget_type=\"image.default\">\n\t\t\t\t<div class=\"elementor-widget-container\">\n\t\t\t\t\t\t\t\t\t\t\t\t\t\t\t<img fetchpriority=\"high\" decoding=\"async\" width=\"696\" height=\"522\" src=\"https:\/\/pc.sc.gov.br\/\/wp-content\/uploads\/2025\/01\/WhatsApp-Image-2025-01-27-at-20.55.39-1024x768.jpeg\" class=\"attachment-large size-large wp-image-26211\" alt=\"\" srcset=\"https:\/\/pc.sc.gov.br\/\/wp-content\/uploads\/2025\/01\/WhatsApp-Image-2025-01-27-at-20.55.39-1024x768.jpeg 1024w, https:\/\/pc.sc.gov.br\/\/wp-content\/uploads\/2025\/01\/WhatsApp-Image-2025-01-27-at-20.55.39-300x225.jpeg 300w, https:\/\/pc.sc.gov.br\/\/wp-content\/uploads\/2025\/01\/WhatsApp-Image-2025-01-27-at-20.55.39-768x576.jpeg 768w, https:\/\/pc.sc.gov.br\/\/wp-content\/uploads\/2025\/01\/WhatsApp-Image-2025-01-27-at-20.55.39-1536x1152.jpeg 1536w, https:\/\/pc.sc.gov.br\/\/wp-content\/uploads\/2025\/01\/WhatsApp-Image-2025-01-27-at-20.55.39.jpeg 1600w\" sizes=\"(max-width: 696px) 100vw, 696px\" \/>\t\t\t\t\t\t\t\t\t\t\t\t\t\t\t<\/div>\n\t\t\t\t<\/div>\n\t\t\t\t\t<\/div>\n\t\t<\/div>\n\t\t\t\t\t<\/div>\n\t\t<\/section>\n\t\t\t\t<section class=\"elementor-section elementor-top-section elementor-element elementor-element-40a6ab7 elementor-section-boxed elementor-section-height-default elementor-section-height-default\" data-id=\"40a6ab7\" data-element_type=\"section\">\n\t\t\t\t\t\t<div class=\"elementor-container elementor-column-gap-default\">\n\t\t\t\t\t<div class=\"elementor-column elementor-col-100 elementor-top-column elementor-element elementor-element-022e5f3\" data-id=\"022e5f3\" data-element_type=\"column\">\n\t\t\t<div class=\"elementor-widget-wrap elementor-element-populated\">\n\t\t\t\t\t\t<div class=\"elementor-element elementor-element-ab2eb14 elementor-widget elementor-widget-text-editor\" data-id=\"ab2eb14\" data-element_type=\"widget\" data-widget_type=\"text-editor.default\">\n\t\t\t\t<div class=\"elementor-widget-container\">\n\t\t\t\t\t\t\t\t\t<p>A Pol\u00edcia Civil de Santa Catarina apresentou nesta segunda-feira, 27, em Laguna, os 22 policiais civis que atuar\u00e3o na terceira fase da opera\u00e7\u00e3o Esta\u00e7\u00e3o Ver\u00e3o, nos munic\u00edpios integrantes da Delegacia Regional de Pol\u00edcia de Laguna: Paulo Lopes, Imbituba e Garopaba. Dos 22 PCs, quatro atuar\u00e3o especificamente em Laguna para atender as demandas, neste per\u00edodo de alta temporada. Ao todo, a Pol\u00edcia Civil de Santa Catarina mobilizou 1,6 mil policiais para atuar ao longo da Esta\u00e7\u00e3o Ver\u00e3o, que termina dia 04 de mar\u00e7o. <br \/>O ato contou com a presen\u00e7a do delegado-geral da PCSC, Ulisses Gabriel; do prefeito de Laguna, Peterson Crippa da Silva; do Diretor de Pol\u00edcia do Litoral, delegado F\u00e1bio Os\u00f3rio; da Delegada Regional de Laguna, Vivian Garcia Selig; do Diretor do N\u00facleo da Pol\u00edcia Cient\u00edfica, Jo\u00e3o G. Aguiar entre outras autoridades. As equipes da CORE e do SAER tamb\u00e9m prestigiaram a solenidade.<\/p><p>Coordenada pelo Governo do Estado a Esta\u00e7\u00e3o Ver\u00e3o envolvendo diversas a\u00e7\u00f5es para a prote\u00e7\u00e3o dos visitantes, em todas as areas do Governo do Estaso. No \u00e2mbito da PCSC, a opera\u00e7\u00e3o Esta\u00e7\u00e3o Ver\u00e3o divide-se em quatro per\u00edodos. Os policiais apresentados na solenidade desta segunda-feira atuar\u00e3o no terceiro per\u00edodo da opera\u00e7\u00e3o, substituindo as os policiais que integraram o primeiro e o segundo per\u00edodo. A opera\u00e7\u00e3o come\u00e7ou dia 20 de dezembro e termina dia 04 de mar\u00e7o.<\/p><p>De acordo com o delegado-geral da PCSC, Ulisses Gabriel, a institui\u00e7\u00e3o est\u00e1 mobilizada para manter Santa Catarina como o estado mais seguro do Brasil. \u201cA Pol\u00edcia Civil trabalha para manter Santa Catarina como o estado mais seguro do Brasil. A PCSC est\u00e1 recebendo importantes investimentos do governador Jorginho e com isso estamos melhorando a infraestrutura das nossas delegacias, nossa frota de viaturas e o parque tecnol\u00f3gico, al\u00e9m da valoriza\u00e7\u00e3o dos nossos policiais\u201d, disse Ulisses Gabriel.<\/p><p>O prefeito de Laguna, Peterson Crippa, destacou que a PCSC desenvolve um trabalho de excel\u00eancia e, integrada com as demais for\u00e7as de seguran\u00e7a, desenvolve a\u00e7\u00f5es para garantir a tranquilidade de veranistas e moradores.<br \/>Titular da DRP de Laguna, a Delegada Vivian Garcia Selig deu as boas-vindas \u00e0s equipes que est\u00e3o chegando para cumprir a terceira etapa. \u201cCom dedica\u00e7\u00e3o e estrat\u00e9gia seguimos comprometidos em garantir o bem-estar de todos, intensificando nossas opera\u00e7\u00f5es e presen\u00e7a nas \u00e1reas mais movimentadas\u201d. assinalou a delegada Vivian Garcia Selig.<br \/><br \/>A participa\u00e7\u00e3o da PCSC na opera\u00e7\u00e3o \u201cEsta\u00e7\u00e3o Ver\u00e3o\u201d tem como objetivo promover diversas a\u00e7\u00f5es no \u00e2mbito da seguran\u00e7a p\u00fablica, objetivando uma resposta r\u00e1pida e efetiva para o cidad\u00e3o v\u00edtima de algum tipo de crime, refor\u00e7ando a seguran\u00e7a de todos nas praias catarinenses. Importante destacar que os policiais civis, al\u00e9m dos registros de ocorr\u00eancia, tamb\u00e9m refor\u00e7am as equipes de investiga\u00e7\u00e3o, entre outras a\u00e7\u00f5es espec\u00edficas, com o fim de levar uma pronta resposta \u00e0 sociedade catarinense e aos turistas.<\/p><p>A PCSC tamb\u00e9m desenvolve a\u00e7\u00f5es preventivas de seguran\u00e7a como, por exemplo, o Ver\u00e3o Seguro. Trata-se da distribui\u00e7\u00e3o de pulseirinhas de identifica\u00e7\u00e3o para crian\u00e7as e pessoas com defici\u00eancia, a fim de facilitar a localiza\u00e7\u00e3o dos respons\u00e1veis, caso a crian\u00e7a se perca dos pais em locais movimentados. As pulseirinhas est\u00e3o sendo entregues Os policiais civis tamb\u00e9m orientam os pais com dicas de seguran\u00e7a em todo litoral, praias, pra\u00e7as, shopping centers e locais p\u00fablicos durante a esta\u00e7\u00e3o ver\u00e3o 2024-2025.<\/p><p>Os policiais tamb\u00e9m utilizam quadriciclos para facilitar a mobilidade em toda a extens\u00e3o da faixa de areia, entrega de distintivos de policiais mirins para as crian\u00e7as, com o objetivo de aproximar a comunidade da institui\u00e7\u00e3o policial.<\/p>\t\t\t\t\t\t\t\t<\/div>\n\t\t\t\t<\/div>\n\t\t\t\t\t<\/div>\n\t\t<\/div>\n\t\t\t\t\t<\/div>\n\t\t<\/section>\n\t\t\t\t<section class=\"elementor-section elementor-top-section elementor-element elementor-element-7ec855d elementor-section-boxed elementor-section-height-default elementor-section-height-default\" data-id=\"7ec855d\" data-element_type=\"section\">\n\t\t\t\t\t\t<div class=\"elementor-container elementor-column-gap-default\">\n\t\t\t\t\t<div class=\"elementor-column elementor-col-100 elementor-top-column elementor-element elementor-element-03c8c4f\" data-id=\"03c8c4f\" data-element_type=\"column\">\n\t\t\t<div class=\"elementor-widget-wrap elementor-element-populated\">\n\t\t\t\t\t\t<div class=\"elementor-element elementor-element-f204560 elementor-widget elementor-widget-image\" data-id=\"f204560\" data-element_type=\"widget\" data-widget_type=\"image.default\">\n\t\t\t\t<div class=\"elementor-widget-container\">\n\t\t\t\t\t\t\t\t\t\t\t\t\t\t\t<img decoding=\"async\" width=\"696\" height=\"522\" src=\"https:\/\/pc.sc.gov.br\/\/wp-content\/uploads\/2025\/01\/WhatsApp-Image-2025-01-27-at-20.55.39-2-1024x768.jpeg\" class=\"attachment-large size-large wp-image-26209\" alt=\"\" srcset=\"https:\/\/pc.sc.gov.br\/\/wp-content\/uploads\/2025\/01\/WhatsApp-Image-2025-01-27-at-20.55.39-2-1024x768.jpeg 1024w, https:\/\/pc.sc.gov.br\/\/wp-content\/uploads\/2025\/01\/WhatsApp-Image-2025-01-27-at-20.55.39-2-300x225.jpeg 300w, https:\/\/pc.sc.gov.br\/\/wp-content\/uploads\/2025\/01\/WhatsApp-Image-2025-01-27-at-20.55.39-2-768x576.jpeg 768w, https:\/\/pc.sc.gov.br\/\/wp-content\/uploads\/2025\/01\/WhatsApp-Image-2025-01-27-at-20.55.39-2-1536x1152.jpeg 1536w, https:\/\/pc.sc.gov.br\/\/wp-content\/uploads\/2025\/01\/WhatsApp-Image-2025-01-27-at-20.55.39-2.jpeg 1600w\" sizes=\"(max-width: 696px) 100vw, 696px\" \/>\t\t\t\t\t\t\t\t\t\t\t\t\t\t\t<\/div>\n\t\t\t\t<\/div>\n\t\t\t\t\t<\/div>\n\t\t<\/div>\n\t\t\t\t\t<\/div>\n\t\t<\/section>\n\t\t\t\t<\/div>\n\t\t","protected":false},"excerpt":{"rendered":"<p>Esta\u00e7\u00e3o Ver\u00e3o: PCSC apresenta policiais civis que atuar\u00e3o na terceira etapa na DRP de Laguna A Pol\u00edcia Civil de Santa Catarina apresentou nesta segunda-feira, 27, em Laguna, os 22 policiais civis que atuar\u00e3o na terceira fase da opera\u00e7\u00e3o Esta\u00e7\u00e3o Ver\u00e3o, nos munic\u00edpios integrantes da Delegacia Regional de Pol\u00edcia de Laguna: Paulo Lopes, Imbituba e Garopaba. [&hellip;]<\/p>\n","protected":false},"author":5,"featured_media":26210,"comment_status":"closed","ping_status":"open","sticky":false,"template":"","format":"standard","meta":{"_monsterinsights_skip_tracking":false,"_monsterinsights_sitenote_active":false,"_monsterinsights_sitenote_note":"","_monsterinsights_sitenote_category":0,"footnotes":""},"categories":[1],"tags":[],"class_list":["post-26208","post","type-post","status-publish","format-standard","has-post-thumbnail","hentry","category-sem-categoria"],"_links":{"self":[{"href":"https:\/\/pc.sc.gov.br\/index.php?rest_route=\/wp\/v2\/posts\/26208","targetHints":{"allow":["GET"]}}],"collection":[{"href":"https:\/\/pc.sc.gov.br\/index.php?rest_route=\/wp\/v2\/posts"}],"about":[{"href":"https:\/\/pc.sc.gov.br\/index.php?rest_route=\/wp\/v2\/types\/post"}],"author":[{"embeddable":true,"href":"https:\/\/pc.sc.gov.br\/index.php?rest_route=\/wp\/v2\/users\/5"}],"replies":[{"embeddable":true,"href":"https:\/\/pc.sc.gov.br\/index.php?rest_route=%2Fwp%2Fv2%2Fcomments&post=26208"}],"version-history":[{"count":4,"href":"https:\/\/pc.sc.gov.br\/index.php?rest_route=\/wp\/v2\/posts\/26208\/revisions"}],"predecessor-version":[{"id":26215,"href":"https:\/\/pc.sc.gov.br\/index.php?rest_route=\/wp\/v2\/posts\/26208\/revisions\/26215"}],"wp:featuredmedia":[{"embeddable":true,"href":"https:\/\/pc.sc.gov.br\/index.php?rest_route=\/wp\/v2\/media\/26210"}],"wp:attachment":[{"href":"https:\/\/pc.sc.gov.br\/index.php?rest_route=%2Fwp%2Fv2%2Fmedia&parent=26208"}],"wp:term":[{"taxonomy":"category","embeddable":true,"href":"https:\/\/pc.sc.gov.br\/index.php?rest_route=%2Fwp%2Fv2%2Fcategories&post=26208"},{"taxonomy":"post_tag","embeddable":true,"href":"https:\/\/pc.sc.gov.br\/index.php?rest_route=%2Fwp%2Fv2%2Ftags&post=26208"}],"curies":[{"name":"wp","href":"https:\/\/api.w.org\/{rel}","templated":true}]}}