{"id":26229,"date":"2025-01-28T14:56:44","date_gmt":"2025-01-28T17:56:44","guid":{"rendered":"https:\/\/pc.sc.gov.br\/?p=26229"},"modified":"2025-01-28T15:21:45","modified_gmt":"2025-01-28T18:21:45","slug":"policia-civil-deflagra-operacao-atreides-e-prende-homem-por-trafico-de-drogas-em-biguacu","status":"publish","type":"post","link":"https:\/\/pc.sc.gov.br\/?p=26229","title":{"rendered":"Pol\u00edcia Civil deflagra opera\u00e7\u00e3o \u201cAtreides\u201d e prende homem conhecido por ser um dos l\u00edderes do tr\u00e1fico de drogas em Bigua\u00e7u"},"content":{"rendered":"\t\t<div data-elementor-type=\"wp-post\" data-elementor-id=\"26229\" class=\"elementor elementor-26229\" data-elementor-post-type=\"post\">\n\t\t\t\t\t\t<section class=\"elementor-section elementor-top-section elementor-element elementor-element-4ce4ec8 elementor-section-boxed elementor-section-height-default elementor-section-height-default\" data-id=\"4ce4ec8\" data-element_type=\"section\">\n\t\t\t\t\t\t<div class=\"elementor-container elementor-column-gap-default\">\n\t\t\t\t\t<div class=\"elementor-column elementor-col-100 elementor-top-column elementor-element elementor-element-9086bde\" data-id=\"9086bde\" data-element_type=\"column\">\n\t\t\t<div class=\"elementor-widget-wrap elementor-element-populated\">\n\t\t\t\t\t\t<div class=\"elementor-element elementor-element-5a39347 elementor-widget elementor-widget-heading\" data-id=\"5a39347\" data-element_type=\"widget\" data-widget_type=\"heading.default\">\n\t\t\t\t<div class=\"elementor-widget-container\">\n\t\t\t\t\t<h2 class=\"elementor-heading-title elementor-size-default\">Pol\u00edcia Civil deflagra opera\u00e7\u00e3o \u201cAtreides\u201d e prende homem conhecido por ser um dos l\u00edderes do tr\u00e1fico de drogas em Bigua\u00e7u <\/h2>\t\t\t\t<\/div>\n\t\t\t\t<\/div>\n\t\t\t\t\t<\/div>\n\t\t<\/div>\n\t\t\t\t\t<\/div>\n\t\t<\/section>\n\t\t\t\t<section class=\"elementor-section elementor-top-section elementor-element elementor-element-1ad8c42 elementor-section-boxed elementor-section-height-default elementor-section-height-default\" data-id=\"1ad8c42\" data-element_type=\"section\">\n\t\t\t\t\t\t<div class=\"elementor-container elementor-column-gap-default\">\n\t\t\t\t\t<div class=\"elementor-column elementor-col-100 elementor-top-column elementor-element elementor-element-d7dd853\" data-id=\"d7dd853\" data-element_type=\"column\">\n\t\t\t<div class=\"elementor-widget-wrap elementor-element-populated\">\n\t\t\t\t\t\t<div class=\"elementor-element elementor-element-4b4d8fd elementor-widget elementor-widget-image\" data-id=\"4b4d8fd\" data-element_type=\"widget\" data-widget_type=\"image.default\">\n\t\t\t\t<div class=\"elementor-widget-container\">\n\t\t\t\t\t\t\t\t\t\t\t\t\t\t\t<img fetchpriority=\"high\" decoding=\"async\" width=\"696\" height=\"928\" src=\"https:\/\/pc.sc.gov.br\/\/wp-content\/uploads\/2025\/01\/WhatsApp-Image-2025-01-28-at-15.17.57-768x1024.jpeg\" class=\"attachment-large size-large wp-image-26240\" alt=\"\" srcset=\"https:\/\/pc.sc.gov.br\/\/wp-content\/uploads\/2025\/01\/WhatsApp-Image-2025-01-28-at-15.17.57-768x1024.jpeg 768w, https:\/\/pc.sc.gov.br\/\/wp-content\/uploads\/2025\/01\/WhatsApp-Image-2025-01-28-at-15.17.57-225x300.jpeg 225w, https:\/\/pc.sc.gov.br\/\/wp-content\/uploads\/2025\/01\/WhatsApp-Image-2025-01-28-at-15.17.57.jpeg 960w\" sizes=\"(max-width: 696px) 100vw, 696px\" \/>\t\t\t\t\t\t\t\t\t\t\t\t\t\t\t<\/div>\n\t\t\t\t<\/div>\n\t\t\t\t\t<\/div>\n\t\t<\/div>\n\t\t\t\t\t<\/div>\n\t\t<\/section>\n\t\t\t\t<section class=\"elementor-section elementor-top-section elementor-element elementor-element-206efd1 elementor-section-boxed elementor-section-height-default elementor-section-height-default\" data-id=\"206efd1\" data-element_type=\"section\">\n\t\t\t\t\t\t<div class=\"elementor-container elementor-column-gap-default\">\n\t\t\t\t\t<div class=\"elementor-column elementor-col-100 elementor-top-column elementor-element elementor-element-8ad2328\" data-id=\"8ad2328\" data-element_type=\"column\">\n\t\t\t<div class=\"elementor-widget-wrap elementor-element-populated\">\n\t\t\t\t\t\t<div class=\"elementor-element elementor-element-c17687a elementor-widget elementor-widget-text-editor\" data-id=\"c17687a\" data-element_type=\"widget\" data-widget_type=\"text-editor.default\">\n\t\t\t\t<div class=\"elementor-widget-container\">\n\t\t\t\t\t\t\t\t\t<p>Na segunda-feira (27\/01), a Pol\u00edcia Civil de Santa Catarina, por meio da Delegacia de Policia Civil da Comarca de Bigua\u00e7u, deflagrou opera\u00e7\u00e3o \u201cAtreides\u201d, em investiga\u00e7\u00e3o a um crime de homic\u00eddio\u00a0qualificado, praticado por meio de tortura e motivo f\u00fatil,\u00a0na modalidade tentada.<\/p><p>No dia 14 de janeiro deste ano,\u00a0a v\u00edtima teria sido raptada\u00a0em Bigua\u00e7u\u00a0e torturada. Ela foi levada para o topo de um morro por tr\u00eas indiv\u00edduos, que teriam agredido a v\u00edtima por diversas vezes, sob amea\u00e7as de morte. Por\u00e9m, a v\u00edtima conseguiu fugir pelo mato, sendo posteriormente atendida pelo SAMU\u00a0e policiais militares, que a encontraram desfalecida na rua.<\/p><p>Conforme se apurou at\u00e9 o momento, o crime teria sido motivado por desacordo comercial em rela\u00e7\u00e3o a um servi\u00e7o que estaria sendo realizado para um dos suspeitos do crime. Foram cumpridos quatro mandados de busca e apreens\u00e3o nas cidades de Bigua\u00e7u e S\u00e3o Jos\u00e9, sendo apreendidos\u00a0objetos de interesse da investiga\u00e7\u00e3o.<\/p><p>Tamb\u00e9m foi dado cumprimento a mandado de pris\u00e3o tempor\u00e1ria em face de um dos suspeitos do crime, conhecido por ser o \u201cchefe\u201d do tr\u00e1fico de drogas na regi\u00e3o de Bigua\u00e7u.<\/p><p>A\u00a0opera\u00e7\u00e3o contou com apoio de\u00a031 policiais, sendo\u00a0policiais civis da DRP- S\u00e3o Jos\u00e9,\u00a0DRP- Palho\u00e7a,\u00a0DPGF,\u00a0CORE, SAER,\u00a0e\u00a0de um c\u00e3o da\u00a0COPC,\u00a0bem como de policiais militares do 24\u00ba Batalh\u00e3o da Pol\u00edcia Militar de Bigua\u00e7u.<\/p>\t\t\t\t\t\t\t\t<\/div>\n\t\t\t\t<\/div>\n\t\t\t\t\t<\/div>\n\t\t<\/div>\n\t\t\t\t\t<\/div>\n\t\t<\/section>\n\t\t\t\t<\/div>\n\t\t","protected":false},"excerpt":{"rendered":"<p>Pol\u00edcia Civil deflagra opera\u00e7\u00e3o \u201cAtreides\u201d e prende homem conhecido por ser um dos l\u00edderes do tr\u00e1fico de drogas em Bigua\u00e7u Na segunda-feira (27\/01), a Pol\u00edcia Civil de Santa Catarina, por meio da Delegacia de Policia Civil da Comarca de Bigua\u00e7u, deflagrou opera\u00e7\u00e3o \u201cAtreides\u201d, em investiga\u00e7\u00e3o a um crime de homic\u00eddio\u00a0qualificado, praticado por meio de tortura [&hellip;]<\/p>\n","protected":false},"author":5,"featured_media":26240,"comment_status":"closed","ping_status":"open","sticky":false,"template":"","format":"standard","meta":{"_monsterinsights_skip_tracking":false,"_monsterinsights_sitenote_active":false,"_monsterinsights_sitenote_note":"","_monsterinsights_sitenote_category":0,"footnotes":""},"categories":[1],"tags":[],"class_list":["post-26229","post","type-post","status-publish","format-standard","has-post-thumbnail","hentry","category-sem-categoria"],"_links":{"self":[{"href":"https:\/\/pc.sc.gov.br\/index.php?rest_route=\/wp\/v2\/posts\/26229","targetHints":{"allow":["GET"]}}],"collection":[{"href":"https:\/\/pc.sc.gov.br\/index.php?rest_route=\/wp\/v2\/posts"}],"about":[{"href":"https:\/\/pc.sc.gov.br\/index.php?rest_route=\/wp\/v2\/types\/post"}],"author":[{"embeddable":true,"href":"https:\/\/pc.sc.gov.br\/index.php?rest_route=\/wp\/v2\/users\/5"}],"replies":[{"embeddable":true,"href":"https:\/\/pc.sc.gov.br\/index.php?rest_route=%2Fwp%2Fv2%2Fcomments&post=26229"}],"version-history":[{"count":11,"href":"https:\/\/pc.sc.gov.br\/index.php?rest_route=\/wp\/v2\/posts\/26229\/revisions"}],"predecessor-version":[{"id":26243,"href":"https:\/\/pc.sc.gov.br\/index.php?rest_route=\/wp\/v2\/posts\/26229\/revisions\/26243"}],"wp:featuredmedia":[{"embeddable":true,"href":"https:\/\/pc.sc.gov.br\/index.php?rest_route=\/wp\/v2\/media\/26240"}],"wp:attachment":[{"href":"https:\/\/pc.sc.gov.br\/index.php?rest_route=%2Fwp%2Fv2%2Fmedia&parent=26229"}],"wp:term":[{"taxonomy":"category","embeddable":true,"href":"https:\/\/pc.sc.gov.br\/index.php?rest_route=%2Fwp%2Fv2%2Fcategories&post=26229"},{"taxonomy":"post_tag","embeddable":true,"href":"https:\/\/pc.sc.gov.br\/index.php?rest_route=%2Fwp%2Fv2%2Ftags&post=26229"}],"curies":[{"name":"wp","href":"https:\/\/api.w.org\/{rel}","templated":true}]}}