{"id":26248,"date":"2025-01-28T18:40:50","date_gmt":"2025-01-28T21:40:50","guid":{"rendered":"https:\/\/pc.sc.gov.br\/?p=26248"},"modified":"2025-01-28T18:41:29","modified_gmt":"2025-01-28T21:41:29","slug":"policia-civil-prende-suspeito-de-furtos-em-tubarao","status":"publish","type":"post","link":"https:\/\/pc.sc.gov.br\/?p=26248","title":{"rendered":"Pol\u00edcia Civil prende suspeito de furtos em Tubar\u00e3o"},"content":{"rendered":"\t\t<div data-elementor-type=\"wp-post\" data-elementor-id=\"26248\" class=\"elementor elementor-26248\" data-elementor-post-type=\"post\">\n\t\t\t\t\t\t<section class=\"elementor-section elementor-top-section elementor-element elementor-element-0a1710f elementor-section-boxed elementor-section-height-default elementor-section-height-default\" data-id=\"0a1710f\" data-element_type=\"section\">\n\t\t\t\t\t\t<div class=\"elementor-container elementor-column-gap-default\">\n\t\t\t\t\t<div class=\"elementor-column elementor-col-100 elementor-top-column elementor-element elementor-element-e692bf5\" data-id=\"e692bf5\" data-element_type=\"column\">\n\t\t\t<div class=\"elementor-widget-wrap elementor-element-populated\">\n\t\t\t\t\t\t<div class=\"elementor-element elementor-element-f5f2e59 elementor-widget elementor-widget-heading\" data-id=\"f5f2e59\" data-element_type=\"widget\" data-widget_type=\"heading.default\">\n\t\t\t\t<div class=\"elementor-widget-container\">\n\t\t\t\t\t<h2 class=\"elementor-heading-title elementor-size-default\">Pol\u00edcia Civil prende suspeito de furtos em Tubar\u00e3o <\/h2>\t\t\t\t<\/div>\n\t\t\t\t<\/div>\n\t\t\t\t\t<\/div>\n\t\t<\/div>\n\t\t\t\t\t<\/div>\n\t\t<\/section>\n\t\t\t\t<section class=\"elementor-section elementor-top-section elementor-element elementor-element-e10e8dc elementor-section-boxed elementor-section-height-default elementor-section-height-default\" data-id=\"e10e8dc\" data-element_type=\"section\">\n\t\t\t\t\t\t<div class=\"elementor-container elementor-column-gap-default\">\n\t\t\t\t\t<div class=\"elementor-column elementor-col-100 elementor-top-column elementor-element elementor-element-c176eda\" data-id=\"c176eda\" data-element_type=\"column\">\n\t\t\t<div class=\"elementor-widget-wrap elementor-element-populated\">\n\t\t\t\t\t\t<div class=\"elementor-element elementor-element-fdae2cf elementor-widget elementor-widget-image\" data-id=\"fdae2cf\" data-element_type=\"widget\" data-widget_type=\"image.default\">\n\t\t\t\t<div class=\"elementor-widget-container\">\n\t\t\t\t\t\t\t\t\t\t\t\t\t\t\t<img fetchpriority=\"high\" decoding=\"async\" width=\"600\" height=\"436\" src=\"https:\/\/pc.sc.gov.br\/\/wp-content\/uploads\/2025\/01\/WhatsApp-Image-2025-01-28-at-17.40.38.jpeg\" class=\"attachment-large size-large wp-image-26249\" alt=\"\" srcset=\"https:\/\/pc.sc.gov.br\/\/wp-content\/uploads\/2025\/01\/WhatsApp-Image-2025-01-28-at-17.40.38.jpeg 600w, https:\/\/pc.sc.gov.br\/\/wp-content\/uploads\/2025\/01\/WhatsApp-Image-2025-01-28-at-17.40.38-300x218.jpeg 300w\" sizes=\"(max-width: 600px) 100vw, 600px\" \/>\t\t\t\t\t\t\t\t\t\t\t\t\t\t\t<\/div>\n\t\t\t\t<\/div>\n\t\t\t\t\t<\/div>\n\t\t<\/div>\n\t\t\t\t\t<\/div>\n\t\t<\/section>\n\t\t\t\t<section class=\"elementor-section elementor-top-section elementor-element elementor-element-1d979cc elementor-section-boxed elementor-section-height-default elementor-section-height-default\" data-id=\"1d979cc\" data-element_type=\"section\">\n\t\t\t\t\t\t<div class=\"elementor-container elementor-column-gap-default\">\n\t\t\t\t\t<div class=\"elementor-column elementor-col-100 elementor-top-column elementor-element elementor-element-69dbfd5\" data-id=\"69dbfd5\" data-element_type=\"column\">\n\t\t\t<div class=\"elementor-widget-wrap elementor-element-populated\">\n\t\t\t\t\t\t<div class=\"elementor-element elementor-element-cbea0a4 elementor-widget elementor-widget-text-editor\" data-id=\"cbea0a4\" data-element_type=\"widget\" data-widget_type=\"text-editor.default\">\n\t\t\t\t<div class=\"elementor-widget-container\">\n\t\t\t\t\t\t\t\t\t<p>A Pol\u00edcia Civil de Santa Catarina, por meio da Delegacia de Investiga\u00e7\u00f5es Criminais (DIC) de Tubar\u00e3o, tomou conhecimento do furto de condensadoras de ar-condicionado e fios de cobre ocorridos na cidade de Tubar\u00e3o e, ap\u00f3s investiga\u00e7\u00f5es, logrou \u00eaxito em identificar o autor de alguns desses fatos.<\/p><p>Um inqu\u00e9rito policial foi instaurado visando apurar os fatos e, ap\u00f3s a coleta de provas, a autoridade policial representou pela pris\u00e3o preventiva do investigado, pleito que restou deferido pelo Ju\u00edzo da 1\u00aa Vara Criminal de Tubar\u00e3o.<\/p><p>De posse do competente mandado de pris\u00e3o, policiais da DIC de Tubar\u00e3o realizaram algumas dilig\u00eancias e lograram \u00eaxito em capturar o suspeito embaixo da ponte do quartel, na cidade de Tubar\u00e3o.<\/p><p>Na DIC, o suspeito confessou ter praticado os furtos investigados e disse que, em rela\u00e7\u00e3o \u00e0s condensadoras, retirava o cobre e revendia. Todo o dinheiro que obtinha com a venda do cobre o suspeito disse ter gasto com a compra de crack.<\/p><p>Ap\u00f3s os procedimentos de Pol\u00edcia Judici\u00e1ria, o investigado foi encaminhado ao Pres\u00eddio Regional de Tubar\u00e3o, onde permanecer\u00e1 \u00e0 disposi\u00e7\u00e3o do Poder Judici\u00e1rio.<\/p>\t\t\t\t\t\t\t\t<\/div>\n\t\t\t\t<\/div>\n\t\t\t\t\t<\/div>\n\t\t<\/div>\n\t\t\t\t\t<\/div>\n\t\t<\/section>\n\t\t\t\t<\/div>\n\t\t","protected":false},"excerpt":{"rendered":"<p>Pol\u00edcia Civil prende suspeito de furtos em Tubar\u00e3o A Pol\u00edcia Civil de Santa Catarina, por meio da Delegacia de Investiga\u00e7\u00f5es Criminais (DIC) de Tubar\u00e3o, tomou conhecimento do furto de condensadoras de ar-condicionado e fios de cobre ocorridos na cidade de Tubar\u00e3o e, ap\u00f3s investiga\u00e7\u00f5es, logrou \u00eaxito em identificar o autor de alguns desses fatos. Um [&hellip;]<\/p>\n","protected":false},"author":5,"featured_media":26249,"comment_status":"closed","ping_status":"open","sticky":false,"template":"","format":"standard","meta":{"_monsterinsights_skip_tracking":false,"_monsterinsights_sitenote_active":false,"_monsterinsights_sitenote_note":"","_monsterinsights_sitenote_category":0,"footnotes":""},"categories":[1],"tags":[],"class_list":["post-26248","post","type-post","status-publish","format-standard","has-post-thumbnail","hentry","category-sem-categoria"],"_links":{"self":[{"href":"https:\/\/pc.sc.gov.br\/index.php?rest_route=\/wp\/v2\/posts\/26248","targetHints":{"allow":["GET"]}}],"collection":[{"href":"https:\/\/pc.sc.gov.br\/index.php?rest_route=\/wp\/v2\/posts"}],"about":[{"href":"https:\/\/pc.sc.gov.br\/index.php?rest_route=\/wp\/v2\/types\/post"}],"author":[{"embeddable":true,"href":"https:\/\/pc.sc.gov.br\/index.php?rest_route=\/wp\/v2\/users\/5"}],"replies":[{"embeddable":true,"href":"https:\/\/pc.sc.gov.br\/index.php?rest_route=%2Fwp%2Fv2%2Fcomments&post=26248"}],"version-history":[{"count":4,"href":"https:\/\/pc.sc.gov.br\/index.php?rest_route=\/wp\/v2\/posts\/26248\/revisions"}],"predecessor-version":[{"id":26253,"href":"https:\/\/pc.sc.gov.br\/index.php?rest_route=\/wp\/v2\/posts\/26248\/revisions\/26253"}],"wp:featuredmedia":[{"embeddable":true,"href":"https:\/\/pc.sc.gov.br\/index.php?rest_route=\/wp\/v2\/media\/26249"}],"wp:attachment":[{"href":"https:\/\/pc.sc.gov.br\/index.php?rest_route=%2Fwp%2Fv2%2Fmedia&parent=26248"}],"wp:term":[{"taxonomy":"category","embeddable":true,"href":"https:\/\/pc.sc.gov.br\/index.php?rest_route=%2Fwp%2Fv2%2Fcategories&post=26248"},{"taxonomy":"post_tag","embeddable":true,"href":"https:\/\/pc.sc.gov.br\/index.php?rest_route=%2Fwp%2Fv2%2Ftags&post=26248"}],"curies":[{"name":"wp","href":"https:\/\/api.w.org\/{rel}","templated":true}]}}