{"id":26265,"date":"2025-01-29T17:31:13","date_gmt":"2025-01-29T20:31:13","guid":{"rendered":"https:\/\/pc.sc.gov.br\/?p=26265"},"modified":"2025-01-29T17:36:18","modified_gmt":"2025-01-29T20:36:18","slug":"pcsc-cumpre-seis-ordens-judiciaisa-em-residencias-e-clinicas-de-cirurgiao-investigado-pelos-crimes-de-lesao-corporal-grave-e-gravissima","status":"publish","type":"post","link":"https:\/\/pc.sc.gov.br\/?p=26265","title":{"rendered":"PCSC cumpre seis ordens judiciais em resid\u00eancias e cl\u00ednicas de cirurgi\u00e3o investigado pelos crimes de les\u00e3o corporal grave e grav\u00edssima"},"content":{"rendered":"\t\t<div data-elementor-type=\"wp-post\" data-elementor-id=\"26265\" class=\"elementor elementor-26265\" data-elementor-post-type=\"post\">\n\t\t\t\t\t\t<section class=\"elementor-section elementor-top-section elementor-element elementor-element-f54722a elementor-section-boxed elementor-section-height-default elementor-section-height-default\" data-id=\"f54722a\" data-element_type=\"section\">\n\t\t\t\t\t\t<div class=\"elementor-container elementor-column-gap-default\">\n\t\t\t\t\t<div class=\"elementor-column elementor-col-100 elementor-top-column elementor-element elementor-element-011531f\" data-id=\"011531f\" data-element_type=\"column\">\n\t\t\t<div class=\"elementor-widget-wrap elementor-element-populated\">\n\t\t\t\t\t\t<div class=\"elementor-element elementor-element-3c2ec01 elementor-widget elementor-widget-heading\" data-id=\"3c2ec01\" data-element_type=\"widget\" data-widget_type=\"heading.default\">\n\t\t\t\t<div class=\"elementor-widget-container\">\n\t\t\t\t\t<h2 class=\"elementor-heading-title elementor-size-default\">PCSC cumpre seis ordens judiciais em resid\u00eancias e cl\u00ednicas de cirurgi\u00e3o pl\u00e1stico investigado pelos crimes de les\u00e3o corporal grave e grav\u00edssima<\/h2>\t\t\t\t<\/div>\n\t\t\t\t<\/div>\n\t\t\t\t\t<\/div>\n\t\t<\/div>\n\t\t\t\t\t<\/div>\n\t\t<\/section>\n\t\t\t\t<section class=\"elementor-section elementor-top-section elementor-element elementor-element-3c38837 elementor-section-boxed elementor-section-height-default elementor-section-height-default\" data-id=\"3c38837\" data-element_type=\"section\">\n\t\t\t\t\t\t<div class=\"elementor-container elementor-column-gap-default\">\n\t\t\t\t\t<div class=\"elementor-column elementor-col-100 elementor-top-column elementor-element elementor-element-90dbf22\" data-id=\"90dbf22\" data-element_type=\"column\">\n\t\t\t<div class=\"elementor-widget-wrap elementor-element-populated\">\n\t\t\t\t\t\t<div class=\"elementor-element elementor-element-ac7d056 elementor-widget elementor-widget-image\" data-id=\"ac7d056\" data-element_type=\"widget\" data-widget_type=\"image.default\">\n\t\t\t\t<div class=\"elementor-widget-container\">\n\t\t\t\t\t\t\t\t\t\t\t\t\t\t\t<img fetchpriority=\"high\" decoding=\"async\" width=\"696\" height=\"440\" src=\"https:\/\/pc.sc.gov.br\/\/wp-content\/uploads\/2025\/01\/151e7daa-b08d-48f9-bfb9-7696231fd0ee-fotor-20250129172628-1024x647.jpg\" class=\"attachment-large size-large wp-image-26267\" alt=\"\" srcset=\"https:\/\/pc.sc.gov.br\/\/wp-content\/uploads\/2025\/01\/151e7daa-b08d-48f9-bfb9-7696231fd0ee-fotor-20250129172628-1024x647.jpg 1024w, https:\/\/pc.sc.gov.br\/\/wp-content\/uploads\/2025\/01\/151e7daa-b08d-48f9-bfb9-7696231fd0ee-fotor-20250129172628-300x189.jpg 300w, https:\/\/pc.sc.gov.br\/\/wp-content\/uploads\/2025\/01\/151e7daa-b08d-48f9-bfb9-7696231fd0ee-fotor-20250129172628-768x485.jpg 768w, https:\/\/pc.sc.gov.br\/\/wp-content\/uploads\/2025\/01\/151e7daa-b08d-48f9-bfb9-7696231fd0ee-fotor-20250129172628.jpg 1083w\" sizes=\"(max-width: 696px) 100vw, 696px\" \/>\t\t\t\t\t\t\t\t\t\t\t\t\t\t\t<\/div>\n\t\t\t\t<\/div>\n\t\t\t\t\t<\/div>\n\t\t<\/div>\n\t\t\t\t\t<\/div>\n\t\t<\/section>\n\t\t\t\t<section class=\"elementor-section elementor-top-section elementor-element elementor-element-ef1a9a7 elementor-section-boxed elementor-section-height-default elementor-section-height-default\" data-id=\"ef1a9a7\" data-element_type=\"section\">\n\t\t\t\t\t\t<div class=\"elementor-container elementor-column-gap-default\">\n\t\t\t\t\t<div class=\"elementor-column elementor-col-100 elementor-top-column elementor-element elementor-element-0a172fe\" data-id=\"0a172fe\" data-element_type=\"column\">\n\t\t\t<div class=\"elementor-widget-wrap elementor-element-populated\">\n\t\t\t\t\t\t<div class=\"elementor-element elementor-element-d78594e elementor-widget elementor-widget-text-editor\" data-id=\"d78594e\" data-element_type=\"widget\" data-widget_type=\"text-editor.default\">\n\t\t\t\t<div class=\"elementor-widget-container\">\n\t\t\t\t\t\t\t\t\t<p>A Pol\u00edcia Civil de Santa Catarina, por meio da Delegacia de Prote\u00e7\u00e3o dos Direitos das Mulheres e Crimes Contra as Rela\u00e7\u00f5es de Consumo (DPDM\/DCON\/DEIC), com apoio das unidades DCAC, DCOR, CECOR, LAB e DFAZ, deflagrou nesta quarta-feira (29) a Opera\u00e7\u00e3o \u201cTemiscira\u201d, onde foram cumpridos 6 (seis) mandados de busca e apreens\u00e3o em resid\u00eancias e cl\u00ednicas de um cirurgi\u00e3o pl\u00e1stico, localizadas em Florian\u00f3polis e Balne\u00e1rio Cambori\u00fa.\u00a0<\/p><p>O Inqu\u00e9rito Policial instaurado nesta Unidade Policial apura pr\u00e1tica de crimes de les\u00e3o corporal grave e grav\u00edssima, dano psicol\u00f3gico, persegui\u00e7\u00e3o, crimes contra as rela\u00e7\u00f5es de consumo e crimes tribut\u00e1rios, tendo por suspeito m\u00e9dico cirurgi\u00e3o pl\u00e1stico que, supostamente, agiu com displic\u00eancia no exerc\u00edcio profissional, assumindo o risco de ferir gravemente pacientes submetidas a interven\u00e7\u00f5es cir\u00fargicas realizadas pelo profissional.\u00a0<\/p><p>At\u00e9 o momento, 15 (quinze) s\u00e3o as v\u00edtimas que procuraram a unidade policial para narrar os fatos acima mencionados e apresentar documenta\u00e7\u00e3o pertinente.\u00a0 \u00a0<\/p><p>Al\u00e9m das dilig\u00eancias de busca, onde foram apreendidos in\u00fameros equipamentos eletr\u00f4nicos (aparelhos celulares, laptops, ipad, cart\u00f5es de mem\u00f3ria dentre outros equipamentos) e documentos, houve o recolhimento de 2 (dois) ve\u00edculos, gravados de indisponibilidade por decis\u00e3o judicial.\u00a0<\/p><p>Ressalte-se que, em desfavor do suspeito, foram deferidas medidas assecurat\u00f3rias consistentes em bloqueio e indisponibilidade de bens im\u00f3veis, m\u00f3veis e valores at\u00e9 o montante de R$ 10.000.000,00 (dez milh\u00f5es de reais), visando garantir que os bens do suspeito n\u00e3o restem dilapidados no decorrer da instru\u00e7\u00e3o criminal, viabilizando assim eventual indeniza\u00e7\u00e3o devida \u00e0s v\u00edtimas.\u00a0\u00a0<\/p><p>A Delegacia de Prote\u00e7\u00e3o dos Direitos das Mulheres e de Crimes Contra as Rela\u00e7\u00f5es de Consumo refor\u00e7a seu compromisso em prol da seguran\u00e7a da sociedade catarinense, em especial na defesa dos direitos das mulheres e dos consumidores.<\/p>\t\t\t\t\t\t\t\t<\/div>\n\t\t\t\t<\/div>\n\t\t\t\t\t<\/div>\n\t\t<\/div>\n\t\t\t\t\t<\/div>\n\t\t<\/section>\n\t\t\t\t<\/div>\n\t\t","protected":false},"excerpt":{"rendered":"<p>PCSC cumpre seis ordens judiciais em resid\u00eancias e cl\u00ednicas de cirurgi\u00e3o pl\u00e1stico investigado pelos crimes de les\u00e3o corporal grave e grav\u00edssima A Pol\u00edcia Civil de Santa Catarina, por meio da Delegacia de Prote\u00e7\u00e3o dos Direitos das Mulheres e Crimes Contra as Rela\u00e7\u00f5es de Consumo (DPDM\/DCON\/DEIC), com apoio das unidades DCAC, DCOR, CECOR, LAB e DFAZ, [&hellip;]<\/p>\n","protected":false},"author":5,"featured_media":26266,"comment_status":"closed","ping_status":"open","sticky":false,"template":"","format":"standard","meta":{"_monsterinsights_skip_tracking":false,"_monsterinsights_sitenote_active":false,"_monsterinsights_sitenote_note":"","_monsterinsights_sitenote_category":0,"footnotes":""},"categories":[1],"tags":[],"class_list":["post-26265","post","type-post","status-publish","format-standard","has-post-thumbnail","hentry","category-sem-categoria"],"_links":{"self":[{"href":"https:\/\/pc.sc.gov.br\/index.php?rest_route=\/wp\/v2\/posts\/26265","targetHints":{"allow":["GET"]}}],"collection":[{"href":"https:\/\/pc.sc.gov.br\/index.php?rest_route=\/wp\/v2\/posts"}],"about":[{"href":"https:\/\/pc.sc.gov.br\/index.php?rest_route=\/wp\/v2\/types\/post"}],"author":[{"embeddable":true,"href":"https:\/\/pc.sc.gov.br\/index.php?rest_route=\/wp\/v2\/users\/5"}],"replies":[{"embeddable":true,"href":"https:\/\/pc.sc.gov.br\/index.php?rest_route=%2Fwp%2Fv2%2Fcomments&post=26265"}],"version-history":[{"count":7,"href":"https:\/\/pc.sc.gov.br\/index.php?rest_route=\/wp\/v2\/posts\/26265\/revisions"}],"predecessor-version":[{"id":26274,"href":"https:\/\/pc.sc.gov.br\/index.php?rest_route=\/wp\/v2\/posts\/26265\/revisions\/26274"}],"wp:featuredmedia":[{"embeddable":true,"href":"https:\/\/pc.sc.gov.br\/index.php?rest_route=\/wp\/v2\/media\/26266"}],"wp:attachment":[{"href":"https:\/\/pc.sc.gov.br\/index.php?rest_route=%2Fwp%2Fv2%2Fmedia&parent=26265"}],"wp:term":[{"taxonomy":"category","embeddable":true,"href":"https:\/\/pc.sc.gov.br\/index.php?rest_route=%2Fwp%2Fv2%2Fcategories&post=26265"},{"taxonomy":"post_tag","embeddable":true,"href":"https:\/\/pc.sc.gov.br\/index.php?rest_route=%2Fwp%2Fv2%2Ftags&post=26265"}],"curies":[{"name":"wp","href":"https:\/\/api.w.org\/{rel}","templated":true}]}}