{"id":26303,"date":"2025-01-30T18:47:38","date_gmt":"2025-01-30T21:47:38","guid":{"rendered":"https:\/\/pc.sc.gov.br\/?p=26303"},"modified":"2025-01-30T18:48:56","modified_gmt":"2025-01-30T21:48:56","slug":"operacao-after-fase-ii-delegacia-de-repressao-ao-crime-organizado-cumpre-nove-ordens-judiciais-na-grande-florianopolis","status":"publish","type":"post","link":"https:\/\/pc.sc.gov.br\/?p=26303","title":{"rendered":"Opera\u00e7\u00e3o \u201cAfter fase II\u201d: Delegacia de Repress\u00e3o ao Crime Organizado cumpre nove ordens judiciais na Grande Florian\u00f3polis"},"content":{"rendered":"\t\t<div data-elementor-type=\"wp-post\" data-elementor-id=\"26303\" class=\"elementor elementor-26303\" data-elementor-post-type=\"post\">\n\t\t\t\t\t\t<section class=\"elementor-section elementor-top-section elementor-element elementor-element-deddd77 elementor-section-boxed elementor-section-height-default elementor-section-height-default\" data-id=\"deddd77\" data-element_type=\"section\">\n\t\t\t\t\t\t<div class=\"elementor-container elementor-column-gap-default\">\n\t\t\t\t\t<div class=\"elementor-column elementor-col-100 elementor-top-column elementor-element elementor-element-eb56ff1\" data-id=\"eb56ff1\" data-element_type=\"column\">\n\t\t\t<div class=\"elementor-widget-wrap elementor-element-populated\">\n\t\t\t\t\t\t<div class=\"elementor-element elementor-element-365effd elementor-widget elementor-widget-heading\" data-id=\"365effd\" data-element_type=\"widget\" data-widget_type=\"heading.default\">\n\t\t\t\t<div class=\"elementor-widget-container\">\n\t\t\t\t\t<h2 class=\"elementor-heading-title elementor-size-default\">Opera\u00e7\u00e3o \u201cAfter fase II\u201d: Delegacia de Repress\u00e3o ao Crime Organizado da DEIC cumpre nove ordens judiciais na Grande Florian\u00f3polis<\/h2>\t\t\t\t<\/div>\n\t\t\t\t<\/div>\n\t\t\t\t\t<\/div>\n\t\t<\/div>\n\t\t\t\t\t<\/div>\n\t\t<\/section>\n\t\t\t\t<section class=\"elementor-section elementor-top-section elementor-element elementor-element-7a38dbf elementor-section-boxed elementor-section-height-default elementor-section-height-default\" data-id=\"7a38dbf\" data-element_type=\"section\">\n\t\t\t\t\t\t<div class=\"elementor-container elementor-column-gap-default\">\n\t\t\t\t\t<div class=\"elementor-column elementor-col-100 elementor-top-column elementor-element elementor-element-1ba175a\" data-id=\"1ba175a\" data-element_type=\"column\">\n\t\t\t<div class=\"elementor-widget-wrap elementor-element-populated\">\n\t\t\t\t\t\t<div class=\"elementor-element elementor-element-89d959c elementor-widget elementor-widget-image\" data-id=\"89d959c\" data-element_type=\"widget\" data-widget_type=\"image.default\">\n\t\t\t\t<div class=\"elementor-widget-container\">\n\t\t\t\t\t\t\t\t\t\t\t\t\t\t\t<img fetchpriority=\"high\" decoding=\"async\" width=\"696\" height=\"522\" src=\"https:\/\/pc.sc.gov.br\/\/wp-content\/uploads\/2025\/01\/7e36f307-c53c-4635-b757-f3abff7017c0-fotor-20250130184436-1024x768.jpg\" class=\"attachment-large size-large wp-image-26300\" alt=\"\" srcset=\"https:\/\/pc.sc.gov.br\/\/wp-content\/uploads\/2025\/01\/7e36f307-c53c-4635-b757-f3abff7017c0-fotor-20250130184436-1024x768.jpg 1024w, https:\/\/pc.sc.gov.br\/\/wp-content\/uploads\/2025\/01\/7e36f307-c53c-4635-b757-f3abff7017c0-fotor-20250130184436-300x225.jpg 300w, https:\/\/pc.sc.gov.br\/\/wp-content\/uploads\/2025\/01\/7e36f307-c53c-4635-b757-f3abff7017c0-fotor-20250130184436-768x576.jpg 768w, https:\/\/pc.sc.gov.br\/\/wp-content\/uploads\/2025\/01\/7e36f307-c53c-4635-b757-f3abff7017c0-fotor-20250130184436.jpg 1280w\" sizes=\"(max-width: 696px) 100vw, 696px\" \/>\t\t\t\t\t\t\t\t\t\t\t\t\t\t\t<\/div>\n\t\t\t\t<\/div>\n\t\t\t\t\t<\/div>\n\t\t<\/div>\n\t\t\t\t\t<\/div>\n\t\t<\/section>\n\t\t\t\t<section class=\"elementor-section elementor-top-section elementor-element elementor-element-8f1ba84 elementor-section-boxed elementor-section-height-default elementor-section-height-default\" data-id=\"8f1ba84\" data-element_type=\"section\">\n\t\t\t\t\t\t<div class=\"elementor-container elementor-column-gap-default\">\n\t\t\t\t\t<div class=\"elementor-column elementor-col-100 elementor-top-column elementor-element elementor-element-145c336\" data-id=\"145c336\" data-element_type=\"column\">\n\t\t\t<div class=\"elementor-widget-wrap elementor-element-populated\">\n\t\t\t\t\t\t<div class=\"elementor-element elementor-element-b668c5d elementor-widget elementor-widget-text-editor\" data-id=\"b668c5d\" data-element_type=\"widget\" data-widget_type=\"text-editor.default\">\n\t\t\t\t<div class=\"elementor-widget-container\">\n\t\t\t\t\t\t\t\t\t<p>A Pol\u00edcia Civil de Santa Catarina, por meio da Delegacia de Repress\u00e3o ao Crime Organizado (DRACO\/DEIC) realizou nesta quinta-feira (30\/01) opera\u00e7\u00e3o policial After II na regi\u00e3o da Grande Florian\u00f3polis para dar cumprimento a 09 mandados de busca e apreens\u00e3o em desfavor de grupo criminoso voltado a comercializa\u00e7\u00e3o de drogas sint\u00e9ticas. As buscas foram cumpridas em Florian\u00f3polis, S\u00e3o Jos\u00e9, Palho\u00e7a e Porto Belo.<\/p><p>Na primeira fase da opera\u00e7\u00e3o After foram apreendidos 08KG de MDMA, maconha e muni\u00e7\u00f5es, o que resultou na pris\u00e3o flagrante de 05 narcotraficantes, investigados por integrar organiza\u00e7\u00e3o criminosa voltada a comercializa\u00e7\u00e3o de drogas e armas de fogo na regi\u00e3o da Grande Florian\u00f3polis.<\/p><p>Nesta quinta-feira, por volta das 6h da manh\u00e3, cerca de 60 Policiais Civis da DEIC, DPGF e NOC foram \u00e0s ruas para cumprir 09 mandados de busca e apreens\u00e3o expedidos pela Vara Criminal da Regi\u00e3o Metropolitana da Comarca da Capital, sendo que um dos investigados foi preso em flagrante com cerca de 800 comprimidos de Ecstasy e 1.5KG de maconha. Ainda foram apreendidos diversos objetos de interesse para a investiga\u00e7\u00e3o, os quais ser\u00e3o submetidos \u00e0 per\u00edcia.<\/p><p>\u00a0A equipe da DRACO\/DEIC refor\u00e7a seu compromisso em prol da sociedade, no enfrentamento as organiza\u00e7\u00f5es criminosas voltadas ao tr\u00e1fico de drogas e comercio ilegal de armas de fogo que atuam no estado de Santa Catarina.<\/p><div>\u00a0<\/div>\t\t\t\t\t\t\t\t<\/div>\n\t\t\t\t<\/div>\n\t\t\t\t\t<\/div>\n\t\t<\/div>\n\t\t\t\t\t<\/div>\n\t\t<\/section>\n\t\t\t\t<\/div>\n\t\t","protected":false},"excerpt":{"rendered":"<p>Opera\u00e7\u00e3o \u201cAfter fase II\u201d: Delegacia de Repress\u00e3o ao Crime Organizado da DEIC cumpre nove ordens judiciais na Grande Florian\u00f3polis A Pol\u00edcia Civil de Santa Catarina, por meio da Delegacia de Repress\u00e3o ao Crime Organizado (DRACO\/DEIC) realizou nesta quinta-feira (30\/01) opera\u00e7\u00e3o policial After II na regi\u00e3o da Grande Florian\u00f3polis para dar cumprimento a 09 mandados de [&hellip;]<\/p>\n","protected":false},"author":5,"featured_media":26300,"comment_status":"closed","ping_status":"open","sticky":false,"template":"","format":"standard","meta":{"_monsterinsights_skip_tracking":false,"_monsterinsights_sitenote_active":false,"_monsterinsights_sitenote_note":"","_monsterinsights_sitenote_category":0,"footnotes":""},"categories":[1],"tags":[],"class_list":["post-26303","post","type-post","status-publish","format-standard","has-post-thumbnail","hentry","category-sem-categoria"],"_links":{"self":[{"href":"https:\/\/pc.sc.gov.br\/index.php?rest_route=\/wp\/v2\/posts\/26303","targetHints":{"allow":["GET"]}}],"collection":[{"href":"https:\/\/pc.sc.gov.br\/index.php?rest_route=\/wp\/v2\/posts"}],"about":[{"href":"https:\/\/pc.sc.gov.br\/index.php?rest_route=\/wp\/v2\/types\/post"}],"author":[{"embeddable":true,"href":"https:\/\/pc.sc.gov.br\/index.php?rest_route=\/wp\/v2\/users\/5"}],"replies":[{"embeddable":true,"href":"https:\/\/pc.sc.gov.br\/index.php?rest_route=%2Fwp%2Fv2%2Fcomments&post=26303"}],"version-history":[{"count":4,"href":"https:\/\/pc.sc.gov.br\/index.php?rest_route=\/wp\/v2\/posts\/26303\/revisions"}],"predecessor-version":[{"id":26307,"href":"https:\/\/pc.sc.gov.br\/index.php?rest_route=\/wp\/v2\/posts\/26303\/revisions\/26307"}],"wp:featuredmedia":[{"embeddable":true,"href":"https:\/\/pc.sc.gov.br\/index.php?rest_route=\/wp\/v2\/media\/26300"}],"wp:attachment":[{"href":"https:\/\/pc.sc.gov.br\/index.php?rest_route=%2Fwp%2Fv2%2Fmedia&parent=26303"}],"wp:term":[{"taxonomy":"category","embeddable":true,"href":"https:\/\/pc.sc.gov.br\/index.php?rest_route=%2Fwp%2Fv2%2Fcategories&post=26303"},{"taxonomy":"post_tag","embeddable":true,"href":"https:\/\/pc.sc.gov.br\/index.php?rest_route=%2Fwp%2Fv2%2Ftags&post=26303"}],"curies":[{"name":"wp","href":"https:\/\/api.w.org\/{rel}","templated":true}]}}