{"id":26308,"date":"2025-01-31T15:40:32","date_gmt":"2025-01-31T18:40:32","guid":{"rendered":"https:\/\/pc.sc.gov.br\/?p=26308"},"modified":"2025-01-31T16:23:47","modified_gmt":"2025-01-31T19:23:47","slug":"solenidade-na-acadepol-marca-a-chegada-de-40-novos-delegados-e-15-psicologos-policiais","status":"publish","type":"post","link":"https:\/\/pc.sc.gov.br\/?p=26308","title":{"rendered":"Solenidade na Acadepol marca a chegada de 40 novos delegados e 15 psic\u00f3logos policiais"},"content":{"rendered":"\t\t<div data-elementor-type=\"wp-post\" data-elementor-id=\"26308\" class=\"elementor elementor-26308\" data-elementor-post-type=\"post\">\n\t\t\t\t\t\t<section class=\"elementor-section elementor-top-section elementor-element elementor-element-bf7bcd7 elementor-section-boxed elementor-section-height-default elementor-section-height-default\" data-id=\"bf7bcd7\" data-element_type=\"section\">\n\t\t\t\t\t\t<div class=\"elementor-container elementor-column-gap-default\">\n\t\t\t\t\t<div class=\"elementor-column elementor-col-100 elementor-top-column elementor-element elementor-element-b8064a7\" data-id=\"b8064a7\" data-element_type=\"column\">\n\t\t\t<div class=\"elementor-widget-wrap elementor-element-populated\">\n\t\t\t\t\t\t<div class=\"elementor-element elementor-element-2296523 elementor-widget elementor-widget-heading\" data-id=\"2296523\" data-element_type=\"widget\" data-widget_type=\"heading.default\">\n\t\t\t\t<div class=\"elementor-widget-container\">\n\t\t\t\t\t<h2 class=\"elementor-heading-title elementor-size-default\">Solenidade na Acadepol marca a chegada de 40 novos delegados e 15 psic\u00f3logos policiais<\/h2>\t\t\t\t<\/div>\n\t\t\t\t<\/div>\n\t\t\t\t\t<\/div>\n\t\t<\/div>\n\t\t\t\t\t<\/div>\n\t\t<\/section>\n\t\t\t\t<section class=\"elementor-section elementor-top-section elementor-element elementor-element-8546660 elementor-section-boxed elementor-section-height-default elementor-section-height-default\" data-id=\"8546660\" data-element_type=\"section\">\n\t\t\t\t\t\t<div class=\"elementor-container elementor-column-gap-default\">\n\t\t\t\t\t<div class=\"elementor-column elementor-col-100 elementor-top-column elementor-element elementor-element-a2bc9f0\" data-id=\"a2bc9f0\" data-element_type=\"column\">\n\t\t\t<div class=\"elementor-widget-wrap elementor-element-populated\">\n\t\t\t\t\t\t<div class=\"elementor-element elementor-element-87b99a8 elementor-widget elementor-widget-image\" data-id=\"87b99a8\" data-element_type=\"widget\" data-widget_type=\"image.default\">\n\t\t\t\t<div class=\"elementor-widget-container\">\n\t\t\t\t\t\t\t\t\t\t\t\t\t\t\t<img fetchpriority=\"high\" decoding=\"async\" width=\"696\" height=\"464\" src=\"https:\/\/pc.sc.gov.br\/\/wp-content\/uploads\/2025\/01\/PCSC-ALUNOS-1024x683.png\" class=\"attachment-large size-large wp-image-26311\" alt=\"\" srcset=\"https:\/\/pc.sc.gov.br\/\/wp-content\/uploads\/2025\/01\/PCSC-ALUNOS-1024x683.png 1024w, https:\/\/pc.sc.gov.br\/\/wp-content\/uploads\/2025\/01\/PCSC-ALUNOS-300x200.png 300w, https:\/\/pc.sc.gov.br\/\/wp-content\/uploads\/2025\/01\/PCSC-ALUNOS-768x512.png 768w, https:\/\/pc.sc.gov.br\/\/wp-content\/uploads\/2025\/01\/PCSC-ALUNOS-1536x1024.png 1536w, https:\/\/pc.sc.gov.br\/\/wp-content\/uploads\/2025\/01\/PCSC-ALUNOS-2048x1365.png 2048w\" sizes=\"(max-width: 696px) 100vw, 696px\" \/>\t\t\t\t\t\t\t\t\t\t\t\t\t\t\t<\/div>\n\t\t\t\t<\/div>\n\t\t\t\t\t<\/div>\n\t\t<\/div>\n\t\t\t\t\t<\/div>\n\t\t<\/section>\n\t\t\t\t<section class=\"elementor-section elementor-top-section elementor-element elementor-element-a64100f elementor-section-boxed elementor-section-height-default elementor-section-height-default\" data-id=\"a64100f\" data-element_type=\"section\">\n\t\t\t\t\t\t<div class=\"elementor-container elementor-column-gap-default\">\n\t\t\t\t\t<div class=\"elementor-column elementor-col-100 elementor-top-column elementor-element elementor-element-eca0390\" data-id=\"eca0390\" data-element_type=\"column\">\n\t\t\t<div class=\"elementor-widget-wrap elementor-element-populated\">\n\t\t\t\t\t\t<div class=\"elementor-element elementor-element-60dca0a elementor-widget elementor-widget-text-editor\" data-id=\"60dca0a\" data-element_type=\"widget\" data-widget_type=\"text-editor.default\">\n\t\t\t\t<div class=\"elementor-widget-container\">\n\t\t\t\t\t\t\t\t\t<p>Uma aula inaugural marcou a solenidade de posse dos 40 novos delegados e 15 novos psic\u00f3logos policiais nesta quinta-feira (30) na sede da Academia da Pol\u00edcia Civil de Santa Catarina (Acadepol). A partir de agora os novos integrantes da PCSC ir\u00e3o come\u00e7ar o Curso de Forma\u00e7\u00e3o, com 800 horas de pr\u00e1ticas policiais. No dia 25 de julho, os novos delegados e psic\u00f3logos policiais estar\u00e3o atuando em prol da seguran\u00e7a de Santa Catarina.<\/p>\n<p><b>\u00c9tica como prioridade<\/b><\/p>\n<p>Na solenidade, o delegado-geral da PCSC, Ulisses Gabriel, falou sobre a import\u00e2ncia da forma\u00e7\u00e3o t\u00e9cnica, mas refor\u00e7ou o compromisso que cada policial civil deve ter com a \u00e9tica. \u201cTemos como miss\u00e3o investigar crimes, promover a legalidade e garantir a seguran\u00e7a da cada cidad\u00e3o\u201d, assinalou o delegado-geral. Ulisses enfatizou ainda um fato in\u00e9dito na hist\u00f3ria da PCSC: a posse dos aprovados no concurso ocorrer duas semanas ap\u00f3s a nomea\u00e7\u00e3o. \u201cEsse \u00e9 mais um fato que demonstra a preocupa\u00e7\u00e3o do governador Jorginho Mello em continuar investindo na seguran\u00e7a de todos os catarinenses\u201d.&nbsp;<\/p>\n<p><b>Curso de forma\u00e7\u00e3o inicial: treinamento rigoroso e transformador<\/b><\/p>\n<p>O Diretor da Acadepol, delegado Andr\u00e9 Luiz Bermudez, destacou que o Curso de Forma\u00e7\u00e3o \u00e9 considerado um dos mais completos do Brasil, no que se refere \u00e0 Pol\u00edcia Judici\u00e1ria. \u201cO curso de forma\u00e7\u00e3o \u00e9 um treinamento rigoroso e transformador que vai prepar\u00e1-los para as mais diversas situa\u00e7\u00f5es que exigem coragem, habilidade e, acima de tudo, \u00e9tica profissional\u201d, destacou o Diretor da Acadepol.&nbsp;<\/p>\n<p><b>Excel\u00eancia da atual gest\u00e3o da PCSC&nbsp;<\/b><\/p>\n<p>O secret\u00e1rio de Estado da Seguran\u00e7a P\u00fablica (SSP), Flavio Graff, enfatizou a import\u00e2ncia dos investimentos que o Governo do Estado vem fazendo na seguran\u00e7a p\u00fablica. \u201cCom certeza os novos delegados e psic\u00f3logos policiais ir\u00e3o agregar imenso valor ao trabalho da institui\u00e7\u00e3o que tem 212 anos promovendo a seguran\u00e7a e o bem-estar da sociedade.\u201d&nbsp;<\/p>\n<p>O titular da SSP tamb\u00e9m aproveitou a oportunidade para externar a sua admira\u00e7\u00e3o pelo o trabalho que est\u00e1 sendo desenvolvido pelo delegado-geral da PCSC. \u201cImbu\u00eddo dessa for\u00e7a e de f\u00e9 siga seu percurso indel\u00e9vel. O homem p\u00fablico, especialmente aquele que se destaca em sua fun\u00e7\u00e3o, porque bem a realiza, acaba por ofuscar brios e pretens\u00f5es pol\u00edticas de outrem, mesmo que n\u00e3o seja o seu objetivo, delegado Ulisses. O importante \u00e9 manter o foco, para lidar com tarefas dif\u00edceis, pensar criativamente, trabalhar com efici\u00eancias, atingir metas e continuar a lograr \u00eaxito\u201d, disse Graff.<span style=\"color: var( --e-global-color-text ); font-family: var( --e-global-typography-primary-font-family ), Sans-serif; font-size: var( --e-global-typography-primary-font-size ); font-weight: var( --e-global-typography-primary-font-weight ); letter-spacing: var( --e-global-typography-primary-letter-spacing );\">&nbsp;<\/span><\/p><p><span style=\"color: var( --e-global-color-text ); font-family: var( --e-global-typography-primary-font-family ), Sans-serif; font-size: var( --e-global-typography-primary-font-size ); letter-spacing: var( --e-global-typography-primary-letter-spacing );\"><b><i>Cr\u00e9ditos de imagens: Wesley Cust\u00f3dio.&nbsp;<\/i><\/b><\/span><\/p>\t\t\t\t\t\t\t\t<\/div>\n\t\t\t\t<\/div>\n\t\t\t\t\t<\/div>\n\t\t<\/div>\n\t\t\t\t\t<\/div>\n\t\t<\/section>\n\t\t\t\t<section class=\"elementor-section elementor-top-section elementor-element elementor-element-01984dd elementor-section-boxed elementor-section-height-default elementor-section-height-default\" data-id=\"01984dd\" data-element_type=\"section\">\n\t\t\t\t\t\t<div class=\"elementor-container elementor-column-gap-default\">\n\t\t\t\t\t<div class=\"elementor-column elementor-col-100 elementor-top-column elementor-element elementor-element-aa3b420\" data-id=\"aa3b420\" data-element_type=\"column\">\n\t\t\t<div class=\"elementor-widget-wrap elementor-element-populated\">\n\t\t\t\t\t\t<div class=\"elementor-element elementor-element-f2467e1 elementor-widget elementor-widget-gallery\" data-id=\"f2467e1\" data-element_type=\"widget\" data-settings=\"{&quot;lazyload&quot;:&quot;yes&quot;,&quot;gallery_layout&quot;:&quot;grid&quot;,&quot;columns&quot;:4,&quot;columns_tablet&quot;:2,&quot;columns_mobile&quot;:1,&quot;gap&quot;:{&quot;unit&quot;:&quot;px&quot;,&quot;size&quot;:10,&quot;sizes&quot;:[]},&quot;gap_tablet&quot;:{&quot;unit&quot;:&quot;px&quot;,&quot;size&quot;:10,&quot;sizes&quot;:[]},&quot;gap_mobile&quot;:{&quot;unit&quot;:&quot;px&quot;,&quot;size&quot;:10,&quot;sizes&quot;:[]},&quot;link_to&quot;:&quot;file&quot;,&quot;aspect_ratio&quot;:&quot;3:2&quot;,&quot;overlay_background&quot;:&quot;yes&quot;,&quot;content_hover_animation&quot;:&quot;fade-in&quot;}\" data-widget_type=\"gallery.default\">\n\t\t\t\t<div class=\"elementor-widget-container\">\n\t\t\t\t\t\t\t<div class=\"elementor-gallery__container\">\n\t\t\t\t\t\t\t<a class=\"e-gallery-item elementor-gallery-item elementor-animated-content\" href=\"https:\/\/pc.sc.gov.br\/\/wp-content\/uploads\/2025\/01\/WhatsApp-Image-2025-01-31-at-14.46.45-1-scaled.jpeg\" data-elementor-open-lightbox=\"yes\" data-elementor-lightbox-slideshow=\"f2467e1\" data-elementor-lightbox-title=\"WhatsApp Image 2025-01-31 at 14.46.45\" data-e-action-hash=\"#elementor-action%3Aaction%3Dlightbox%26settings%3DeyJpZCI6MjYzMzAsInVybCI6Imh0dHBzOlwvXC9wYy5zYy5nb3YuYnJcL1wvd3AtY29udGVudFwvdXBsb2Fkc1wvMjAyNVwvMDFcL1doYXRzQXBwLUltYWdlLTIwMjUtMDEtMzEtYXQtMTQuNDYuNDUtMS1zY2FsZWQuanBlZyIsInNsaWRlc2hvdyI6ImYyNDY3ZTEifQ%3D%3D\">\n\t\t\t\t\t<div class=\"e-gallery-image elementor-gallery-item__image\" data-thumbnail=\"https:\/\/pc.sc.gov.br\/\/wp-content\/uploads\/2025\/01\/WhatsApp-Image-2025-01-31-at-14.46.45-1-300x200.jpeg\" data-width=\"300\" data-height=\"200\" aria-label=\"\" role=\"img\" ><\/div>\n\t\t\t\t\t\t\t\t\t\t\t<div class=\"elementor-gallery-item__overlay\"><\/div>\n\t\t\t\t\t\t\t\t\t\t\t\t\t\t<\/a>\n\t\t\t\t\t\t\t<a class=\"e-gallery-item elementor-gallery-item elementor-animated-content\" href=\"https:\/\/pc.sc.gov.br\/\/wp-content\/uploads\/2025\/01\/WhatsApp-Image-2025-01-31-at-14.46.34-scaled.jpeg\" data-elementor-open-lightbox=\"yes\" data-elementor-lightbox-slideshow=\"f2467e1\" data-elementor-lightbox-title=\"WhatsApp Image 2025-01-31 at 14.46.34\" data-e-action-hash=\"#elementor-action%3Aaction%3Dlightbox%26settings%3DeyJpZCI6MjYzMjUsInVybCI6Imh0dHBzOlwvXC9wYy5zYy5nb3YuYnJcL1wvd3AtY29udGVudFwvdXBsb2Fkc1wvMjAyNVwvMDFcL1doYXRzQXBwLUltYWdlLTIwMjUtMDEtMzEtYXQtMTQuNDYuMzQtc2NhbGVkLmpwZWciLCJzbGlkZXNob3ciOiJmMjQ2N2UxIn0%3D\">\n\t\t\t\t\t<div class=\"e-gallery-image elementor-gallery-item__image\" data-thumbnail=\"https:\/\/pc.sc.gov.br\/\/wp-content\/uploads\/2025\/01\/WhatsApp-Image-2025-01-31-at-14.46.34-300x200.jpeg\" data-width=\"300\" data-height=\"200\" aria-label=\"\" role=\"img\" ><\/div>\n\t\t\t\t\t\t\t\t\t\t\t<div class=\"elementor-gallery-item__overlay\"><\/div>\n\t\t\t\t\t\t\t\t\t\t\t\t\t\t<\/a>\n\t\t\t\t\t\t\t<a class=\"e-gallery-item elementor-gallery-item elementor-animated-content\" href=\"https:\/\/pc.sc.gov.br\/\/wp-content\/uploads\/2025\/01\/WhatsApp-Image-2025-01-31-at-14.46.39-scaled.jpeg\" data-elementor-open-lightbox=\"yes\" data-elementor-lightbox-slideshow=\"f2467e1\" data-elementor-lightbox-title=\"WhatsApp Image 2025-01-31 at 14.46.39\" data-e-action-hash=\"#elementor-action%3Aaction%3Dlightbox%26settings%3DeyJpZCI6MjYzMjgsInVybCI6Imh0dHBzOlwvXC9wYy5zYy5nb3YuYnJcL1wvd3AtY29udGVudFwvdXBsb2Fkc1wvMjAyNVwvMDFcL1doYXRzQXBwLUltYWdlLTIwMjUtMDEtMzEtYXQtMTQuNDYuMzktc2NhbGVkLmpwZWciLCJzbGlkZXNob3ciOiJmMjQ2N2UxIn0%3D\">\n\t\t\t\t\t<div class=\"e-gallery-image elementor-gallery-item__image\" data-thumbnail=\"https:\/\/pc.sc.gov.br\/\/wp-content\/uploads\/2025\/01\/WhatsApp-Image-2025-01-31-at-14.46.39-300x200.jpeg\" data-width=\"300\" data-height=\"200\" aria-label=\"\" role=\"img\" ><\/div>\n\t\t\t\t\t\t\t\t\t\t\t<div class=\"elementor-gallery-item__overlay\"><\/div>\n\t\t\t\t\t\t\t\t\t\t\t\t\t\t<\/a>\n\t\t\t\t\t\t\t<a class=\"e-gallery-item elementor-gallery-item elementor-animated-content\" href=\"https:\/\/pc.sc.gov.br\/\/wp-content\/uploads\/2025\/01\/WhatsApp-Image-2025-01-31-at-14.46.43-scaled.jpeg\" data-elementor-open-lightbox=\"yes\" data-elementor-lightbox-slideshow=\"f2467e1\" data-elementor-lightbox-title=\"WhatsApp Image 2025-01-31 at 14.46.43\" data-e-action-hash=\"#elementor-action%3Aaction%3Dlightbox%26settings%3DeyJpZCI6MjYzMjksInVybCI6Imh0dHBzOlwvXC9wYy5zYy5nb3YuYnJcL1wvd3AtY29udGVudFwvdXBsb2Fkc1wvMjAyNVwvMDFcL1doYXRzQXBwLUltYWdlLTIwMjUtMDEtMzEtYXQtMTQuNDYuNDMtc2NhbGVkLmpwZWciLCJzbGlkZXNob3ciOiJmMjQ2N2UxIn0%3D\">\n\t\t\t\t\t<div class=\"e-gallery-image elementor-gallery-item__image\" data-thumbnail=\"https:\/\/pc.sc.gov.br\/\/wp-content\/uploads\/2025\/01\/WhatsApp-Image-2025-01-31-at-14.46.43-300x200.jpeg\" data-width=\"300\" data-height=\"200\" aria-label=\"\" role=\"img\" ><\/div>\n\t\t\t\t\t\t\t\t\t\t\t<div class=\"elementor-gallery-item__overlay\"><\/div>\n\t\t\t\t\t\t\t\t\t\t\t\t\t\t<\/a>\n\t\t\t\t\t\t\t<a class=\"e-gallery-item elementor-gallery-item elementor-animated-content\" href=\"https:\/\/pc.sc.gov.br\/\/wp-content\/uploads\/2025\/01\/WhatsApp-Image-2025-01-31-at-14.46.36-scaled.jpeg\" data-elementor-open-lightbox=\"yes\" data-elementor-lightbox-slideshow=\"f2467e1\" data-elementor-lightbox-title=\"WhatsApp Image 2025-01-31 at 14.46.36\" data-e-action-hash=\"#elementor-action%3Aaction%3Dlightbox%26settings%3DeyJpZCI6MjYzMjcsInVybCI6Imh0dHBzOlwvXC9wYy5zYy5nb3YuYnJcL1wvd3AtY29udGVudFwvdXBsb2Fkc1wvMjAyNVwvMDFcL1doYXRzQXBwLUltYWdlLTIwMjUtMDEtMzEtYXQtMTQuNDYuMzYtc2NhbGVkLmpwZWciLCJzbGlkZXNob3ciOiJmMjQ2N2UxIn0%3D\">\n\t\t\t\t\t<div class=\"e-gallery-image elementor-gallery-item__image\" data-thumbnail=\"https:\/\/pc.sc.gov.br\/\/wp-content\/uploads\/2025\/01\/WhatsApp-Image-2025-01-31-at-14.46.36-300x200.jpeg\" data-width=\"300\" data-height=\"200\" aria-label=\"\" role=\"img\" ><\/div>\n\t\t\t\t\t\t\t\t\t\t\t<div class=\"elementor-gallery-item__overlay\"><\/div>\n\t\t\t\t\t\t\t\t\t\t\t\t\t\t<\/a>\n\t\t\t\t\t\t\t<a class=\"e-gallery-item elementor-gallery-item elementor-animated-content\" href=\"https:\/\/pc.sc.gov.br\/\/wp-content\/uploads\/2025\/01\/WhatsApp-Image-2025-01-31-at-14.08.15-scaled.jpeg\" data-elementor-open-lightbox=\"yes\" data-elementor-lightbox-slideshow=\"f2467e1\" data-elementor-lightbox-title=\"WhatsApp Image 2025-01-31 at 14.08.15\" data-e-action-hash=\"#elementor-action%3Aaction%3Dlightbox%26settings%3DeyJpZCI6MjYzMzEsInVybCI6Imh0dHBzOlwvXC9wYy5zYy5nb3YuYnJcL1wvd3AtY29udGVudFwvdXBsb2Fkc1wvMjAyNVwvMDFcL1doYXRzQXBwLUltYWdlLTIwMjUtMDEtMzEtYXQtMTQuMDguMTUtc2NhbGVkLmpwZWciLCJzbGlkZXNob3ciOiJmMjQ2N2UxIn0%3D\">\n\t\t\t\t\t<div class=\"e-gallery-image elementor-gallery-item__image\" data-thumbnail=\"https:\/\/pc.sc.gov.br\/\/wp-content\/uploads\/2025\/01\/WhatsApp-Image-2025-01-31-at-14.08.15-300x225.jpeg\" data-width=\"300\" data-height=\"225\" aria-label=\"\" role=\"img\" ><\/div>\n\t\t\t\t\t\t\t\t\t\t\t<div class=\"elementor-gallery-item__overlay\"><\/div>\n\t\t\t\t\t\t\t\t\t\t\t\t\t\t<\/a>\n\t\t\t\t\t\t\t<a class=\"e-gallery-item elementor-gallery-item elementor-animated-content\" href=\"https:\/\/pc.sc.gov.br\/\/wp-content\/uploads\/2025\/01\/WhatsApp-Image-2025-01-31-at-14.46.32-scaled.jpeg\" data-elementor-open-lightbox=\"yes\" data-elementor-lightbox-slideshow=\"f2467e1\" data-elementor-lightbox-title=\"WhatsApp Image 2025-01-31 at 14.46.32\" data-e-action-hash=\"#elementor-action%3Aaction%3Dlightbox%26settings%3DeyJpZCI6MjYzMjYsInVybCI6Imh0dHBzOlwvXC9wYy5zYy5nb3YuYnJcL1wvd3AtY29udGVudFwvdXBsb2Fkc1wvMjAyNVwvMDFcL1doYXRzQXBwLUltYWdlLTIwMjUtMDEtMzEtYXQtMTQuNDYuMzItc2NhbGVkLmpwZWciLCJzbGlkZXNob3ciOiJmMjQ2N2UxIn0%3D\">\n\t\t\t\t\t<div class=\"e-gallery-image elementor-gallery-item__image\" data-thumbnail=\"https:\/\/pc.sc.gov.br\/\/wp-content\/uploads\/2025\/01\/WhatsApp-Image-2025-01-31-at-14.46.32-300x200.jpeg\" data-width=\"300\" data-height=\"200\" aria-label=\"\" role=\"img\" ><\/div>\n\t\t\t\t\t\t\t\t\t\t\t<div class=\"elementor-gallery-item__overlay\"><\/div>\n\t\t\t\t\t\t\t\t\t\t\t\t\t\t<\/a>\n\t\t\t\t\t\t\t<a class=\"e-gallery-item elementor-gallery-item elementor-animated-content\" href=\"https:\/\/pc.sc.gov.br\/\/wp-content\/uploads\/2025\/01\/WhatsApp-Image-2025-01-31-at-14.48.12-scaled.jpeg\" data-elementor-open-lightbox=\"yes\" data-elementor-lightbox-slideshow=\"f2467e1\" data-elementor-lightbox-title=\"WhatsApp Image 2025-01-31 at 14.48.12\" data-e-action-hash=\"#elementor-action%3Aaction%3Dlightbox%26settings%3DeyJpZCI6MjYzMjQsInVybCI6Imh0dHBzOlwvXC9wYy5zYy5nb3YuYnJcL1wvd3AtY29udGVudFwvdXBsb2Fkc1wvMjAyNVwvMDFcL1doYXRzQXBwLUltYWdlLTIwMjUtMDEtMzEtYXQtMTQuNDguMTItc2NhbGVkLmpwZWciLCJzbGlkZXNob3ciOiJmMjQ2N2UxIn0%3D\">\n\t\t\t\t\t<div class=\"e-gallery-image elementor-gallery-item__image\" data-thumbnail=\"https:\/\/pc.sc.gov.br\/\/wp-content\/uploads\/2025\/01\/WhatsApp-Image-2025-01-31-at-14.48.12-300x200.jpeg\" data-width=\"300\" data-height=\"200\" aria-label=\"\" role=\"img\" ><\/div>\n\t\t\t\t\t\t\t\t\t\t\t<div class=\"elementor-gallery-item__overlay\"><\/div>\n\t\t\t\t\t\t\t\t\t\t\t\t\t\t<\/a>\n\t\t\t\t\t\t\t<a class=\"e-gallery-item elementor-gallery-item elementor-animated-content\" href=\"https:\/\/pc.sc.gov.br\/\/wp-content\/uploads\/2025\/01\/WhatsApp-Image-2025-01-31-at-14.48.08-scaled.jpeg\" data-elementor-open-lightbox=\"yes\" data-elementor-lightbox-slideshow=\"f2467e1\" data-elementor-lightbox-title=\"WhatsApp Image 2025-01-31 at 14.48.08\" data-e-action-hash=\"#elementor-action%3Aaction%3Dlightbox%26settings%3DeyJpZCI6MjYzMjMsInVybCI6Imh0dHBzOlwvXC9wYy5zYy5nb3YuYnJcL1wvd3AtY29udGVudFwvdXBsb2Fkc1wvMjAyNVwvMDFcL1doYXRzQXBwLUltYWdlLTIwMjUtMDEtMzEtYXQtMTQuNDguMDgtc2NhbGVkLmpwZWciLCJzbGlkZXNob3ciOiJmMjQ2N2UxIn0%3D\">\n\t\t\t\t\t<div class=\"e-gallery-image elementor-gallery-item__image\" data-thumbnail=\"https:\/\/pc.sc.gov.br\/\/wp-content\/uploads\/2025\/01\/WhatsApp-Image-2025-01-31-at-14.48.08-300x200.jpeg\" data-width=\"300\" data-height=\"200\" aria-label=\"\" role=\"img\" ><\/div>\n\t\t\t\t\t\t\t\t\t\t\t<div class=\"elementor-gallery-item__overlay\"><\/div>\n\t\t\t\t\t\t\t\t\t\t\t\t\t\t<\/a>\n\t\t\t\t\t\t\t<a class=\"e-gallery-item elementor-gallery-item elementor-animated-content\" href=\"https:\/\/pc.sc.gov.br\/\/wp-content\/uploads\/2025\/01\/WhatsApp-Image-2025-01-31-at-14.48.06-scaled.jpeg\" data-elementor-open-lightbox=\"yes\" data-elementor-lightbox-slideshow=\"f2467e1\" data-elementor-lightbox-title=\"WhatsApp Image 2025-01-31 at 14.48.06\" data-e-action-hash=\"#elementor-action%3Aaction%3Dlightbox%26settings%3DeyJpZCI6MjYzMjIsInVybCI6Imh0dHBzOlwvXC9wYy5zYy5nb3YuYnJcL1wvd3AtY29udGVudFwvdXBsb2Fkc1wvMjAyNVwvMDFcL1doYXRzQXBwLUltYWdlLTIwMjUtMDEtMzEtYXQtMTQuNDguMDYtc2NhbGVkLmpwZWciLCJzbGlkZXNob3ciOiJmMjQ2N2UxIn0%3D\">\n\t\t\t\t\t<div class=\"e-gallery-image elementor-gallery-item__image\" data-thumbnail=\"https:\/\/pc.sc.gov.br\/\/wp-content\/uploads\/2025\/01\/WhatsApp-Image-2025-01-31-at-14.48.06-300x169.jpeg\" data-width=\"300\" data-height=\"169\" aria-label=\"\" role=\"img\" ><\/div>\n\t\t\t\t\t\t\t\t\t\t\t<div class=\"elementor-gallery-item__overlay\"><\/div>\n\t\t\t\t\t\t\t\t\t\t\t\t\t\t<\/a>\n\t\t\t\t\t\t\t<a class=\"e-gallery-item elementor-gallery-item elementor-animated-content\" href=\"https:\/\/pc.sc.gov.br\/\/wp-content\/uploads\/2025\/01\/WhatsApp-Image-2025-01-31-at-14.48.05-scaled.jpeg\" data-elementor-open-lightbox=\"yes\" data-elementor-lightbox-slideshow=\"f2467e1\" data-elementor-lightbox-title=\"WhatsApp Image 2025-01-31 at 14.48.05\" data-e-action-hash=\"#elementor-action%3Aaction%3Dlightbox%26settings%3DeyJpZCI6MjYzMjAsInVybCI6Imh0dHBzOlwvXC9wYy5zYy5nb3YuYnJcL1wvd3AtY29udGVudFwvdXBsb2Fkc1wvMjAyNVwvMDFcL1doYXRzQXBwLUltYWdlLTIwMjUtMDEtMzEtYXQtMTQuNDguMDUtc2NhbGVkLmpwZWciLCJzbGlkZXNob3ciOiJmMjQ2N2UxIn0%3D\">\n\t\t\t\t\t<div class=\"e-gallery-image elementor-gallery-item__image\" data-thumbnail=\"https:\/\/pc.sc.gov.br\/\/wp-content\/uploads\/2025\/01\/WhatsApp-Image-2025-01-31-at-14.48.05-300x169.jpeg\" data-width=\"300\" data-height=\"169\" aria-label=\"\" role=\"img\" ><\/div>\n\t\t\t\t\t\t\t\t\t\t\t<div class=\"elementor-gallery-item__overlay\"><\/div>\n\t\t\t\t\t\t\t\t\t\t\t\t\t\t<\/a>\n\t\t\t\t\t\t\t<a class=\"e-gallery-item elementor-gallery-item elementor-animated-content\" href=\"https:\/\/pc.sc.gov.br\/\/wp-content\/uploads\/2025\/01\/WhatsApp-Image-2025-01-31-at-14.48.02-scaled.jpeg\" data-elementor-open-lightbox=\"yes\" data-elementor-lightbox-slideshow=\"f2467e1\" data-elementor-lightbox-title=\"WhatsApp Image 2025-01-31 at 14.48.02\" data-e-action-hash=\"#elementor-action%3Aaction%3Dlightbox%26settings%3DeyJpZCI6MjYzMTksInVybCI6Imh0dHBzOlwvXC9wYy5zYy5nb3YuYnJcL1wvd3AtY29udGVudFwvdXBsb2Fkc1wvMjAyNVwvMDFcL1doYXRzQXBwLUltYWdlLTIwMjUtMDEtMzEtYXQtMTQuNDguMDItc2NhbGVkLmpwZWciLCJzbGlkZXNob3ciOiJmMjQ2N2UxIn0%3D\">\n\t\t\t\t\t<div class=\"e-gallery-image elementor-gallery-item__image\" data-thumbnail=\"https:\/\/pc.sc.gov.br\/\/wp-content\/uploads\/2025\/01\/WhatsApp-Image-2025-01-31-at-14.48.02-300x200.jpeg\" data-width=\"300\" data-height=\"200\" aria-label=\"\" role=\"img\" ><\/div>\n\t\t\t\t\t\t\t\t\t\t\t<div class=\"elementor-gallery-item__overlay\"><\/div>\n\t\t\t\t\t\t\t\t\t\t\t\t\t\t<\/a>\n\t\t\t\t\t<\/div>\n\t\t\t\t\t<\/div>\n\t\t\t\t<\/div>\n\t\t\t\t\t<\/div>\n\t\t<\/div>\n\t\t\t\t\t<\/div>\n\t\t<\/section>\n\t\t\t\t<\/div>\n\t\t","protected":false},"excerpt":{"rendered":"<p>Solenidade na Acadepol marca a chegada de 40 novos delegados e 15 psic\u00f3logos policiais Uma aula inaugural marcou a solenidade de posse dos 40 novos delegados e 15 novos psic\u00f3logos policiais nesta quinta-feira (30) na sede da Academia da Pol\u00edcia Civil de Santa Catarina (Acadepol). A partir de agora os novos integrantes da PCSC ir\u00e3o [&hellip;]<\/p>\n","protected":false},"author":5,"featured_media":26309,"comment_status":"closed","ping_status":"open","sticky":false,"template":"","format":"standard","meta":{"_monsterinsights_skip_tracking":false,"_monsterinsights_sitenote_active":false,"_monsterinsights_sitenote_note":"","_monsterinsights_sitenote_category":0,"footnotes":""},"categories":[1],"tags":[],"class_list":["post-26308","post","type-post","status-publish","format-standard","has-post-thumbnail","hentry","category-sem-categoria"],"_links":{"self":[{"href":"https:\/\/pc.sc.gov.br\/index.php?rest_route=\/wp\/v2\/posts\/26308","targetHints":{"allow":["GET"]}}],"collection":[{"href":"https:\/\/pc.sc.gov.br\/index.php?rest_route=\/wp\/v2\/posts"}],"about":[{"href":"https:\/\/pc.sc.gov.br\/index.php?rest_route=\/wp\/v2\/types\/post"}],"author":[{"embeddable":true,"href":"https:\/\/pc.sc.gov.br\/index.php?rest_route=\/wp\/v2\/users\/5"}],"replies":[{"embeddable":true,"href":"https:\/\/pc.sc.gov.br\/index.php?rest_route=%2Fwp%2Fv2%2Fcomments&post=26308"}],"version-history":[{"count":10,"href":"https:\/\/pc.sc.gov.br\/index.php?rest_route=\/wp\/v2\/posts\/26308\/revisions"}],"predecessor-version":[{"id":26334,"href":"https:\/\/pc.sc.gov.br\/index.php?rest_route=\/wp\/v2\/posts\/26308\/revisions\/26334"}],"wp:featuredmedia":[{"embeddable":true,"href":"https:\/\/pc.sc.gov.br\/index.php?rest_route=\/wp\/v2\/media\/26309"}],"wp:attachment":[{"href":"https:\/\/pc.sc.gov.br\/index.php?rest_route=%2Fwp%2Fv2%2Fmedia&parent=26308"}],"wp:term":[{"taxonomy":"category","embeddable":true,"href":"https:\/\/pc.sc.gov.br\/index.php?rest_route=%2Fwp%2Fv2%2Fcategories&post=26308"},{"taxonomy":"post_tag","embeddable":true,"href":"https:\/\/pc.sc.gov.br\/index.php?rest_route=%2Fwp%2Fv2%2Ftags&post=26308"}],"curies":[{"name":"wp","href":"https:\/\/api.w.org\/{rel}","templated":true}]}}