{"id":26335,"date":"2025-02-03T15:54:30","date_gmt":"2025-02-03T18:54:30","guid":{"rendered":"https:\/\/pc.sc.gov.br\/?p=26335"},"modified":"2025-02-03T15:55:37","modified_gmt":"2025-02-03T18:55:37","slug":"dpcami-de-itajai-cumpre-mandado-de-busca-e-prende-em-flagrante-individuo-por-trafico-de-drogas","status":"publish","type":"post","link":"https:\/\/pc.sc.gov.br\/?p=26335","title":{"rendered":"DPCAMI de Itaja\u00ed cumpre mandado de busca e prende em flagrante indiv\u00edduo por tr\u00e1fico de drogas"},"content":{"rendered":"\t\t<div data-elementor-type=\"wp-post\" data-elementor-id=\"26335\" class=\"elementor elementor-26335\" data-elementor-post-type=\"post\">\n\t\t\t\t\t\t<section class=\"elementor-section elementor-top-section elementor-element elementor-element-a17fc9d elementor-section-boxed elementor-section-height-default elementor-section-height-default\" data-id=\"a17fc9d\" data-element_type=\"section\">\n\t\t\t\t\t\t<div class=\"elementor-container elementor-column-gap-default\">\n\t\t\t\t\t<div class=\"elementor-column elementor-col-100 elementor-top-column elementor-element elementor-element-daddc0f\" data-id=\"daddc0f\" data-element_type=\"column\">\n\t\t\t<div class=\"elementor-widget-wrap elementor-element-populated\">\n\t\t\t\t\t\t<div class=\"elementor-element elementor-element-161c56e elementor-widget elementor-widget-heading\" data-id=\"161c56e\" data-element_type=\"widget\" data-widget_type=\"heading.default\">\n\t\t\t\t<div class=\"elementor-widget-container\">\n\t\t\t\t\t<h2 class=\"elementor-heading-title elementor-size-default\">DPCAMI de Itaja\u00ed cumpre mandado de busca e prende em flagrante indiv\u00edduo por tr\u00e1fico de drogas<\/h2>\t\t\t\t<\/div>\n\t\t\t\t<\/div>\n\t\t\t\t\t<\/div>\n\t\t<\/div>\n\t\t\t\t\t<\/div>\n\t\t<\/section>\n\t\t\t\t<section class=\"elementor-section elementor-top-section elementor-element elementor-element-2dbee6a elementor-section-boxed elementor-section-height-default elementor-section-height-default\" data-id=\"2dbee6a\" data-element_type=\"section\">\n\t\t\t\t\t\t<div class=\"elementor-container elementor-column-gap-default\">\n\t\t\t\t\t<div class=\"elementor-column elementor-col-100 elementor-top-column elementor-element elementor-element-9e42fbb\" data-id=\"9e42fbb\" data-element_type=\"column\">\n\t\t\t<div class=\"elementor-widget-wrap elementor-element-populated\">\n\t\t\t\t\t\t<div class=\"elementor-element elementor-element-e9bd46e elementor-widget elementor-widget-image\" data-id=\"e9bd46e\" data-element_type=\"widget\" data-widget_type=\"image.default\">\n\t\t\t\t<div class=\"elementor-widget-container\">\n\t\t\t\t\t\t\t\t\t\t\t\t\t\t\t<img fetchpriority=\"high\" decoding=\"async\" width=\"696\" height=\"586\" src=\"https:\/\/pc.sc.gov.br\/\/wp-content\/uploads\/2025\/02\/0a974c42-3aa5-4f8f-b734-7d871801a2af-fotor-20250203155315-1024x862.jpg\" class=\"attachment-large size-large wp-image-26336\" alt=\"\" srcset=\"https:\/\/pc.sc.gov.br\/\/wp-content\/uploads\/2025\/02\/0a974c42-3aa5-4f8f-b734-7d871801a2af-fotor-20250203155315-1024x862.jpg 1024w, https:\/\/pc.sc.gov.br\/\/wp-content\/uploads\/2025\/02\/0a974c42-3aa5-4f8f-b734-7d871801a2af-fotor-20250203155315-300x253.jpg 300w, https:\/\/pc.sc.gov.br\/\/wp-content\/uploads\/2025\/02\/0a974c42-3aa5-4f8f-b734-7d871801a2af-fotor-20250203155315-768x646.jpg 768w, https:\/\/pc.sc.gov.br\/\/wp-content\/uploads\/2025\/02\/0a974c42-3aa5-4f8f-b734-7d871801a2af-fotor-20250203155315.jpg 1200w\" sizes=\"(max-width: 696px) 100vw, 696px\" \/>\t\t\t\t\t\t\t\t\t\t\t\t\t\t\t<\/div>\n\t\t\t\t<\/div>\n\t\t\t\t\t<\/div>\n\t\t<\/div>\n\t\t\t\t\t<\/div>\n\t\t<\/section>\n\t\t\t\t<section class=\"elementor-section elementor-top-section elementor-element elementor-element-0e9b834 elementor-section-boxed elementor-section-height-default elementor-section-height-default\" data-id=\"0e9b834\" data-element_type=\"section\">\n\t\t\t\t\t\t<div class=\"elementor-container elementor-column-gap-default\">\n\t\t\t\t\t<div class=\"elementor-column elementor-col-100 elementor-top-column elementor-element elementor-element-015a1da\" data-id=\"015a1da\" data-element_type=\"column\">\n\t\t\t<div class=\"elementor-widget-wrap elementor-element-populated\">\n\t\t\t\t\t\t<div class=\"elementor-element elementor-element-bf006ec elementor-widget elementor-widget-text-editor\" data-id=\"bf006ec\" data-element_type=\"widget\" data-widget_type=\"text-editor.default\">\n\t\t\t\t<div class=\"elementor-widget-container\">\n\t\t\t\t\t\t\t\t\t<p>A Pol\u00edcia Civil de Santa Catarina, por meio da DPCAMI DE ITAJA\u00cd, com o apoio do NOC ITAJA\u00cd, cumpriu no s\u00e1bado (31) mandado de busca e apreens\u00e3o na resid\u00eancia de um indiv\u00edduo, por ter amea\u00e7ado sua ex-companheira com uma arma de fogo.<\/p>\n<p>Durante a dilig\u00eancia, os policiais civis n\u00e3o encontraram a arma, mas com a ajuda do K-9 Atos logrou \u00eaxito na localiza\u00e7\u00e3o de mais de seis quilos de maconha, ecstasy e coca\u00edna, al\u00e9m de apetrechos para a comercializa\u00e7\u00e3o da droga.&nbsp;<\/p>\n<p>Dado voz de pris\u00e3o, o investigado foi encaminhado \u00e0 CPP de Itaja\u00ed, unidade policial em que foi autuado em flagrante pelo crime do artigo 33, da Lei de Drogas.<\/p>\n<p><b>Viol\u00eancia Dom\u00e9stica \u00e9 crime. DENUNCIE. Disque 181.<\/b><\/p>\t\t\t\t\t\t\t\t<\/div>\n\t\t\t\t<\/div>\n\t\t\t\t\t<\/div>\n\t\t<\/div>\n\t\t\t\t\t<\/div>\n\t\t<\/section>\n\t\t\t\t<\/div>\n\t\t","protected":false},"excerpt":{"rendered":"<p>DPCAMI de Itaja\u00ed cumpre mandado de busca e prende em flagrante indiv\u00edduo por tr\u00e1fico de drogas A Pol\u00edcia Civil de Santa Catarina, por meio da DPCAMI DE ITAJA\u00cd, com o apoio do NOC ITAJA\u00cd, cumpriu no s\u00e1bado (31) mandado de busca e apreens\u00e3o na resid\u00eancia de um indiv\u00edduo, por ter amea\u00e7ado sua ex-companheira com uma [&hellip;]<\/p>\n","protected":false},"author":5,"featured_media":26336,"comment_status":"closed","ping_status":"open","sticky":false,"template":"","format":"standard","meta":{"_monsterinsights_skip_tracking":false,"_monsterinsights_sitenote_active":false,"_monsterinsights_sitenote_note":"","_monsterinsights_sitenote_category":0,"footnotes":""},"categories":[1],"tags":[],"class_list":["post-26335","post","type-post","status-publish","format-standard","has-post-thumbnail","hentry","category-sem-categoria"],"_links":{"self":[{"href":"https:\/\/pc.sc.gov.br\/index.php?rest_route=\/wp\/v2\/posts\/26335","targetHints":{"allow":["GET"]}}],"collection":[{"href":"https:\/\/pc.sc.gov.br\/index.php?rest_route=\/wp\/v2\/posts"}],"about":[{"href":"https:\/\/pc.sc.gov.br\/index.php?rest_route=\/wp\/v2\/types\/post"}],"author":[{"embeddable":true,"href":"https:\/\/pc.sc.gov.br\/index.php?rest_route=\/wp\/v2\/users\/5"}],"replies":[{"embeddable":true,"href":"https:\/\/pc.sc.gov.br\/index.php?rest_route=%2Fwp%2Fv2%2Fcomments&post=26335"}],"version-history":[{"count":4,"href":"https:\/\/pc.sc.gov.br\/index.php?rest_route=\/wp\/v2\/posts\/26335\/revisions"}],"predecessor-version":[{"id":26340,"href":"https:\/\/pc.sc.gov.br\/index.php?rest_route=\/wp\/v2\/posts\/26335\/revisions\/26340"}],"wp:featuredmedia":[{"embeddable":true,"href":"https:\/\/pc.sc.gov.br\/index.php?rest_route=\/wp\/v2\/media\/26336"}],"wp:attachment":[{"href":"https:\/\/pc.sc.gov.br\/index.php?rest_route=%2Fwp%2Fv2%2Fmedia&parent=26335"}],"wp:term":[{"taxonomy":"category","embeddable":true,"href":"https:\/\/pc.sc.gov.br\/index.php?rest_route=%2Fwp%2Fv2%2Fcategories&post=26335"},{"taxonomy":"post_tag","embeddable":true,"href":"https:\/\/pc.sc.gov.br\/index.php?rest_route=%2Fwp%2Fv2%2Ftags&post=26335"}],"curies":[{"name":"wp","href":"https:\/\/api.w.org\/{rel}","templated":true}]}}