{"id":26345,"date":"2025-02-03T18:22:16","date_gmt":"2025-02-03T21:22:16","guid":{"rendered":"https:\/\/pc.sc.gov.br\/?p=26345"},"modified":"2025-02-03T18:23:35","modified_gmt":"2025-02-03T21:23:35","slug":"policia-civil-prende-homem-em-flagrante-por-estupro-em-balneario-camboriu","status":"publish","type":"post","link":"https:\/\/pc.sc.gov.br\/?p=26345","title":{"rendered":"Pol\u00edcia Civil prende homem em flagrante por estupro em Balne\u00e1rio Cambori\u00fa"},"content":{"rendered":"\t\t<div data-elementor-type=\"wp-post\" data-elementor-id=\"26345\" class=\"elementor elementor-26345\" data-elementor-post-type=\"post\">\n\t\t\t\t\t\t<section class=\"elementor-section elementor-top-section elementor-element elementor-element-6b0098c elementor-section-boxed elementor-section-height-default elementor-section-height-default\" data-id=\"6b0098c\" data-element_type=\"section\">\n\t\t\t\t\t\t<div class=\"elementor-container elementor-column-gap-default\">\n\t\t\t\t\t<div class=\"elementor-column elementor-col-100 elementor-top-column elementor-element elementor-element-c57f87d\" data-id=\"c57f87d\" data-element_type=\"column\">\n\t\t\t<div class=\"elementor-widget-wrap elementor-element-populated\">\n\t\t\t\t\t\t<div class=\"elementor-element elementor-element-87ee3f1 elementor-widget elementor-widget-heading\" data-id=\"87ee3f1\" data-element_type=\"widget\" data-widget_type=\"heading.default\">\n\t\t\t\t<div class=\"elementor-widget-container\">\n\t\t\t\t\t<h2 class=\"elementor-heading-title elementor-size-default\">Pol\u00edcia Civil prende homem em flagrante por estupro em Balne\u00e1rio Cambori\u00fa <\/h2>\t\t\t\t<\/div>\n\t\t\t\t<\/div>\n\t\t\t\t\t<\/div>\n\t\t<\/div>\n\t\t\t\t\t<\/div>\n\t\t<\/section>\n\t\t\t\t<section class=\"elementor-section elementor-top-section elementor-element elementor-element-a243ddc elementor-section-boxed elementor-section-height-default elementor-section-height-default\" data-id=\"a243ddc\" data-element_type=\"section\">\n\t\t\t\t\t\t<div class=\"elementor-container elementor-column-gap-default\">\n\t\t\t\t\t<div class=\"elementor-column elementor-col-100 elementor-top-column elementor-element elementor-element-5c45e47\" data-id=\"5c45e47\" data-element_type=\"column\">\n\t\t\t<div class=\"elementor-widget-wrap elementor-element-populated\">\n\t\t\t\t\t\t<div class=\"elementor-element elementor-element-509804b elementor-widget elementor-widget-image\" data-id=\"509804b\" data-element_type=\"widget\" data-widget_type=\"image.default\">\n\t\t\t\t<div class=\"elementor-widget-container\">\n\t\t\t\t\t\t\t\t\t\t\t\t\t\t\t<img fetchpriority=\"high\" decoding=\"async\" width=\"696\" height=\"464\" src=\"https:\/\/pc.sc.gov.br\/\/wp-content\/uploads\/2025\/01\/54208758413_6ab38a64e9_k-1024x683.jpg\" class=\"attachment-large size-large wp-image-25742\" alt=\"\" srcset=\"https:\/\/pc.sc.gov.br\/\/wp-content\/uploads\/2025\/01\/54208758413_6ab38a64e9_k-1024x683.jpg 1024w, https:\/\/pc.sc.gov.br\/\/wp-content\/uploads\/2025\/01\/54208758413_6ab38a64e9_k-300x200.jpg 300w, https:\/\/pc.sc.gov.br\/\/wp-content\/uploads\/2025\/01\/54208758413_6ab38a64e9_k-768x512.jpg 768w, https:\/\/pc.sc.gov.br\/\/wp-content\/uploads\/2025\/01\/54208758413_6ab38a64e9_k-1536x1024.jpg 1536w, https:\/\/pc.sc.gov.br\/\/wp-content\/uploads\/2025\/01\/54208758413_6ab38a64e9_k.jpg 2048w\" sizes=\"(max-width: 696px) 100vw, 696px\" \/>\t\t\t\t\t\t\t\t\t\t\t\t\t\t\t<\/div>\n\t\t\t\t<\/div>\n\t\t\t\t\t<\/div>\n\t\t<\/div>\n\t\t\t\t\t<\/div>\n\t\t<\/section>\n\t\t\t\t<section class=\"elementor-section elementor-top-section elementor-element elementor-element-8f77db2 elementor-section-boxed elementor-section-height-default elementor-section-height-default\" data-id=\"8f77db2\" data-element_type=\"section\">\n\t\t\t\t\t\t<div class=\"elementor-container elementor-column-gap-default\">\n\t\t\t\t\t<div class=\"elementor-column elementor-col-100 elementor-top-column elementor-element elementor-element-8a22541\" data-id=\"8a22541\" data-element_type=\"column\">\n\t\t\t<div class=\"elementor-widget-wrap elementor-element-populated\">\n\t\t\t\t\t\t<div class=\"elementor-element elementor-element-7952526 elementor-widget elementor-widget-text-editor\" data-id=\"7952526\" data-element_type=\"widget\" data-widget_type=\"text-editor.default\">\n\t\t\t\t<div class=\"elementor-widget-container\">\n\t\t\t\t\t\t\t\t\t<p>Na tarde do domingo (02\/02), a Pol\u00edcia Civil de Santa Catarina, por meio da equipe da Central de Plant\u00e3o Policial de Balne\u00e1rio Cambori\u00fa, prendeu em flagrante um suspeito de estupro. O crime teria ocorrido na manh\u00e3 do domingo, ocasi\u00e3o em que, ap\u00f3s uma festa na resid\u00eancia da pr\u00f3pria v\u00edtima, o suspeito teria se aproveitado que a mesma estava em estado inconsciente para cometer os abusos.<\/p><p>Ao acordar e tomar ci\u00eancia dos fatos por meio de imagens do Sistema de Vigil\u00e2ncia interno da moradia, a v\u00edtima compareceu \u00e0 CPP de Balne\u00e1rio Cambori\u00fa para comunicar o fato e informar que o abusador estava tentando entrar em contato.<\/p><p>Diante da situa\u00e7\u00e3o flagrancial, a equipe de policiais saiu em dilig\u00eancias, vindo a localizar e prender o suspeito em Balne\u00e1rio Cambori\u00fa.<\/p><p>Ap\u00f3s a lavratura do auto de pris\u00e3o em flagrante, o investigado foi conduzido ao Pres\u00eddio do Vale do Itaja\u00ed.<\/p>\t\t\t\t\t\t\t\t<\/div>\n\t\t\t\t<\/div>\n\t\t\t\t\t<\/div>\n\t\t<\/div>\n\t\t\t\t\t<\/div>\n\t\t<\/section>\n\t\t\t\t<\/div>\n\t\t","protected":false},"excerpt":{"rendered":"<p>Pol\u00edcia Civil prende homem em flagrante por estupro em Balne\u00e1rio Cambori\u00fa Na tarde do domingo (02\/02), a Pol\u00edcia Civil de Santa Catarina, por meio da equipe da Central de Plant\u00e3o Policial de Balne\u00e1rio Cambori\u00fa, prendeu em flagrante um suspeito de estupro. O crime teria ocorrido na manh\u00e3 do domingo, ocasi\u00e3o em que, ap\u00f3s uma festa [&hellip;]<\/p>\n","protected":false},"author":5,"featured_media":25742,"comment_status":"closed","ping_status":"open","sticky":false,"template":"","format":"standard","meta":{"_monsterinsights_skip_tracking":false,"_monsterinsights_sitenote_active":false,"_monsterinsights_sitenote_note":"","_monsterinsights_sitenote_category":0,"footnotes":""},"categories":[1],"tags":[],"class_list":["post-26345","post","type-post","status-publish","format-standard","has-post-thumbnail","hentry","category-sem-categoria"],"_links":{"self":[{"href":"https:\/\/pc.sc.gov.br\/index.php?rest_route=\/wp\/v2\/posts\/26345","targetHints":{"allow":["GET"]}}],"collection":[{"href":"https:\/\/pc.sc.gov.br\/index.php?rest_route=\/wp\/v2\/posts"}],"about":[{"href":"https:\/\/pc.sc.gov.br\/index.php?rest_route=\/wp\/v2\/types\/post"}],"author":[{"embeddable":true,"href":"https:\/\/pc.sc.gov.br\/index.php?rest_route=\/wp\/v2\/users\/5"}],"replies":[{"embeddable":true,"href":"https:\/\/pc.sc.gov.br\/index.php?rest_route=%2Fwp%2Fv2%2Fcomments&post=26345"}],"version-history":[{"count":4,"href":"https:\/\/pc.sc.gov.br\/index.php?rest_route=\/wp\/v2\/posts\/26345\/revisions"}],"predecessor-version":[{"id":26349,"href":"https:\/\/pc.sc.gov.br\/index.php?rest_route=\/wp\/v2\/posts\/26345\/revisions\/26349"}],"wp:featuredmedia":[{"embeddable":true,"href":"https:\/\/pc.sc.gov.br\/index.php?rest_route=\/wp\/v2\/media\/25742"}],"wp:attachment":[{"href":"https:\/\/pc.sc.gov.br\/index.php?rest_route=%2Fwp%2Fv2%2Fmedia&parent=26345"}],"wp:term":[{"taxonomy":"category","embeddable":true,"href":"https:\/\/pc.sc.gov.br\/index.php?rest_route=%2Fwp%2Fv2%2Fcategories&post=26345"},{"taxonomy":"post_tag","embeddable":true,"href":"https:\/\/pc.sc.gov.br\/index.php?rest_route=%2Fwp%2Fv2%2Ftags&post=26345"}],"curies":[{"name":"wp","href":"https:\/\/api.w.org\/{rel}","templated":true}]}}