{"id":26356,"date":"2025-02-04T14:32:31","date_gmt":"2025-02-04T17:32:31","guid":{"rendered":"https:\/\/pc.sc.gov.br\/?p=26356"},"modified":"2025-02-04T14:54:56","modified_gmt":"2025-02-04T17:54:56","slug":"operacao-helios-delegacia-de-defraudacoes-da-deic-cumpre-mandados-de-busca-em-investigacao-sobre-venda-de-sistema-fotovoltaico","status":"publish","type":"post","link":"https:\/\/pc.sc.gov.br\/?p=26356","title":{"rendered":"Opera\u00e7\u00e3o Helios: Delegacia de Defrauda\u00e7\u00f5es da DEIC cumpre mandados de busca em investiga\u00e7\u00e3o sobre venda de sistema fotovoltaico"},"content":{"rendered":"\t\t<div data-elementor-type=\"wp-post\" data-elementor-id=\"26356\" class=\"elementor elementor-26356\" data-elementor-post-type=\"post\">\n\t\t\t\t\t\t<section class=\"elementor-section elementor-top-section elementor-element elementor-element-b7467e8 elementor-section-boxed elementor-section-height-default elementor-section-height-default\" data-id=\"b7467e8\" data-element_type=\"section\">\n\t\t\t\t\t\t<div class=\"elementor-container elementor-column-gap-default\">\n\t\t\t\t\t<div class=\"elementor-column elementor-col-100 elementor-top-column elementor-element elementor-element-8fd1475\" data-id=\"8fd1475\" data-element_type=\"column\">\n\t\t\t<div class=\"elementor-widget-wrap elementor-element-populated\">\n\t\t\t\t\t\t<div class=\"elementor-element elementor-element-d9e924e elementor-widget elementor-widget-heading\" data-id=\"d9e924e\" data-element_type=\"widget\" data-widget_type=\"heading.default\">\n\t\t\t\t<div class=\"elementor-widget-container\">\n\t\t\t\t\t<h2 class=\"elementor-heading-title elementor-size-default\">Opera\u00e7\u00e3o Helios: Delegacia de Defrauda\u00e7\u00f5es da DEIC cumpre mandados de busca em investiga\u00e7\u00e3o sobre venda de sistema fotovoltaico<\/h2>\t\t\t\t<\/div>\n\t\t\t\t<\/div>\n\t\t\t\t\t<\/div>\n\t\t<\/div>\n\t\t\t\t\t<\/div>\n\t\t<\/section>\n\t\t\t\t<section class=\"elementor-section elementor-top-section elementor-element elementor-element-e3de8ef elementor-section-boxed elementor-section-height-default elementor-section-height-default\" data-id=\"e3de8ef\" data-element_type=\"section\">\n\t\t\t\t\t\t<div class=\"elementor-container elementor-column-gap-default\">\n\t\t\t\t\t<div class=\"elementor-column elementor-col-100 elementor-top-column elementor-element elementor-element-72f183a\" data-id=\"72f183a\" data-element_type=\"column\">\n\t\t\t<div class=\"elementor-widget-wrap elementor-element-populated\">\n\t\t\t\t\t\t<div class=\"elementor-element elementor-element-24f3691 elementor-widget elementor-widget-image\" data-id=\"24f3691\" data-element_type=\"widget\" data-widget_type=\"image.default\">\n\t\t\t\t<div class=\"elementor-widget-container\">\n\t\t\t\t\t\t\t\t\t\t\t\t\t\t\t<img fetchpriority=\"high\" decoding=\"async\" width=\"696\" height=\"490\" src=\"https:\/\/pc.sc.gov.br\/\/wp-content\/uploads\/2025\/02\/1cbf343c-ddf5-472f-a896-c1bcf027246d-fotor-20250204143031-1024x721.jpg\" class=\"attachment-large size-large wp-image-26357\" alt=\"\" srcset=\"https:\/\/pc.sc.gov.br\/\/wp-content\/uploads\/2025\/02\/1cbf343c-ddf5-472f-a896-c1bcf027246d-fotor-20250204143031-1024x721.jpg 1024w, https:\/\/pc.sc.gov.br\/\/wp-content\/uploads\/2025\/02\/1cbf343c-ddf5-472f-a896-c1bcf027246d-fotor-20250204143031-300x211.jpg 300w, https:\/\/pc.sc.gov.br\/\/wp-content\/uploads\/2025\/02\/1cbf343c-ddf5-472f-a896-c1bcf027246d-fotor-20250204143031-768x541.jpg 768w, https:\/\/pc.sc.gov.br\/\/wp-content\/uploads\/2025\/02\/1cbf343c-ddf5-472f-a896-c1bcf027246d-fotor-20250204143031.jpg 1200w\" sizes=\"(max-width: 696px) 100vw, 696px\" \/>\t\t\t\t\t\t\t\t\t\t\t\t\t\t\t<\/div>\n\t\t\t\t<\/div>\n\t\t\t\t\t<\/div>\n\t\t<\/div>\n\t\t\t\t\t<\/div>\n\t\t<\/section>\n\t\t\t\t<section class=\"elementor-section elementor-top-section elementor-element elementor-element-e723327 elementor-section-boxed elementor-section-height-default elementor-section-height-default\" data-id=\"e723327\" data-element_type=\"section\">\n\t\t\t\t\t\t<div class=\"elementor-container elementor-column-gap-default\">\n\t\t\t\t\t<div class=\"elementor-column elementor-col-100 elementor-top-column elementor-element elementor-element-a6c89e8\" data-id=\"a6c89e8\" data-element_type=\"column\">\n\t\t\t<div class=\"elementor-widget-wrap elementor-element-populated\">\n\t\t\t\t\t\t<div class=\"elementor-element elementor-element-8c0af98 elementor-widget elementor-widget-text-editor\" data-id=\"8c0af98\" data-element_type=\"widget\" data-widget_type=\"text-editor.default\">\n\t\t\t\t<div class=\"elementor-widget-container\">\n\t\t\t\t\t\t\t\t\t<p>A Pol\u00edcia Civil de Santa Catarina, por meio da Delegacia de Defrauda\u00e7\u00f5es (DD\/DEIC) deflagrou nesta ter\u00e7a-feira (04) a opera\u00e7\u00e3o Helios cumprindo 07 mandados de busca e apreens\u00e3o nas cidades de S\u00e3o Jos\u00e9 e Palho\u00e7a, al\u00e9m do bloqueio de R$ 594.895,06, no intuito de recuperar os valores transferidos pela v\u00edtima.<\/p><p>Durante a investiga\u00e7\u00e3o apurou-se que o investigado, propriet\u00e1rio de empresa de tecnologia e com\u00e9rcio de equipamentos eletr\u00f4nicos teria vendido um sistema fotovoltaico, de gera\u00e7\u00e3o de energia solar, para a v\u00edtima no valor de R$ 594.895,06, no in\u00edcio de 2022, com prazo de entrega de 90 dias, o qual n\u00e3o foi entregue at\u00e9 a presente data.<\/p><p>Al\u00e9m do fato acima mencionado, existem diversos outros registros de ocorr\u00eancia de vendas realizadas pelo investigado e n\u00e3o entregues, o que caracteriza em tese o crime de estelionato.<\/p><p>Foram apreendidos documentos que ser\u00e3o analisados para a continuidade das investiga\u00e7\u00f5es e identifica\u00e7\u00e3o dos demais envolvidos, bem como de outras v\u00edtimas, al\u00e9m de um ve\u00edculo Land Rover.<\/p>\t\t\t\t\t\t\t\t<\/div>\n\t\t\t\t<\/div>\n\t\t\t\t\t<\/div>\n\t\t<\/div>\n\t\t\t\t\t<\/div>\n\t\t<\/section>\n\t\t\t\t<\/div>\n\t\t","protected":false},"excerpt":{"rendered":"<p>Opera\u00e7\u00e3o Helios: Delegacia de Defrauda\u00e7\u00f5es da DEIC cumpre mandados de busca em investiga\u00e7\u00e3o sobre venda de sistema fotovoltaico A Pol\u00edcia Civil de Santa Catarina, por meio da Delegacia de Defrauda\u00e7\u00f5es (DD\/DEIC) deflagrou nesta ter\u00e7a-feira (04) a opera\u00e7\u00e3o Helios cumprindo 07 mandados de busca e apreens\u00e3o nas cidades de S\u00e3o Jos\u00e9 e Palho\u00e7a, al\u00e9m do bloqueio [&hellip;]<\/p>\n","protected":false},"author":5,"featured_media":26361,"comment_status":"closed","ping_status":"open","sticky":false,"template":"","format":"standard","meta":{"_monsterinsights_skip_tracking":false,"_monsterinsights_sitenote_active":false,"_monsterinsights_sitenote_note":"","_monsterinsights_sitenote_category":0,"footnotes":""},"categories":[1],"tags":[],"class_list":["post-26356","post","type-post","status-publish","format-standard","has-post-thumbnail","hentry","category-sem-categoria"],"_links":{"self":[{"href":"https:\/\/pc.sc.gov.br\/index.php?rest_route=\/wp\/v2\/posts\/26356","targetHints":{"allow":["GET"]}}],"collection":[{"href":"https:\/\/pc.sc.gov.br\/index.php?rest_route=\/wp\/v2\/posts"}],"about":[{"href":"https:\/\/pc.sc.gov.br\/index.php?rest_route=\/wp\/v2\/types\/post"}],"author":[{"embeddable":true,"href":"https:\/\/pc.sc.gov.br\/index.php?rest_route=\/wp\/v2\/users\/5"}],"replies":[{"embeddable":true,"href":"https:\/\/pc.sc.gov.br\/index.php?rest_route=%2Fwp%2Fv2%2Fcomments&post=26356"}],"version-history":[{"count":3,"href":"https:\/\/pc.sc.gov.br\/index.php?rest_route=\/wp\/v2\/posts\/26356\/revisions"}],"predecessor-version":[{"id":26360,"href":"https:\/\/pc.sc.gov.br\/index.php?rest_route=\/wp\/v2\/posts\/26356\/revisions\/26360"}],"wp:featuredmedia":[{"embeddable":true,"href":"https:\/\/pc.sc.gov.br\/index.php?rest_route=\/wp\/v2\/media\/26361"}],"wp:attachment":[{"href":"https:\/\/pc.sc.gov.br\/index.php?rest_route=%2Fwp%2Fv2%2Fmedia&parent=26356"}],"wp:term":[{"taxonomy":"category","embeddable":true,"href":"https:\/\/pc.sc.gov.br\/index.php?rest_route=%2Fwp%2Fv2%2Fcategories&post=26356"},{"taxonomy":"post_tag","embeddable":true,"href":"https:\/\/pc.sc.gov.br\/index.php?rest_route=%2Fwp%2Fv2%2Ftags&post=26356"}],"curies":[{"name":"wp","href":"https:\/\/api.w.org\/{rel}","templated":true}]}}