{"id":26362,"date":"2025-02-04T15:17:46","date_gmt":"2025-02-04T18:17:46","guid":{"rendered":"https:\/\/pc.sc.gov.br\/?p=26362"},"modified":"2025-02-04T15:18:48","modified_gmt":"2025-02-04T18:18:48","slug":"em-sangao-pcsc-prende-homem-acusado-de-tentativa-de-homicidio","status":"publish","type":"post","link":"https:\/\/pc.sc.gov.br\/?p=26362","title":{"rendered":"Em Sang\u00e3o, PCSC prende homem acusado de tentativa de homic\u00eddio"},"content":{"rendered":"\t\t<div data-elementor-type=\"wp-post\" data-elementor-id=\"26362\" class=\"elementor elementor-26362\" data-elementor-post-type=\"post\">\n\t\t\t\t\t\t<section class=\"elementor-section elementor-top-section elementor-element elementor-element-51a1bf9 elementor-section-boxed elementor-section-height-default elementor-section-height-default\" data-id=\"51a1bf9\" data-element_type=\"section\">\n\t\t\t\t\t\t<div class=\"elementor-container elementor-column-gap-default\">\n\t\t\t\t\t<div class=\"elementor-column elementor-col-100 elementor-top-column elementor-element elementor-element-c41fd74\" data-id=\"c41fd74\" data-element_type=\"column\">\n\t\t\t<div class=\"elementor-widget-wrap elementor-element-populated\">\n\t\t\t\t\t\t<div class=\"elementor-element elementor-element-915bfec elementor-widget elementor-widget-heading\" data-id=\"915bfec\" data-element_type=\"widget\" data-widget_type=\"heading.default\">\n\t\t\t\t<div class=\"elementor-widget-container\">\n\t\t\t\t\t<h2 class=\"elementor-heading-title elementor-size-default\">Em Sang\u00e3o, PCSC prende homem acusado de tentativa de homic\u00eddio<\/h2>\t\t\t\t<\/div>\n\t\t\t\t<\/div>\n\t\t\t\t\t<\/div>\n\t\t<\/div>\n\t\t\t\t\t<\/div>\n\t\t<\/section>\n\t\t\t\t<section class=\"elementor-section elementor-top-section elementor-element elementor-element-6669309 elementor-section-boxed elementor-section-height-default elementor-section-height-default\" data-id=\"6669309\" data-element_type=\"section\">\n\t\t\t\t\t\t<div class=\"elementor-container elementor-column-gap-default\">\n\t\t\t\t\t<div class=\"elementor-column elementor-col-100 elementor-top-column elementor-element elementor-element-3420f7d\" data-id=\"3420f7d\" data-element_type=\"column\">\n\t\t\t<div class=\"elementor-widget-wrap elementor-element-populated\">\n\t\t\t\t\t\t<div class=\"elementor-element elementor-element-66e500e elementor-widget elementor-widget-image\" data-id=\"66e500e\" data-element_type=\"widget\" data-widget_type=\"image.default\">\n\t\t\t\t<div class=\"elementor-widget-container\">\n\t\t\t\t\t\t\t\t\t\t\t\t\t\t\t<img fetchpriority=\"high\" decoding=\"async\" width=\"486\" height=\"254\" src=\"https:\/\/pc.sc.gov.br\/\/wp-content\/uploads\/2024\/12\/WhatsApp-Image-2024-03-19-at-3.22.02-PM-fotor-2024050314416.jpg\" class=\"attachment-large size-large wp-image-25384\" alt=\"\" srcset=\"https:\/\/pc.sc.gov.br\/\/wp-content\/uploads\/2024\/12\/WhatsApp-Image-2024-03-19-at-3.22.02-PM-fotor-2024050314416.jpg 486w, https:\/\/pc.sc.gov.br\/\/wp-content\/uploads\/2024\/12\/WhatsApp-Image-2024-03-19-at-3.22.02-PM-fotor-2024050314416-300x157.jpg 300w\" sizes=\"(max-width: 486px) 100vw, 486px\" \/>\t\t\t\t\t\t\t\t\t\t\t\t\t\t\t<\/div>\n\t\t\t\t<\/div>\n\t\t\t\t\t<\/div>\n\t\t<\/div>\n\t\t\t\t\t<\/div>\n\t\t<\/section>\n\t\t\t\t<section class=\"elementor-section elementor-top-section elementor-element elementor-element-b16762e elementor-section-boxed elementor-section-height-default elementor-section-height-default\" data-id=\"b16762e\" data-element_type=\"section\">\n\t\t\t\t\t\t<div class=\"elementor-container elementor-column-gap-default\">\n\t\t\t\t\t<div class=\"elementor-column elementor-col-100 elementor-top-column elementor-element elementor-element-2b08b6c\" data-id=\"2b08b6c\" data-element_type=\"column\">\n\t\t\t<div class=\"elementor-widget-wrap elementor-element-populated\">\n\t\t\t\t\t\t<div class=\"elementor-element elementor-element-4f596b0 elementor-widget elementor-widget-text-editor\" data-id=\"4f596b0\" data-element_type=\"widget\" data-widget_type=\"text-editor.default\">\n\t\t\t\t<div class=\"elementor-widget-container\">\n\t\t\t\t\t\t\t\t\t<p>A Pol\u00edcia Civil de Santa Catarina, por meio da Delegacia de Pol\u00edcia de Sang\u00e3o, ap\u00f3s instaura\u00e7\u00e3o de um Inqu\u00e9rito Pol\u00edcial prendeu na segunda-feira (03) um homem de 39 anos de idade, acusado de tentativa de homic\u00eddio.<\/p>\n<p>No final do ano passado, em um bar na localidade de Garganta, ap\u00f3s um desentendimento, esse homem acabou sacando uma faca e desferindo v\u00e1rios golpes contra o abd\u00f4men da v\u00edtima, levando-a a ficar internada na UTI do hospital por quase 15 dias.&nbsp;<span style=\"font-family: var( --e-global-typography-primary-font-family ), Sans-serif; font-size: var( --e-global-typography-primary-font-size ); font-weight: var( --e-global-typography-primary-font-weight ); letter-spacing: var( --e-global-typography-primary-letter-spacing );\">Ap\u00f3s o crime, o homem fugiu da cidade, sendo ent\u00e3o requisitada sua pris\u00e3o tempor\u00e1ria, que foi deferida pelo Poder Judici\u00e1rio.<\/span><\/p>\n<p>Ap\u00f3s v\u00e1rios dias de investiga\u00e7\u00f5es, o autor foi localizado e&nbsp; preso no bairro Ibirapuera na cidade de Morro da Fuma\u00e7a. O autor do fato possui diversas passagens policiais e , ap\u00f3s interrogat\u00f3rio na Delegacia de Sang\u00e3o foi conduzido ao Pres\u00eddio Regional de Tubar\u00e3o.<\/p>\t\t\t\t\t\t\t\t<\/div>\n\t\t\t\t<\/div>\n\t\t\t\t\t<\/div>\n\t\t<\/div>\n\t\t\t\t\t<\/div>\n\t\t<\/section>\n\t\t\t\t<\/div>\n\t\t","protected":false},"excerpt":{"rendered":"<p>Em Sang\u00e3o, PCSC prende homem acusado de tentativa de homic\u00eddio A Pol\u00edcia Civil de Santa Catarina, por meio da Delegacia de Pol\u00edcia de Sang\u00e3o, ap\u00f3s instaura\u00e7\u00e3o de um Inqu\u00e9rito Pol\u00edcial prendeu na segunda-feira (03) um homem de 39 anos de idade, acusado de tentativa de homic\u00eddio. No final do ano passado, em um bar na [&hellip;]<\/p>\n","protected":false},"author":5,"featured_media":25384,"comment_status":"closed","ping_status":"open","sticky":false,"template":"","format":"standard","meta":{"_monsterinsights_skip_tracking":false,"_monsterinsights_sitenote_active":false,"_monsterinsights_sitenote_note":"","_monsterinsights_sitenote_category":0,"footnotes":""},"categories":[1],"tags":[],"class_list":["post-26362","post","type-post","status-publish","format-standard","has-post-thumbnail","hentry","category-sem-categoria"],"_links":{"self":[{"href":"https:\/\/pc.sc.gov.br\/index.php?rest_route=\/wp\/v2\/posts\/26362","targetHints":{"allow":["GET"]}}],"collection":[{"href":"https:\/\/pc.sc.gov.br\/index.php?rest_route=\/wp\/v2\/posts"}],"about":[{"href":"https:\/\/pc.sc.gov.br\/index.php?rest_route=\/wp\/v2\/types\/post"}],"author":[{"embeddable":true,"href":"https:\/\/pc.sc.gov.br\/index.php?rest_route=\/wp\/v2\/users\/5"}],"replies":[{"embeddable":true,"href":"https:\/\/pc.sc.gov.br\/index.php?rest_route=%2Fwp%2Fv2%2Fcomments&post=26362"}],"version-history":[{"count":4,"href":"https:\/\/pc.sc.gov.br\/index.php?rest_route=\/wp\/v2\/posts\/26362\/revisions"}],"predecessor-version":[{"id":26366,"href":"https:\/\/pc.sc.gov.br\/index.php?rest_route=\/wp\/v2\/posts\/26362\/revisions\/26366"}],"wp:featuredmedia":[{"embeddable":true,"href":"https:\/\/pc.sc.gov.br\/index.php?rest_route=\/wp\/v2\/media\/25384"}],"wp:attachment":[{"href":"https:\/\/pc.sc.gov.br\/index.php?rest_route=%2Fwp%2Fv2%2Fmedia&parent=26362"}],"wp:term":[{"taxonomy":"category","embeddable":true,"href":"https:\/\/pc.sc.gov.br\/index.php?rest_route=%2Fwp%2Fv2%2Fcategories&post=26362"},{"taxonomy":"post_tag","embeddable":true,"href":"https:\/\/pc.sc.gov.br\/index.php?rest_route=%2Fwp%2Fv2%2Ftags&post=26362"}],"curies":[{"name":"wp","href":"https:\/\/api.w.org\/{rel}","templated":true}]}}