{"id":26367,"date":"2025-02-04T17:11:13","date_gmt":"2025-02-04T20:11:13","guid":{"rendered":"https:\/\/pc.sc.gov.br\/?p=26367"},"modified":"2025-02-04T17:11:57","modified_gmt":"2025-02-04T20:11:57","slug":"policia-civil-recupera-veiculo-furtado-em-operacao-conjunta-com-a-guarda-municipal-de-sao-jose","status":"publish","type":"post","link":"https:\/\/pc.sc.gov.br\/?p=26367","title":{"rendered":"Pol\u00edcia Civil recupera ve\u00edculo furtado em opera\u00e7\u00e3o conjunta com a Guarda Municipal de S\u00e3o Jos\u00e9"},"content":{"rendered":"\t\t<div data-elementor-type=\"wp-post\" data-elementor-id=\"26367\" class=\"elementor elementor-26367\" data-elementor-post-type=\"post\">\n\t\t\t\t\t\t<section class=\"elementor-section elementor-top-section elementor-element elementor-element-dc7d317 elementor-section-boxed elementor-section-height-default elementor-section-height-default\" data-id=\"dc7d317\" data-element_type=\"section\">\n\t\t\t\t\t\t<div class=\"elementor-container elementor-column-gap-default\">\n\t\t\t\t\t<div class=\"elementor-column elementor-col-100 elementor-top-column elementor-element elementor-element-79259cc\" data-id=\"79259cc\" data-element_type=\"column\">\n\t\t\t<div class=\"elementor-widget-wrap elementor-element-populated\">\n\t\t\t\t\t\t<div class=\"elementor-element elementor-element-dd2199f elementor-widget elementor-widget-heading\" data-id=\"dd2199f\" data-element_type=\"widget\" data-widget_type=\"heading.default\">\n\t\t\t\t<div class=\"elementor-widget-container\">\n\t\t\t\t\t<h2 class=\"elementor-heading-title elementor-size-default\">Pol\u00edcia Civil recupera ve\u00edculo furtado em opera\u00e7\u00e3o conjunta com a Guarda Municipal de S\u00e3o Jos\u00e9\n<\/h2>\t\t\t\t<\/div>\n\t\t\t\t<\/div>\n\t\t\t\t\t<\/div>\n\t\t<\/div>\n\t\t\t\t\t<\/div>\n\t\t<\/section>\n\t\t\t\t<section class=\"elementor-section elementor-top-section elementor-element elementor-element-e51ca9a elementor-section-boxed elementor-section-height-default elementor-section-height-default\" data-id=\"e51ca9a\" data-element_type=\"section\">\n\t\t\t\t\t\t<div class=\"elementor-container elementor-column-gap-default\">\n\t\t\t\t\t<div class=\"elementor-column elementor-col-100 elementor-top-column elementor-element elementor-element-44d1bc9\" data-id=\"44d1bc9\" data-element_type=\"column\">\n\t\t\t<div class=\"elementor-widget-wrap elementor-element-populated\">\n\t\t\t\t\t\t<div class=\"elementor-element elementor-element-7f49ab0 elementor-widget elementor-widget-image\" data-id=\"7f49ab0\" data-element_type=\"widget\" data-widget_type=\"image.default\">\n\t\t\t\t<div class=\"elementor-widget-container\">\n\t\t\t\t\t\t\t\t\t\t\t\t\t\t\t<img fetchpriority=\"high\" decoding=\"async\" width=\"696\" height=\"521\" src=\"https:\/\/pc.sc.gov.br\/\/wp-content\/uploads\/2024\/06\/DEIC-1024x767.jpg\" class=\"attachment-large size-large wp-image-21428\" alt=\"\" srcset=\"https:\/\/pc.sc.gov.br\/\/wp-content\/uploads\/2024\/06\/DEIC-1024x767.jpg 1024w, https:\/\/pc.sc.gov.br\/\/wp-content\/uploads\/2024\/06\/DEIC-300x225.jpg 300w, https:\/\/pc.sc.gov.br\/\/wp-content\/uploads\/2024\/06\/DEIC-768x575.jpg 768w, https:\/\/pc.sc.gov.br\/\/wp-content\/uploads\/2024\/06\/DEIC.jpg 1280w\" sizes=\"(max-width: 696px) 100vw, 696px\" \/>\t\t\t\t\t\t\t\t\t\t\t\t\t\t\t<\/div>\n\t\t\t\t<\/div>\n\t\t\t\t\t<\/div>\n\t\t<\/div>\n\t\t\t\t\t<\/div>\n\t\t<\/section>\n\t\t\t\t<section class=\"elementor-section elementor-top-section elementor-element elementor-element-87259ff elementor-section-boxed elementor-section-height-default elementor-section-height-default\" data-id=\"87259ff\" data-element_type=\"section\">\n\t\t\t\t\t\t<div class=\"elementor-container elementor-column-gap-default\">\n\t\t\t\t\t<div class=\"elementor-column elementor-col-100 elementor-top-column elementor-element elementor-element-57e4322\" data-id=\"57e4322\" data-element_type=\"column\">\n\t\t\t<div class=\"elementor-widget-wrap elementor-element-populated\">\n\t\t\t\t\t\t<div class=\"elementor-element elementor-element-34a08df elementor-widget elementor-widget-text-editor\" data-id=\"34a08df\" data-element_type=\"widget\" data-widget_type=\"text-editor.default\">\n\t\t\t\t<div class=\"elementor-widget-container\">\n\t\t\t\t\t\t\t\t\t<p>Uma a\u00e7\u00e3o integrada entre a Pol\u00edcia Civil de Santa Catarina, por meio da Delegacia de Furtos e Roubos de Ve\u00edculos (DFRV) da Diretoria Estadual de Investiga\u00e7\u00f5es Criminais (DEIC), e a Guarda Municipal de S\u00e3o Jos\u00e9, por meio do N\u00facleo de Intelig\u00eancia (NUINT), resultou na recupera\u00e7\u00e3o de um ve\u00edculo furtado na segunda-feira (03\/02).<\/p><p>O autom\u00f3vel, que havia sido subtra\u00eddo na cidade de Itaja\u00ed, foi localizado e apreendido durante a opera\u00e7\u00e3o. O condutor do ve\u00edculo foi encaminhado \u00e0 DFRV, onde prestou depoimento e alegou ter adquirido o carro por meio de negocia\u00e7\u00f5es em redes sociais. Ele responder\u00e1 a inqu\u00e9rito policial.<\/p><p>As investiga\u00e7\u00f5es seguem em andamento para identificar e desarticular o grupo criminoso respons\u00e1vel pelos furtos de ve\u00edculos no Litoral Norte de Santa Catarina, que utiliza plataformas digitais para comercializar os autom\u00f3veis de origem il\u00edcita.<\/p>\t\t\t\t\t\t\t\t<\/div>\n\t\t\t\t<\/div>\n\t\t\t\t\t<\/div>\n\t\t<\/div>\n\t\t\t\t\t<\/div>\n\t\t<\/section>\n\t\t\t\t<\/div>\n\t\t","protected":false},"excerpt":{"rendered":"<p>Pol\u00edcia Civil recupera ve\u00edculo furtado em opera\u00e7\u00e3o conjunta com a Guarda Municipal de S\u00e3o Jos\u00e9 Uma a\u00e7\u00e3o integrada entre a Pol\u00edcia Civil de Santa Catarina, por meio da Delegacia de Furtos e Roubos de Ve\u00edculos (DFRV) da Diretoria Estadual de Investiga\u00e7\u00f5es Criminais (DEIC), e a Guarda Municipal de S\u00e3o Jos\u00e9, por meio do N\u00facleo de [&hellip;]<\/p>\n","protected":false},"author":5,"featured_media":21428,"comment_status":"closed","ping_status":"open","sticky":false,"template":"","format":"standard","meta":{"_monsterinsights_skip_tracking":false,"_monsterinsights_sitenote_active":false,"_monsterinsights_sitenote_note":"","_monsterinsights_sitenote_category":0,"footnotes":""},"categories":[1],"tags":[],"class_list":["post-26367","post","type-post","status-publish","format-standard","has-post-thumbnail","hentry","category-sem-categoria"],"_links":{"self":[{"href":"https:\/\/pc.sc.gov.br\/index.php?rest_route=\/wp\/v2\/posts\/26367","targetHints":{"allow":["GET"]}}],"collection":[{"href":"https:\/\/pc.sc.gov.br\/index.php?rest_route=\/wp\/v2\/posts"}],"about":[{"href":"https:\/\/pc.sc.gov.br\/index.php?rest_route=\/wp\/v2\/types\/post"}],"author":[{"embeddable":true,"href":"https:\/\/pc.sc.gov.br\/index.php?rest_route=\/wp\/v2\/users\/5"}],"replies":[{"embeddable":true,"href":"https:\/\/pc.sc.gov.br\/index.php?rest_route=%2Fwp%2Fv2%2Fcomments&post=26367"}],"version-history":[{"count":4,"href":"https:\/\/pc.sc.gov.br\/index.php?rest_route=\/wp\/v2\/posts\/26367\/revisions"}],"predecessor-version":[{"id":26371,"href":"https:\/\/pc.sc.gov.br\/index.php?rest_route=\/wp\/v2\/posts\/26367\/revisions\/26371"}],"wp:featuredmedia":[{"embeddable":true,"href":"https:\/\/pc.sc.gov.br\/index.php?rest_route=\/wp\/v2\/media\/21428"}],"wp:attachment":[{"href":"https:\/\/pc.sc.gov.br\/index.php?rest_route=%2Fwp%2Fv2%2Fmedia&parent=26367"}],"wp:term":[{"taxonomy":"category","embeddable":true,"href":"https:\/\/pc.sc.gov.br\/index.php?rest_route=%2Fwp%2Fv2%2Fcategories&post=26367"},{"taxonomy":"post_tag","embeddable":true,"href":"https:\/\/pc.sc.gov.br\/index.php?rest_route=%2Fwp%2Fv2%2Ftags&post=26367"}],"curies":[{"name":"wp","href":"https:\/\/api.w.org\/{rel}","templated":true}]}}