{"id":26372,"date":"2025-02-04T17:26:55","date_gmt":"2025-02-04T20:26:55","guid":{"rendered":"https:\/\/pc.sc.gov.br\/?p=26372"},"modified":"2025-02-04T17:31:25","modified_gmt":"2025-02-04T20:31:25","slug":"acao-conjunta-entre-pcsc-e-pcrs-resulta-na-prisao-de-homem-investigado-por-violencia-domestica-contra-ex-companheira-e-filha-de-apenas-2-meses","status":"publish","type":"post","link":"https:\/\/pc.sc.gov.br\/?p=26372","title":{"rendered":"A\u00e7\u00e3o conjunta entre PCSC e PCRS resulta na pris\u00e3o de homem investigado por viol\u00eancia dom\u00e9stica contra ex-companheira e filha de apenas 2 meses"},"content":{"rendered":"\t\t<div data-elementor-type=\"wp-post\" data-elementor-id=\"26372\" class=\"elementor elementor-26372\" data-elementor-post-type=\"post\">\n\t\t\t\t\t\t<section class=\"elementor-section elementor-top-section elementor-element elementor-element-afbebaa elementor-section-boxed elementor-section-height-default elementor-section-height-default\" data-id=\"afbebaa\" data-element_type=\"section\">\n\t\t\t\t\t\t<div class=\"elementor-container elementor-column-gap-default\">\n\t\t\t\t\t<div class=\"elementor-column elementor-col-100 elementor-top-column elementor-element elementor-element-af4d631\" data-id=\"af4d631\" data-element_type=\"column\">\n\t\t\t<div class=\"elementor-widget-wrap elementor-element-populated\">\n\t\t\t\t\t\t<div class=\"elementor-element elementor-element-61cf534 elementor-widget elementor-widget-heading\" data-id=\"61cf534\" data-element_type=\"widget\" data-widget_type=\"heading.default\">\n\t\t\t\t<div class=\"elementor-widget-container\">\n\t\t\t\t\t<h2 class=\"elementor-heading-title elementor-size-default\">A\u00e7\u00e3o conjunta entre PCSC e PCRS resulta na pris\u00e3o de investigado por viol\u00eancia dom\u00e9stica contra ex-companheira e filha de apenas 2 meses<\/h2>\t\t\t\t<\/div>\n\t\t\t\t<\/div>\n\t\t\t\t\t<\/div>\n\t\t<\/div>\n\t\t\t\t\t<\/div>\n\t\t<\/section>\n\t\t\t\t<section class=\"elementor-section elementor-top-section elementor-element elementor-element-2bb6da1 elementor-section-boxed elementor-section-height-default elementor-section-height-default\" data-id=\"2bb6da1\" data-element_type=\"section\">\n\t\t\t\t\t\t<div class=\"elementor-container elementor-column-gap-default\">\n\t\t\t\t\t<div class=\"elementor-column elementor-col-100 elementor-top-column elementor-element elementor-element-27eece9\" data-id=\"27eece9\" data-element_type=\"column\">\n\t\t\t<div class=\"elementor-widget-wrap elementor-element-populated\">\n\t\t\t\t\t\t<div class=\"elementor-element elementor-element-de00fe0 elementor-widget elementor-widget-image\" data-id=\"de00fe0\" data-element_type=\"widget\" data-widget_type=\"image.default\">\n\t\t\t\t<div class=\"elementor-widget-container\">\n\t\t\t\t\t\t\t\t\t\t\t\t\t\t\t<img fetchpriority=\"high\" decoding=\"async\" width=\"300\" height=\"223\" src=\"https:\/\/pc.sc.gov.br\/\/wp-content\/uploads\/2024\/11\/a2dbb181-8fea-4491-9f21-ab050c390973-fotor-20240314152921-300x223.jpg\" class=\"attachment-medium size-medium wp-image-24763\" alt=\"\" srcset=\"https:\/\/pc.sc.gov.br\/\/wp-content\/uploads\/2024\/11\/a2dbb181-8fea-4491-9f21-ab050c390973-fotor-20240314152921-300x223.jpg 300w, https:\/\/pc.sc.gov.br\/\/wp-content\/uploads\/2024\/11\/a2dbb181-8fea-4491-9f21-ab050c390973-fotor-20240314152921-768x571.jpg 768w, https:\/\/pc.sc.gov.br\/\/wp-content\/uploads\/2024\/11\/a2dbb181-8fea-4491-9f21-ab050c390973-fotor-20240314152921.jpg 805w\" sizes=\"(max-width: 300px) 100vw, 300px\" \/>\t\t\t\t\t\t\t\t\t\t\t\t\t\t\t<\/div>\n\t\t\t\t<\/div>\n\t\t\t\t\t<\/div>\n\t\t<\/div>\n\t\t\t\t\t<\/div>\n\t\t<\/section>\n\t\t\t\t<section class=\"elementor-section elementor-top-section elementor-element elementor-element-31239ec elementor-section-boxed elementor-section-height-default elementor-section-height-default\" data-id=\"31239ec\" data-element_type=\"section\">\n\t\t\t\t\t\t<div class=\"elementor-container elementor-column-gap-default\">\n\t\t\t\t\t<div class=\"elementor-column elementor-col-100 elementor-top-column elementor-element elementor-element-e27e06b\" data-id=\"e27e06b\" data-element_type=\"column\">\n\t\t\t<div class=\"elementor-widget-wrap elementor-element-populated\">\n\t\t\t\t\t\t<div class=\"elementor-element elementor-element-5ac3a73 elementor-widget elementor-widget-text-editor\" data-id=\"5ac3a73\" data-element_type=\"widget\" data-widget_type=\"text-editor.default\">\n\t\t\t\t<div class=\"elementor-widget-container\">\n\t\t\t\t\t\t\t\t\t<p>A Pol\u00edcia Civil de Santa Catarina e a PC do Rio Grande do Sul cumpriram nesta ter\u00e7a-feira (4) mandado de pris\u00e3o preventiva de um homem investigado por viol\u00eancia dom\u00e9stica e familiar contra a ex-companheira e a filha de 2 meses. Ele estava em Vacaria (RS) e as equipes da Delegacias de Pol\u00edcia de Garopaba e de Vacaria\/RS fizeram o acompanhamento do investigado a fim de localiz\u00e1-lo e prend\u00ea-lo, havendo a suspeita de que ele teria ido ao encontro da companheira no estado ga\u00facho, aonde ela viajou ap\u00f3s o in\u00edcio da investiga\u00e7\u00e3o.\u00a0<\/p><p>Em 14\/1\/25, uma mulher compareceu \u00e0 Delegacia de Pol\u00edcia de Garopaba relatando que seu genro teria agredido a filha dela e tentado afogar a filha do casal, de apenas 2 meses de idade, no banheiro da casa da fam\u00edlia. Relatou ainda que seu genro \u00e9 usu\u00e1rio contumaz de drogas e vinha tendo comportamentos agressivos contra a companheira, os dois filhos desta e a jovem crian\u00e7a filha do casal, sendo os mais graves aqueles cometidos contra a beb\u00ea de 2 meses.\u00a0<\/p><p>Poucos dias antes do natal de 2024, o homem, ap\u00f3s ingerir grande quantidade de medicamentos, teria se colocado e permanecido, com a menina no colo, sob o chuveiro com \u00e1gua corrente, gerando o risco da indefesa beb\u00ea se afogar. J\u00e1 em janeiro de 2025, ele teria colocado a crian\u00e7a dentro do vaso sanit\u00e1rio na inten\u00e7\u00e3o de afog\u00e1-la, tendo sido impedido pelos irm\u00e3os da crian\u00e7a. A mulher relatou que sua filha, genitora da menina, resistia em revelar os malfeitos do companheiro.<\/p><p>Agentes da DP de Laguna foram \u00e0 casa da fam\u00edlia e, mediante entrevistas pr\u00e9vias, apuraram a veracidade do relato da comunicante. Assim, foram intimados a depor a av\u00f3 e a genitora da crian\u00e7a, bem como um terceiro morador da casa, amigo do investigado, e a genitora deste.\u00a0<\/p><p>A av\u00f3 reiterou o que disse no BO, enquanto que a genitora admitiu os epis\u00f3dios de agress\u00e3o f\u00edsica e verbal do homem contra ela e seus filhos, negando, todavia, qualquer conduta agressiva contra a filha de 2 meses. J\u00e1 o outro morador da casa confirmou, em detalhes, os epis\u00f3dios de agress\u00e3o (a testemunha afirma ter presenciado alguns e ouvido outros do pr\u00f3prio agressor) do homem contra a companheira e todos os filhos, inclusive a beb\u00ea. A genitora do investigado, especialmente por n\u00e3o residir com a fam\u00edlia, afirma n\u00e3o ter presenciado quaisquer agress\u00f5es do filho contra a companheira e filhos.<\/p><p>Diante dos relatos de graves epis\u00f3dios de agress\u00e3o no seio familiar e visando evitar que fatos mais graves ocorressem, a autoridade policial representou pela pris\u00e3o preventiva do agressor, obtendo manifesta\u00e7\u00e3o favor\u00e1vel do Minist\u00e9rio P\u00fablico e o deferimento pelo ju\u00edzo da Vara \u00danica da Comarca de Garopaba.\u00a0<\/p><p>Assim, nesta ter\u00e7a-feira, o indiv\u00edduo foi localizado por policiais civis em uma resid\u00eancia na cidade de Vacaria\/RS e encaminhado ao pres\u00eddio local, onde ser\u00e1 interrogado pela autoridade policial e permanecer\u00e1 \u00e0 disposi\u00e7\u00e3o da justi\u00e7a.\u00a0<\/p><p>O inqu\u00e9rito policial ser\u00e1 remetido ao ju\u00edzo nos pr\u00f3ximos dias. Destaca-se a atua\u00e7\u00e3o integrada das for\u00e7as de seguran\u00e7a (Pol\u00edcias Civis de SC e RS) e dos \u00f3rg\u00e3os da persecu\u00e7\u00e3o penal (Poder Judici\u00e1rio e Minist\u00e9rio P\u00fablico de SC), que permitiu a r\u00e1pida e efetiva resposta do Estado, impedindo que fatos mais graves ocorressem. Colabore com a Pol\u00edcia Civil. Denuncie! Disque 181, escreva para (48) 98844-0011 (WhatsApp) ou acesse www.pc.sc.gov.br.<\/p>\t\t\t\t\t\t\t\t<\/div>\n\t\t\t\t<\/div>\n\t\t\t\t\t<\/div>\n\t\t<\/div>\n\t\t\t\t\t<\/div>\n\t\t<\/section>\n\t\t\t\t<\/div>\n\t\t","protected":false},"excerpt":{"rendered":"<p>A\u00e7\u00e3o conjunta entre PCSC e PCRS resulta na pris\u00e3o de investigado por viol\u00eancia dom\u00e9stica contra ex-companheira e filha de apenas 2 meses A Pol\u00edcia Civil de Santa Catarina e a PC do Rio Grande do Sul cumpriram nesta ter\u00e7a-feira (4) mandado de pris\u00e3o preventiva de um homem investigado por viol\u00eancia dom\u00e9stica e familiar contra a [&hellip;]<\/p>\n","protected":false},"author":5,"featured_media":24785,"comment_status":"closed","ping_status":"open","sticky":false,"template":"","format":"standard","meta":{"_monsterinsights_skip_tracking":false,"_monsterinsights_sitenote_active":false,"_monsterinsights_sitenote_note":"","_monsterinsights_sitenote_category":0,"footnotes":""},"categories":[1],"tags":[],"class_list":["post-26372","post","type-post","status-publish","format-standard","has-post-thumbnail","hentry","category-sem-categoria"],"_links":{"self":[{"href":"https:\/\/pc.sc.gov.br\/index.php?rest_route=\/wp\/v2\/posts\/26372","targetHints":{"allow":["GET"]}}],"collection":[{"href":"https:\/\/pc.sc.gov.br\/index.php?rest_route=\/wp\/v2\/posts"}],"about":[{"href":"https:\/\/pc.sc.gov.br\/index.php?rest_route=\/wp\/v2\/types\/post"}],"author":[{"embeddable":true,"href":"https:\/\/pc.sc.gov.br\/index.php?rest_route=\/wp\/v2\/users\/5"}],"replies":[{"embeddable":true,"href":"https:\/\/pc.sc.gov.br\/index.php?rest_route=%2Fwp%2Fv2%2Fcomments&post=26372"}],"version-history":[{"count":3,"href":"https:\/\/pc.sc.gov.br\/index.php?rest_route=\/wp\/v2\/posts\/26372\/revisions"}],"predecessor-version":[{"id":26375,"href":"https:\/\/pc.sc.gov.br\/index.php?rest_route=\/wp\/v2\/posts\/26372\/revisions\/26375"}],"wp:featuredmedia":[{"embeddable":true,"href":"https:\/\/pc.sc.gov.br\/index.php?rest_route=\/wp\/v2\/media\/24785"}],"wp:attachment":[{"href":"https:\/\/pc.sc.gov.br\/index.php?rest_route=%2Fwp%2Fv2%2Fmedia&parent=26372"}],"wp:term":[{"taxonomy":"category","embeddable":true,"href":"https:\/\/pc.sc.gov.br\/index.php?rest_route=%2Fwp%2Fv2%2Fcategories&post=26372"},{"taxonomy":"post_tag","embeddable":true,"href":"https:\/\/pc.sc.gov.br\/index.php?rest_route=%2Fwp%2Fv2%2Ftags&post=26372"}],"curies":[{"name":"wp","href":"https:\/\/api.w.org\/{rel}","templated":true}]}}