{"id":26376,"date":"2025-02-04T17:38:24","date_gmt":"2025-02-04T20:38:24","guid":{"rendered":"https:\/\/pc.sc.gov.br\/?p=26376"},"modified":"2025-02-04T17:40:00","modified_gmt":"2025-02-04T20:40:00","slug":"dpmu-de-rio-fortuna-cumpre-prisao-preventiva-contra-home-investigado-por-furtos-de-veiculos","status":"publish","type":"post","link":"https:\/\/pc.sc.gov.br\/?p=26376","title":{"rendered":"DPMU de Rio Fortuna cumpre pris\u00e3o preventiva contra homem investigado por furtos de ve\u00edculos"},"content":{"rendered":"\t\t<div data-elementor-type=\"wp-post\" data-elementor-id=\"26376\" class=\"elementor elementor-26376\" data-elementor-post-type=\"post\">\n\t\t\t\t\t\t<section class=\"elementor-section elementor-top-section elementor-element elementor-element-5cd5740 elementor-section-boxed elementor-section-height-default elementor-section-height-default\" data-id=\"5cd5740\" data-element_type=\"section\">\n\t\t\t\t\t\t<div class=\"elementor-container elementor-column-gap-default\">\n\t\t\t\t\t<div class=\"elementor-column elementor-col-100 elementor-top-column elementor-element elementor-element-eb0358c\" data-id=\"eb0358c\" data-element_type=\"column\">\n\t\t\t<div class=\"elementor-widget-wrap elementor-element-populated\">\n\t\t\t\t\t\t<div class=\"elementor-element elementor-element-834caa4 elementor-widget elementor-widget-heading\" data-id=\"834caa4\" data-element_type=\"widget\" data-widget_type=\"heading.default\">\n\t\t\t\t<div class=\"elementor-widget-container\">\n\t\t\t\t\t<h2 class=\"elementor-heading-title elementor-size-default\">DPMU de Rio Fortuna cumpre pris\u00e3o preventiva contra homem investigado por furtos de ve\u00edculos<\/h2>\t\t\t\t<\/div>\n\t\t\t\t<\/div>\n\t\t\t\t\t<\/div>\n\t\t<\/div>\n\t\t\t\t\t<\/div>\n\t\t<\/section>\n\t\t\t\t<section class=\"elementor-section elementor-top-section elementor-element elementor-element-0215b08 elementor-section-boxed elementor-section-height-default elementor-section-height-default\" data-id=\"0215b08\" data-element_type=\"section\">\n\t\t\t\t\t\t<div class=\"elementor-container elementor-column-gap-default\">\n\t\t\t\t\t<div class=\"elementor-column elementor-col-100 elementor-top-column elementor-element elementor-element-e276d84\" data-id=\"e276d84\" data-element_type=\"column\">\n\t\t\t<div class=\"elementor-widget-wrap elementor-element-populated\">\n\t\t\t\t\t\t<div class=\"elementor-element elementor-element-a6a78ec elementor-widget elementor-widget-image\" data-id=\"a6a78ec\" data-element_type=\"widget\" data-widget_type=\"image.default\">\n\t\t\t\t<div class=\"elementor-widget-container\">\n\t\t\t\t\t\t\t\t\t\t\t\t\t\t\t<img fetchpriority=\"high\" decoding=\"async\" width=\"696\" height=\"522\" src=\"https:\/\/pc.sc.gov.br\/\/wp-content\/uploads\/2024\/12\/WhatsApp-Image-2024-08-02-at-16.53.34.jpeg\" class=\"attachment-medium_large size-medium_large wp-image-25011\" alt=\"\" srcset=\"https:\/\/pc.sc.gov.br\/\/wp-content\/uploads\/2024\/12\/WhatsApp-Image-2024-08-02-at-16.53.34.jpeg 768w, https:\/\/pc.sc.gov.br\/\/wp-content\/uploads\/2024\/12\/WhatsApp-Image-2024-08-02-at-16.53.34-300x225.jpeg 300w\" sizes=\"(max-width: 696px) 100vw, 696px\" \/>\t\t\t\t\t\t\t\t\t\t\t\t\t\t\t<\/div>\n\t\t\t\t<\/div>\n\t\t\t\t\t<\/div>\n\t\t<\/div>\n\t\t\t\t\t<\/div>\n\t\t<\/section>\n\t\t\t\t<section class=\"elementor-section elementor-top-section elementor-element elementor-element-b3176a5 elementor-section-boxed elementor-section-height-default elementor-section-height-default\" data-id=\"b3176a5\" data-element_type=\"section\">\n\t\t\t\t\t\t<div class=\"elementor-container elementor-column-gap-default\">\n\t\t\t\t\t<div class=\"elementor-column elementor-col-100 elementor-top-column elementor-element elementor-element-f8af4da\" data-id=\"f8af4da\" data-element_type=\"column\">\n\t\t\t<div class=\"elementor-widget-wrap elementor-element-populated\">\n\t\t\t\t\t\t<div class=\"elementor-element elementor-element-7ec8509 elementor-widget elementor-widget-text-editor\" data-id=\"7ec8509\" data-element_type=\"widget\" data-widget_type=\"text-editor.default\">\n\t\t\t\t<div class=\"elementor-widget-container\">\n\t\t\t\t\t\t\t\t\t<p>A Pol\u00edcia Civil de Santa Catarina, por interm\u00e9dio da DPMU de Rio Fortuna cumpriu mandado de pris\u00e3o preventiva contra indiciado por furtos de ve\u00edculos nas cidades de Rio Fortuna e S\u00e3o Ludgero. No m\u00eas de dezembro de 2024 duas camionetes foram furtadas na Comarca de Bra\u00e7o do Norte, sendo uma na cidade de Rio Fortuna\/SC, e ap\u00f3s alguns dias, outra na cidade de S\u00e3o Ludgero\/SC. A opera\u00e7\u00e3o foi coordenada pela delegada Gabriela Tissot Fruet.<\/p>\n<p>A investiga\u00e7\u00e3o demonstrou que em cada um dos crimes havia, ao menos, tr\u00eas pessoas envolvidas, e em poucos minutos os ve\u00edculos foram levados pelos criminosos.&nbsp;<span style=\"font-family: var( --e-global-typography-text-font-family ), Sans-serif; font-size: var( --e-global-typography-text-font-size );\">Um dos suspeitos, o que foi preso preventivamente hoje, j\u00e1 havia sido preso no Rio Grande do Sul, em meados de 2024, por estar transportando para o Rio Grande do Sul uma outra camionete furtada em uma cidade do Sul de Santa Catarina.<\/span><\/p>\n<p>A investiga\u00e7\u00e3o apurou que o suspeito preso preventivamente na data de hoje esteve na cena dos dois furtos ocorridos na cidade de Bra\u00e7o do Norte, e executou a\u00e7\u00f5es necess\u00e1rias \u00e0 subtra\u00e7\u00e3o, j\u00e1 que sua profiss\u00e3o &#8211; mec\u00e2nico &#8211; permitia um conhecimento que facilitava a subtra\u00e7\u00e3o de ve\u00edculos mesmo com dispositivos mais modernos de seguran\u00e7a.<\/p>\n<p>Dos ve\u00edculos subtra\u00eddos na cidade de Bra\u00e7o do Norte\/SC, um foi recuperado na cidade de Jacinto Machado, e o outro n\u00e3o foi localizado at\u00e9 o momento.<\/p>\n<p>O inqu\u00e9rito policial j\u00e1 havia sido conclu\u00eddo em meados de janeiro de 2025, ocasi\u00e3o em que houve representa\u00e7\u00e3o pela pris\u00e3o preventiva do indiciado preso nesta tarde.<\/p>\n<p>Em 06\/01\/2025 o setor de intelig\u00eancia da Pol\u00edcia Militar j\u00e1 havia prendido outro investigado pelos mesmos crimes, j\u00e1 que o Poder Judici\u00e1rio de Bra\u00e7o do Norte havia decretado a pris\u00e3o preventiva daquele ainda durante o curso do inqu\u00e9rito policial, ap\u00f3s representa\u00e7\u00e3o da Autoridade Policial.<\/p>\n<p>O grupo de criminosos \u00e9 investigado por outros furtos de ve\u00edculos em diversas cidades de Santa Catarina.<\/p>\n<div>&nbsp;<\/div>\t\t\t\t\t\t\t\t<\/div>\n\t\t\t\t<\/div>\n\t\t\t\t\t<\/div>\n\t\t<\/div>\n\t\t\t\t\t<\/div>\n\t\t<\/section>\n\t\t\t\t<\/div>\n\t\t","protected":false},"excerpt":{"rendered":"<p>DPMU de Rio Fortuna cumpre pris\u00e3o preventiva contra homem investigado por furtos de ve\u00edculos A Pol\u00edcia Civil de Santa Catarina, por interm\u00e9dio da DPMU de Rio Fortuna cumpriu mandado de pris\u00e3o preventiva contra indiciado por furtos de ve\u00edculos nas cidades de Rio Fortuna e S\u00e3o Ludgero. No m\u00eas de dezembro de 2024 duas camionetes foram [&hellip;]<\/p>\n","protected":false},"author":5,"featured_media":24968,"comment_status":"closed","ping_status":"open","sticky":false,"template":"","format":"standard","meta":{"_monsterinsights_skip_tracking":false,"_monsterinsights_sitenote_active":false,"_monsterinsights_sitenote_note":"","_monsterinsights_sitenote_category":0,"footnotes":""},"categories":[1],"tags":[],"class_list":["post-26376","post","type-post","status-publish","format-standard","has-post-thumbnail","hentry","category-sem-categoria"],"_links":{"self":[{"href":"https:\/\/pc.sc.gov.br\/index.php?rest_route=\/wp\/v2\/posts\/26376","targetHints":{"allow":["GET"]}}],"collection":[{"href":"https:\/\/pc.sc.gov.br\/index.php?rest_route=\/wp\/v2\/posts"}],"about":[{"href":"https:\/\/pc.sc.gov.br\/index.php?rest_route=\/wp\/v2\/types\/post"}],"author":[{"embeddable":true,"href":"https:\/\/pc.sc.gov.br\/index.php?rest_route=\/wp\/v2\/users\/5"}],"replies":[{"embeddable":true,"href":"https:\/\/pc.sc.gov.br\/index.php?rest_route=%2Fwp%2Fv2%2Fcomments&post=26376"}],"version-history":[{"count":5,"href":"https:\/\/pc.sc.gov.br\/index.php?rest_route=\/wp\/v2\/posts\/26376\/revisions"}],"predecessor-version":[{"id":26381,"href":"https:\/\/pc.sc.gov.br\/index.php?rest_route=\/wp\/v2\/posts\/26376\/revisions\/26381"}],"wp:featuredmedia":[{"embeddable":true,"href":"https:\/\/pc.sc.gov.br\/index.php?rest_route=\/wp\/v2\/media\/24968"}],"wp:attachment":[{"href":"https:\/\/pc.sc.gov.br\/index.php?rest_route=%2Fwp%2Fv2%2Fmedia&parent=26376"}],"wp:term":[{"taxonomy":"category","embeddable":true,"href":"https:\/\/pc.sc.gov.br\/index.php?rest_route=%2Fwp%2Fv2%2Fcategories&post=26376"},{"taxonomy":"post_tag","embeddable":true,"href":"https:\/\/pc.sc.gov.br\/index.php?rest_route=%2Fwp%2Fv2%2Ftags&post=26376"}],"curies":[{"name":"wp","href":"https:\/\/api.w.org\/{rel}","templated":true}]}}