{"id":26382,"date":"2025-02-05T14:17:35","date_gmt":"2025-02-05T17:17:35","guid":{"rendered":"https:\/\/pc.sc.gov.br\/?p=26382"},"modified":"2025-02-05T14:20:02","modified_gmt":"2025-02-05T17:20:02","slug":"operacao-helios-investigado-por-venda-de-sistema-fotovoltaico-e-preso-em-sao-paulo-por-porte-de-arma-de-fogo","status":"publish","type":"post","link":"https:\/\/pc.sc.gov.br\/?p=26382","title":{"rendered":"Opera\u00e7\u00e3o Helios: investigado por vender e n\u00e3o entregar equipamentos de energia solar \u00e9 preso em S\u00e3o Paulo"},"content":{"rendered":"\t\t<div data-elementor-type=\"wp-post\" data-elementor-id=\"26382\" class=\"elementor elementor-26382\" data-elementor-post-type=\"post\">\n\t\t\t\t\t\t<section class=\"elementor-section elementor-top-section elementor-element elementor-element-c9a8157 elementor-section-boxed elementor-section-height-default elementor-section-height-default\" data-id=\"c9a8157\" data-element_type=\"section\">\n\t\t\t\t\t\t<div class=\"elementor-container elementor-column-gap-default\">\n\t\t\t\t\t<div class=\"elementor-column elementor-col-100 elementor-top-column elementor-element elementor-element-e409c1d\" data-id=\"e409c1d\" data-element_type=\"column\">\n\t\t\t<div class=\"elementor-widget-wrap elementor-element-populated\">\n\t\t\t\t\t\t<div class=\"elementor-element elementor-element-2e90902 elementor-widget elementor-widget-heading\" data-id=\"2e90902\" data-element_type=\"widget\" data-widget_type=\"heading.default\">\n\t\t\t\t<div class=\"elementor-widget-container\">\n\t\t\t\t\t<h2 class=\"elementor-heading-title elementor-size-default\">Opera\u00e7\u00e3o Helios: investigado por vender e n\u00e3o entregar equipamentos de energia solar \u00e9 preso em S\u00e3o Paulo <\/h2>\t\t\t\t<\/div>\n\t\t\t\t<\/div>\n\t\t\t\t\t<\/div>\n\t\t<\/div>\n\t\t\t\t\t<\/div>\n\t\t<\/section>\n\t\t\t\t<section class=\"elementor-section elementor-top-section elementor-element elementor-element-0334639 elementor-section-boxed elementor-section-height-default elementor-section-height-default\" data-id=\"0334639\" data-element_type=\"section\">\n\t\t\t\t\t\t<div class=\"elementor-container elementor-column-gap-default\">\n\t\t\t\t\t<div class=\"elementor-column elementor-col-100 elementor-top-column elementor-element elementor-element-a17f828\" data-id=\"a17f828\" data-element_type=\"column\">\n\t\t\t<div class=\"elementor-widget-wrap elementor-element-populated\">\n\t\t\t\t\t\t<div class=\"elementor-element elementor-element-998121a elementor-widget elementor-widget-image\" data-id=\"998121a\" data-element_type=\"widget\" data-widget_type=\"image.default\">\n\t\t\t\t<div class=\"elementor-widget-container\">\n\t\t\t\t\t\t\t\t\t\t\t\t\t\t\t<img fetchpriority=\"high\" decoding=\"async\" width=\"696\" height=\"440\" src=\"https:\/\/pc.sc.gov.br\/\/wp-content\/uploads\/2025\/02\/WhatsApp-Image-2024-08-08-at-16.56.13-fotor-20250205141527-768x485.jpg\" class=\"attachment-medium_large size-medium_large wp-image-26383\" alt=\"\" srcset=\"https:\/\/pc.sc.gov.br\/\/wp-content\/uploads\/2025\/02\/WhatsApp-Image-2024-08-08-at-16.56.13-fotor-20250205141527-768x485.jpg 768w, https:\/\/pc.sc.gov.br\/\/wp-content\/uploads\/2025\/02\/WhatsApp-Image-2024-08-08-at-16.56.13-fotor-20250205141527-300x190.jpg 300w, https:\/\/pc.sc.gov.br\/\/wp-content\/uploads\/2025\/02\/WhatsApp-Image-2024-08-08-at-16.56.13-fotor-20250205141527-1024x647.jpg 1024w, https:\/\/pc.sc.gov.br\/\/wp-content\/uploads\/2025\/02\/WhatsApp-Image-2024-08-08-at-16.56.13-fotor-20250205141527.jpg 1200w\" sizes=\"(max-width: 696px) 100vw, 696px\" \/>\t\t\t\t\t\t\t\t\t\t\t\t\t\t\t<\/div>\n\t\t\t\t<\/div>\n\t\t\t\t\t<\/div>\n\t\t<\/div>\n\t\t\t\t\t<\/div>\n\t\t<\/section>\n\t\t\t\t<section class=\"elementor-section elementor-top-section elementor-element elementor-element-71f5e4d elementor-section-boxed elementor-section-height-default elementor-section-height-default\" data-id=\"71f5e4d\" data-element_type=\"section\">\n\t\t\t\t\t\t<div class=\"elementor-container elementor-column-gap-default\">\n\t\t\t\t\t<div class=\"elementor-column elementor-col-100 elementor-top-column elementor-element elementor-element-16eabf9\" data-id=\"16eabf9\" data-element_type=\"column\">\n\t\t\t<div class=\"elementor-widget-wrap elementor-element-populated\">\n\t\t\t\t\t\t<div class=\"elementor-element elementor-element-a3c08b7 elementor-widget elementor-widget-text-editor\" data-id=\"a3c08b7\" data-element_type=\"widget\" data-widget_type=\"text-editor.default\">\n\t\t\t\t<div class=\"elementor-widget-container\">\n\t\t\t\t\t\t\t\t\t<p>A Pol\u00edcia Civil de Santa Catarina, por meio da Delegacia de Defrauda\u00e7\u00f5es (DD\/DEIC), dando continuidade \u00e0 opera\u00e7\u00e3o Helios deflagrada na manh\u00e3 de quarta-feira (04), ap\u00f3s verificar que o investigado, propriet\u00e1rio da empresa de com\u00e9rcio de aparelhos eletr\u00f4nicos teria viajado para o estado de S\u00e3o Paulo no dia de ontem (4), sendo ainda confirmado que o mesmo estaria portando uma pistola foi feito contato com a Pol\u00edcia Rodovi\u00e1ria Federal (PRF), que passou a monitorar o ve\u00edculo.<\/p><p>O investigado foi abordado na cidade de Juquitiba\/SP, sendo levado para a Delegacia de Pol\u00edcia, onde foi autuado em flagrante delito pelo crime de porte de arma de fogo, tendo ainda sido apreendido mais um ve\u00edculo de luxo, o qual possui registro de ocorr\u00eancia por estelionato, j\u00e1 que o mesmo foi comprado pelo investigado e at\u00e9 o momento n\u00e3o foi pago.<\/p><p>O titular da Delegacia de Defrauda\u00e7\u00f5es, delegado Leonardo Silva, agradeceu o empenho da Pol\u00edcia Rodovi\u00e1ria Federal, bem como da Pol\u00edcia Civil de S\u00e3o Paulo, o qual possibilitou a pris\u00e3o do investigado, bem como a recupera\u00e7\u00e3o de um ve\u00edculo de luxo que poder\u00e1 servir para restituir o preju\u00edzo da v\u00edtima.<\/p>\t\t\t\t\t\t\t\t<\/div>\n\t\t\t\t<\/div>\n\t\t\t\t\t<\/div>\n\t\t<\/div>\n\t\t\t\t\t<\/div>\n\t\t<\/section>\n\t\t\t\t<\/div>\n\t\t","protected":false},"excerpt":{"rendered":"<p>Opera\u00e7\u00e3o Helios: investigado por vender e n\u00e3o entregar equipamentos de energia solar \u00e9 preso em S\u00e3o Paulo A Pol\u00edcia Civil de Santa Catarina, por meio da Delegacia de Defrauda\u00e7\u00f5es (DD\/DEIC), dando continuidade \u00e0 opera\u00e7\u00e3o Helios deflagrada na manh\u00e3 de quarta-feira (04), ap\u00f3s verificar que o investigado, propriet\u00e1rio da empresa de com\u00e9rcio de aparelhos eletr\u00f4nicos teria [&hellip;]<\/p>\n","protected":false},"author":5,"featured_media":26383,"comment_status":"closed","ping_status":"open","sticky":false,"template":"","format":"standard","meta":{"_monsterinsights_skip_tracking":false,"_monsterinsights_sitenote_active":false,"_monsterinsights_sitenote_note":"","_monsterinsights_sitenote_category":0,"footnotes":""},"categories":[1],"tags":[],"class_list":["post-26382","post","type-post","status-publish","format-standard","has-post-thumbnail","hentry","category-sem-categoria"],"_links":{"self":[{"href":"https:\/\/pc.sc.gov.br\/index.php?rest_route=\/wp\/v2\/posts\/26382","targetHints":{"allow":["GET"]}}],"collection":[{"href":"https:\/\/pc.sc.gov.br\/index.php?rest_route=\/wp\/v2\/posts"}],"about":[{"href":"https:\/\/pc.sc.gov.br\/index.php?rest_route=\/wp\/v2\/types\/post"}],"author":[{"embeddable":true,"href":"https:\/\/pc.sc.gov.br\/index.php?rest_route=\/wp\/v2\/users\/5"}],"replies":[{"embeddable":true,"href":"https:\/\/pc.sc.gov.br\/index.php?rest_route=%2Fwp%2Fv2%2Fcomments&post=26382"}],"version-history":[{"count":4,"href":"https:\/\/pc.sc.gov.br\/index.php?rest_route=\/wp\/v2\/posts\/26382\/revisions"}],"predecessor-version":[{"id":26387,"href":"https:\/\/pc.sc.gov.br\/index.php?rest_route=\/wp\/v2\/posts\/26382\/revisions\/26387"}],"wp:featuredmedia":[{"embeddable":true,"href":"https:\/\/pc.sc.gov.br\/index.php?rest_route=\/wp\/v2\/media\/26383"}],"wp:attachment":[{"href":"https:\/\/pc.sc.gov.br\/index.php?rest_route=%2Fwp%2Fv2%2Fmedia&parent=26382"}],"wp:term":[{"taxonomy":"category","embeddable":true,"href":"https:\/\/pc.sc.gov.br\/index.php?rest_route=%2Fwp%2Fv2%2Fcategories&post=26382"},{"taxonomy":"post_tag","embeddable":true,"href":"https:\/\/pc.sc.gov.br\/index.php?rest_route=%2Fwp%2Fv2%2Ftags&post=26382"}],"curies":[{"name":"wp","href":"https:\/\/api.w.org\/{rel}","templated":true}]}}