{"id":26388,"date":"2025-02-05T14:34:12","date_gmt":"2025-02-05T17:34:12","guid":{"rendered":"https:\/\/pc.sc.gov.br\/?p=26388"},"modified":"2025-02-05T14:35:19","modified_gmt":"2025-02-05T17:35:19","slug":"policia-civil-identifica-autor-de-disparo-de-arma-de-fogo-que-matou-cachorro-em-gravatal","status":"publish","type":"post","link":"https:\/\/pc.sc.gov.br\/?p=26388","title":{"rendered":"Pol\u00edcia Civil identifica autor de disparo de arma de fogo que matou cachorro em Gravatal"},"content":{"rendered":"\t\t<div data-elementor-type=\"wp-post\" data-elementor-id=\"26388\" class=\"elementor elementor-26388\" data-elementor-post-type=\"post\">\n\t\t\t\t\t\t<section class=\"elementor-section elementor-top-section elementor-element elementor-element-ead82e4 elementor-section-boxed elementor-section-height-default elementor-section-height-default\" data-id=\"ead82e4\" data-element_type=\"section\">\n\t\t\t\t\t\t<div class=\"elementor-container elementor-column-gap-default\">\n\t\t\t\t\t<div class=\"elementor-column elementor-col-100 elementor-top-column elementor-element elementor-element-c589294\" data-id=\"c589294\" data-element_type=\"column\">\n\t\t\t<div class=\"elementor-widget-wrap elementor-element-populated\">\n\t\t\t\t\t\t<div class=\"elementor-element elementor-element-2b15483 elementor-widget elementor-widget-heading\" data-id=\"2b15483\" data-element_type=\"widget\" data-widget_type=\"heading.default\">\n\t\t\t\t<div class=\"elementor-widget-container\">\n\t\t\t\t\t<h2 class=\"elementor-heading-title elementor-size-default\">Pol\u00edcia Civil identifica autor de disparo de arma de fogo que matou cachorro em Gravatal<\/h2>\t\t\t\t<\/div>\n\t\t\t\t<\/div>\n\t\t\t\t\t<\/div>\n\t\t<\/div>\n\t\t\t\t\t<\/div>\n\t\t<\/section>\n\t\t\t\t<section class=\"elementor-section elementor-top-section elementor-element elementor-element-12ffc1e elementor-section-boxed elementor-section-height-default elementor-section-height-default\" data-id=\"12ffc1e\" data-element_type=\"section\">\n\t\t\t\t\t\t<div class=\"elementor-container elementor-column-gap-default\">\n\t\t\t\t\t<div class=\"elementor-column elementor-col-100 elementor-top-column elementor-element elementor-element-0cbdb1a\" data-id=\"0cbdb1a\" data-element_type=\"column\">\n\t\t\t<div class=\"elementor-widget-wrap elementor-element-populated\">\n\t\t\t\t\t\t<div class=\"elementor-element elementor-element-a7022e3 elementor-widget elementor-widget-image\" data-id=\"a7022e3\" data-element_type=\"widget\" data-widget_type=\"image.default\">\n\t\t\t\t<div class=\"elementor-widget-container\">\n\t\t\t\t\t\t\t\t\t\t\t\t\t\t\t<img fetchpriority=\"high\" decoding=\"async\" width=\"461\" height=\"1024\" src=\"https:\/\/pc.sc.gov.br\/\/wp-content\/uploads\/2025\/02\/WhatsApp-Image-2025-02-05-at-09.49.35-461x1024.jpeg\" class=\"attachment-large size-large wp-image-26389\" alt=\"\" srcset=\"https:\/\/pc.sc.gov.br\/\/wp-content\/uploads\/2025\/02\/WhatsApp-Image-2025-02-05-at-09.49.35-461x1024.jpeg 461w, https:\/\/pc.sc.gov.br\/\/wp-content\/uploads\/2025\/02\/WhatsApp-Image-2025-02-05-at-09.49.35-135x300.jpeg 135w, https:\/\/pc.sc.gov.br\/\/wp-content\/uploads\/2025\/02\/WhatsApp-Image-2025-02-05-at-09.49.35.jpeg 576w\" sizes=\"(max-width: 461px) 100vw, 461px\" \/>\t\t\t\t\t\t\t\t\t\t\t\t\t\t\t<\/div>\n\t\t\t\t<\/div>\n\t\t\t\t\t<\/div>\n\t\t<\/div>\n\t\t\t\t\t<\/div>\n\t\t<\/section>\n\t\t\t\t<section class=\"elementor-section elementor-top-section elementor-element elementor-element-16f151e elementor-section-boxed elementor-section-height-default elementor-section-height-default\" data-id=\"16f151e\" data-element_type=\"section\">\n\t\t\t\t\t\t<div class=\"elementor-container elementor-column-gap-default\">\n\t\t\t\t\t<div class=\"elementor-column elementor-col-100 elementor-top-column elementor-element elementor-element-c6e683c\" data-id=\"c6e683c\" data-element_type=\"column\">\n\t\t\t<div class=\"elementor-widget-wrap elementor-element-populated\">\n\t\t\t\t\t\t<div class=\"elementor-element elementor-element-a45d405 elementor-widget elementor-widget-text-editor\" data-id=\"a45d405\" data-element_type=\"widget\" data-widget_type=\"text-editor.default\">\n\t\t\t\t<div class=\"elementor-widget-container\">\n\t\t\t\t\t\t\t\t\t<p>Na ter\u00e7a-feira (04\/02), a Pol\u00edcia Civil de Santa Catarina, por meio da Delegacia de Pol\u00edcia de Gravatal, cumpriu mandado de busca e apreens\u00e3o na casa de um homem suspeito de ter matado uma cachorra com um disparo de arma de foto na noite do domingo (02\/02), em Gravatal.<\/p><p>No local, os policiais encontraram uma caixa de espingarda de press\u00e3o vazia. O suspeito, inicialmente, negou a autoria do delito e alegou que a arma estaria em uma casa de praia, em Jaguaruna. Os policiais diligenciaram at\u00e9 a casa, onde apreenderam a espingarda e outro rev\u00f3lver de ar comprimido (de press\u00e3o). O suspeito acabou confessando a autoria do delito, alegando que efetuou o disparo para assustar o c\u00e3o.<\/p><p>O inqu\u00e9rito policial segue sendo em andamento e, per\u00edcias realizadas pela Pol\u00edcia Cient\u00edfica de Tubar\u00e3o e de Florian\u00f3polis, devem auxiliar nas investiga\u00e7\u00f5es.<\/p><p><strong>Entenda o caso<\/strong><\/p><p>A Pol\u00edcia Militar de Gravatal atendeu a ocorr\u00eancia que acabou ceifando a vida da cachorra e, imediatamente, repassou as informa\u00e7\u00f5es para a Pol\u00edcia Civil. A Pol\u00edcia Cient\u00edfica tamb\u00e9m auxiliou nas dilig\u00eancias e o corpo do animal foi encaminhado ainda na manh\u00e3 da segunda-feira (03\/02) para o Setor de Per\u00edcias Veterin\u00e1rias de Florian\u00f3polis.<\/p><p>\u00a0A cadela, de 10 anos, era d\u00f3cil e foi alvejada por um disparo quando acabou ficando do lado de fora do muro da resid\u00eancia de seus tutores, os quais chegaram de um evento religioso no domingo \u00e0 noite. Familiares e vizinhos ficaram inconsol\u00e1veis com o ocorrido.<\/p><p>Diversas informa\u00e7\u00f5es foram repassadas para a Pol\u00edcia Civil e Militar dando conta do ocorrido. Um conte\u00fado robusto de evid\u00eancias foi reunido e um suspeito foi apontado como autor dos disparos. A PCSC representou pela busca e apreens\u00e3o na casa do suspeito, que fica muito pr\u00f3xima a resid\u00eancia do c\u00e3o alvejado. A busca teve parecer c\u00e9lere do Minist\u00e9rio P\u00fablico de Armaz\u00e9m e foi autorizada pelo Magistrado da Comarca.<\/p>\t\t\t\t\t\t\t\t<\/div>\n\t\t\t\t<\/div>\n\t\t\t\t\t<\/div>\n\t\t<\/div>\n\t\t\t\t\t<\/div>\n\t\t<\/section>\n\t\t\t\t<section class=\"elementor-section elementor-top-section elementor-element elementor-element-825cc86 elementor-section-boxed elementor-section-height-default elementor-section-height-default\" data-id=\"825cc86\" data-element_type=\"section\">\n\t\t\t\t\t\t<div class=\"elementor-container elementor-column-gap-default\">\n\t\t\t\t\t<div class=\"elementor-column elementor-col-100 elementor-top-column elementor-element elementor-element-d831369\" data-id=\"d831369\" data-element_type=\"column\">\n\t\t\t<div class=\"elementor-widget-wrap elementor-element-populated\">\n\t\t\t\t\t\t<div class=\"elementor-element elementor-element-efdf521 elementor-widget elementor-widget-image\" data-id=\"efdf521\" data-element_type=\"widget\" data-widget_type=\"image.default\">\n\t\t\t\t<div class=\"elementor-widget-container\">\n\t\t\t\t\t\t\t\t\t\t\t\t\t\t\t<img decoding=\"async\" width=\"461\" height=\"1024\" src=\"https:\/\/pc.sc.gov.br\/\/wp-content\/uploads\/2025\/02\/WhatsApp-Image-2025-02-05-at-09.49.34-461x1024.jpeg\" class=\"attachment-large size-large wp-image-26390\" alt=\"\" srcset=\"https:\/\/pc.sc.gov.br\/\/wp-content\/uploads\/2025\/02\/WhatsApp-Image-2025-02-05-at-09.49.34-461x1024.jpeg 461w, https:\/\/pc.sc.gov.br\/\/wp-content\/uploads\/2025\/02\/WhatsApp-Image-2025-02-05-at-09.49.34-135x300.jpeg 135w, https:\/\/pc.sc.gov.br\/\/wp-content\/uploads\/2025\/02\/WhatsApp-Image-2025-02-05-at-09.49.34.jpeg 576w\" sizes=\"(max-width: 461px) 100vw, 461px\" \/>\t\t\t\t\t\t\t\t\t\t\t\t\t\t\t<\/div>\n\t\t\t\t<\/div>\n\t\t\t\t\t<\/div>\n\t\t<\/div>\n\t\t\t\t\t<\/div>\n\t\t<\/section>\n\t\t\t\t<\/div>\n\t\t","protected":false},"excerpt":{"rendered":"<p>Pol\u00edcia Civil identifica autor de disparo de arma de fogo que matou cachorro em Gravatal Na ter\u00e7a-feira (04\/02), a Pol\u00edcia Civil de Santa Catarina, por meio da Delegacia de Pol\u00edcia de Gravatal, cumpriu mandado de busca e apreens\u00e3o na casa de um homem suspeito de ter matado uma cachorra com um disparo de arma de [&hellip;]<\/p>\n","protected":false},"author":5,"featured_media":26389,"comment_status":"closed","ping_status":"open","sticky":false,"template":"","format":"standard","meta":{"_monsterinsights_skip_tracking":false,"_monsterinsights_sitenote_active":false,"_monsterinsights_sitenote_note":"","_monsterinsights_sitenote_category":0,"footnotes":""},"categories":[1],"tags":[],"class_list":["post-26388","post","type-post","status-publish","format-standard","has-post-thumbnail","hentry","category-sem-categoria"],"_links":{"self":[{"href":"https:\/\/pc.sc.gov.br\/index.php?rest_route=\/wp\/v2\/posts\/26388","targetHints":{"allow":["GET"]}}],"collection":[{"href":"https:\/\/pc.sc.gov.br\/index.php?rest_route=\/wp\/v2\/posts"}],"about":[{"href":"https:\/\/pc.sc.gov.br\/index.php?rest_route=\/wp\/v2\/types\/post"}],"author":[{"embeddable":true,"href":"https:\/\/pc.sc.gov.br\/index.php?rest_route=\/wp\/v2\/users\/5"}],"replies":[{"embeddable":true,"href":"https:\/\/pc.sc.gov.br\/index.php?rest_route=%2Fwp%2Fv2%2Fcomments&post=26388"}],"version-history":[{"count":4,"href":"https:\/\/pc.sc.gov.br\/index.php?rest_route=\/wp\/v2\/posts\/26388\/revisions"}],"predecessor-version":[{"id":26394,"href":"https:\/\/pc.sc.gov.br\/index.php?rest_route=\/wp\/v2\/posts\/26388\/revisions\/26394"}],"wp:featuredmedia":[{"embeddable":true,"href":"https:\/\/pc.sc.gov.br\/index.php?rest_route=\/wp\/v2\/media\/26389"}],"wp:attachment":[{"href":"https:\/\/pc.sc.gov.br\/index.php?rest_route=%2Fwp%2Fv2%2Fmedia&parent=26388"}],"wp:term":[{"taxonomy":"category","embeddable":true,"href":"https:\/\/pc.sc.gov.br\/index.php?rest_route=%2Fwp%2Fv2%2Fcategories&post=26388"},{"taxonomy":"post_tag","embeddable":true,"href":"https:\/\/pc.sc.gov.br\/index.php?rest_route=%2Fwp%2Fv2%2Ftags&post=26388"}],"curies":[{"name":"wp","href":"https:\/\/api.w.org\/{rel}","templated":true}]}}