{"id":26405,"date":"2025-02-05T15:14:55","date_gmt":"2025-02-05T18:14:55","guid":{"rendered":"https:\/\/pc.sc.gov.br\/?p=26405"},"modified":"2025-02-05T15:18:43","modified_gmt":"2025-02-05T18:18:43","slug":"operacao-saisine-pcsc-prende-o-segundo-investigado-por-cometer-duplo-homicidio-em-itajai","status":"publish","type":"post","link":"https:\/\/pc.sc.gov.br\/?p=26405","title":{"rendered":"Opera\u00e7\u00e3o Saisine: PCSC prende o segundo investigado por cometer duplo homic\u00eddio em Itaja\u00ed"},"content":{"rendered":"\t\t<div data-elementor-type=\"wp-post\" data-elementor-id=\"26405\" class=\"elementor elementor-26405\" data-elementor-post-type=\"post\">\n\t\t\t\t\t\t<section class=\"elementor-section elementor-top-section elementor-element elementor-element-db7ebd3 elementor-section-boxed elementor-section-height-default elementor-section-height-default\" data-id=\"db7ebd3\" data-element_type=\"section\">\n\t\t\t\t\t\t<div class=\"elementor-container elementor-column-gap-default\">\n\t\t\t\t\t<div class=\"elementor-column elementor-col-100 elementor-top-column elementor-element elementor-element-26b532d\" data-id=\"26b532d\" data-element_type=\"column\">\n\t\t\t<div class=\"elementor-widget-wrap elementor-element-populated\">\n\t\t\t\t\t\t<div class=\"elementor-element elementor-element-2318c43 elementor-widget elementor-widget-heading\" data-id=\"2318c43\" data-element_type=\"widget\" data-widget_type=\"heading.default\">\n\t\t\t\t<div class=\"elementor-widget-container\">\n\t\t\t\t\t<h2 class=\"elementor-heading-title elementor-size-default\">Opera\u00e7\u00e3o Saisine: PCSC prende o segundo investigado por cometer duplo homic\u00eddio em Itaja\u00ed<\/h2>\t\t\t\t<\/div>\n\t\t\t\t<\/div>\n\t\t\t\t\t<\/div>\n\t\t<\/div>\n\t\t\t\t\t<\/div>\n\t\t<\/section>\n\t\t\t\t<section class=\"elementor-section elementor-top-section elementor-element elementor-element-610213e elementor-section-boxed elementor-section-height-default elementor-section-height-default\" data-id=\"610213e\" data-element_type=\"section\">\n\t\t\t\t\t\t<div class=\"elementor-container elementor-column-gap-default\">\n\t\t\t\t\t<div class=\"elementor-column elementor-col-100 elementor-top-column elementor-element elementor-element-a3e7dee\" data-id=\"a3e7dee\" data-element_type=\"column\">\n\t\t\t<div class=\"elementor-widget-wrap elementor-element-populated\">\n\t\t\t\t\t\t<div class=\"elementor-element elementor-element-6cfaac8 elementor-widget elementor-widget-image\" data-id=\"6cfaac8\" data-element_type=\"widget\" data-widget_type=\"image.default\">\n\t\t\t\t<div class=\"elementor-widget-container\">\n\t\t\t\t\t\t\t\t\t\t\t\t\t\t\t<img fetchpriority=\"high\" decoding=\"async\" width=\"300\" height=\"242\" src=\"https:\/\/pc.sc.gov.br\/\/wp-content\/uploads\/2025\/02\/WhatsApp-Image-2025-02-05-at-14.57.30-1-fotor-20250205151243-300x242.jpg\" class=\"attachment-medium size-medium wp-image-26406\" alt=\"\" srcset=\"https:\/\/pc.sc.gov.br\/\/wp-content\/uploads\/2025\/02\/WhatsApp-Image-2025-02-05-at-14.57.30-1-fotor-20250205151243-300x242.jpg 300w, https:\/\/pc.sc.gov.br\/\/wp-content\/uploads\/2025\/02\/WhatsApp-Image-2025-02-05-at-14.57.30-1-fotor-20250205151243-768x620.jpg 768w, https:\/\/pc.sc.gov.br\/\/wp-content\/uploads\/2025\/02\/WhatsApp-Image-2025-02-05-at-14.57.30-1-fotor-20250205151243.jpg 953w\" sizes=\"(max-width: 300px) 100vw, 300px\" \/>\t\t\t\t\t\t\t\t\t\t\t\t\t\t\t<\/div>\n\t\t\t\t<\/div>\n\t\t\t\t\t<\/div>\n\t\t<\/div>\n\t\t\t\t\t<\/div>\n\t\t<\/section>\n\t\t\t\t<section class=\"elementor-section elementor-top-section elementor-element elementor-element-c43543f elementor-section-boxed elementor-section-height-default elementor-section-height-default\" data-id=\"c43543f\" data-element_type=\"section\">\n\t\t\t\t\t\t<div class=\"elementor-container elementor-column-gap-default\">\n\t\t\t\t\t<div class=\"elementor-column elementor-col-100 elementor-top-column elementor-element elementor-element-c54fdce\" data-id=\"c54fdce\" data-element_type=\"column\">\n\t\t\t<div class=\"elementor-widget-wrap elementor-element-populated\">\n\t\t\t\t\t\t<div class=\"elementor-element elementor-element-1a7cef4 elementor-widget elementor-widget-text-editor\" data-id=\"1a7cef4\" data-element_type=\"widget\" data-widget_type=\"text-editor.default\">\n\t\t\t\t<div class=\"elementor-widget-container\">\n\t\t\t\t\t\t\t\t\t<p>A Pol\u00edcia Civil de Santa Catarina, por meio da Delegacia de Homic\u00eddio da DIC de Itaja\u00ed deu cumprimento a um mandado de pris\u00e3o preventiva, na manh\u00e3 desta quarta-feira (05) em desfavor de um suspeito, o qual responde por ser coautor de um duplo homic\u00eddio, ocorrido no bairro Espinheiros, em Itaja\u00ed\/SC, no dia 23 de novembro de 2024, vitimando um casal.<\/p><p>O crime ocorreu no interior da resid\u00eancia das v\u00edtimas, ap\u00f3s regressarem de um jantar. A motiva\u00e7\u00e3o, supostamente, estaria atrelada ao interesse na heran\u00e7a, tendo em vista que o principal suspeito, j\u00e1 indiciado e preso na primeira fase, iria se beneficiar do patrim\u00f4nio do casal. Conforme indicaram os laudos cadav\u00e9ricos, as mortes foram causadas por meio de asfixia.<\/p><p>A segunda fase da apura\u00e7\u00e3o revelou que o filho de uma das v\u00edtimas contou com a ajuda do seu cunhado para efetivar o plano elaborado. Na semana passada, houve um novo interrogat\u00f3rio e o filho, ap\u00f3s ter ci\u00eancia do apurado, confessou o crime e indicou o cunhado como suposto comparsa, corroborando com os elementos at\u00e9 ent\u00e3o reunidos.<\/p><p>Nesta fase, foi cumprido mandado de busca no endere\u00e7o vinculado ao suposto comparsa, restando apreendidos dois aparelhos telef\u00f4nicos, pe\u00e7as de uma bicicleta e vestimentas.<\/p><p>O caderno indici\u00e1rio j\u00e1 foi remetido ao Poder Judici\u00e1rio e as novas dilig\u00eancias ser\u00e3o juntadas ao mesmo. O investigado, ap\u00f3s os procedimentos de praxe, foi encaminhado ao pres\u00eddio de Itaja\u00ed, onde permanecer\u00e1 \u00e0 disposi\u00e7\u00e3o da justi\u00e7a.<\/p>\t\t\t\t\t\t\t\t<\/div>\n\t\t\t\t<\/div>\n\t\t\t\t\t<\/div>\n\t\t<\/div>\n\t\t\t\t\t<\/div>\n\t\t<\/section>\n\t\t\t\t<section class=\"elementor-section elementor-top-section elementor-element elementor-element-d9cb8a4 elementor-section-boxed elementor-section-height-default elementor-section-height-default\" data-id=\"d9cb8a4\" data-element_type=\"section\">\n\t\t\t\t\t\t<div class=\"elementor-container elementor-column-gap-default\">\n\t\t\t\t\t<div class=\"elementor-column elementor-col-100 elementor-top-column elementor-element elementor-element-3018dd5\" data-id=\"3018dd5\" data-element_type=\"column\">\n\t\t\t<div class=\"elementor-widget-wrap elementor-element-populated\">\n\t\t\t\t\t\t<div class=\"elementor-element elementor-element-59d1bc0 elementor-widget__width-initial elementor-widget elementor-widget-video\" data-id=\"59d1bc0\" data-element_type=\"widget\" data-settings=\"{&quot;video_type&quot;:&quot;hosted&quot;,&quot;controls&quot;:&quot;yes&quot;}\" data-widget_type=\"video.default\">\n\t\t\t\t<div class=\"elementor-widget-container\">\n\t\t\t\t\t\t\t<div class=\"e-hosted-video elementor-wrapper elementor-open-inline\">\n\t\t\t\t\t<video class=\"elementor-video\" src=\"https:\/\/pc.sc.gov.br\/wp-content\/uploads\/2025\/02\/WhatsApp-Video-2025-02-05-at-14.57.31.mp4\" controls=\"\" preload=\"metadata\"><\/video>\n\t\t\t\t<\/div>\n\t\t\t\t\t\t<\/div>\n\t\t\t\t<\/div>\n\t\t\t\t\t<\/div>\n\t\t<\/div>\n\t\t\t\t\t<\/div>\n\t\t<\/section>\n\t\t\t\t<\/div>\n\t\t","protected":false},"excerpt":{"rendered":"<p>Opera\u00e7\u00e3o Saisine: PCSC prende o segundo investigado por cometer duplo homic\u00eddio em Itaja\u00ed A Pol\u00edcia Civil de Santa Catarina, por meio da Delegacia de Homic\u00eddio da DIC de Itaja\u00ed deu cumprimento a um mandado de pris\u00e3o preventiva, na manh\u00e3 desta quarta-feira (05) em desfavor de um suspeito, o qual responde por ser coautor de um [&hellip;]<\/p>\n","protected":false},"author":5,"featured_media":26406,"comment_status":"closed","ping_status":"open","sticky":false,"template":"","format":"standard","meta":{"_monsterinsights_skip_tracking":false,"_monsterinsights_sitenote_active":false,"_monsterinsights_sitenote_note":"","_monsterinsights_sitenote_category":0,"footnotes":""},"categories":[1],"tags":[],"class_list":["post-26405","post","type-post","status-publish","format-standard","has-post-thumbnail","hentry","category-sem-categoria"],"_links":{"self":[{"href":"https:\/\/pc.sc.gov.br\/index.php?rest_route=\/wp\/v2\/posts\/26405","targetHints":{"allow":["GET"]}}],"collection":[{"href":"https:\/\/pc.sc.gov.br\/index.php?rest_route=\/wp\/v2\/posts"}],"about":[{"href":"https:\/\/pc.sc.gov.br\/index.php?rest_route=\/wp\/v2\/types\/post"}],"author":[{"embeddable":true,"href":"https:\/\/pc.sc.gov.br\/index.php?rest_route=\/wp\/v2\/users\/5"}],"replies":[{"embeddable":true,"href":"https:\/\/pc.sc.gov.br\/index.php?rest_route=%2Fwp%2Fv2%2Fcomments&post=26405"}],"version-history":[{"count":9,"href":"https:\/\/pc.sc.gov.br\/index.php?rest_route=\/wp\/v2\/posts\/26405\/revisions"}],"predecessor-version":[{"id":26416,"href":"https:\/\/pc.sc.gov.br\/index.php?rest_route=\/wp\/v2\/posts\/26405\/revisions\/26416"}],"wp:featuredmedia":[{"embeddable":true,"href":"https:\/\/pc.sc.gov.br\/index.php?rest_route=\/wp\/v2\/media\/26406"}],"wp:attachment":[{"href":"https:\/\/pc.sc.gov.br\/index.php?rest_route=%2Fwp%2Fv2%2Fmedia&parent=26405"}],"wp:term":[{"taxonomy":"category","embeddable":true,"href":"https:\/\/pc.sc.gov.br\/index.php?rest_route=%2Fwp%2Fv2%2Fcategories&post=26405"},{"taxonomy":"post_tag","embeddable":true,"href":"https:\/\/pc.sc.gov.br\/index.php?rest_route=%2Fwp%2Fv2%2Ftags&post=26405"}],"curies":[{"name":"wp","href":"https:\/\/api.w.org\/{rel}","templated":true}]}}