{"id":26423,"date":"2025-02-06T14:26:08","date_gmt":"2025-02-06T17:26:08","guid":{"rendered":"https:\/\/pc.sc.gov.br\/?p=26423"},"modified":"2025-02-06T14:27:31","modified_gmt":"2025-02-06T17:27:31","slug":"policias-civil-e-militar-deflagram-operacao-em-combate-ao-trafico-de-drogas-em-capivari-de-baixo","status":"publish","type":"post","link":"https:\/\/pc.sc.gov.br\/?p=26423","title":{"rendered":"Pol\u00edcias Civil e Militar deflagram opera\u00e7\u00e3o em combate ao tr\u00e1fico de drogas em Capivari de Baixo"},"content":{"rendered":"\t\t<div data-elementor-type=\"wp-post\" data-elementor-id=\"26423\" class=\"elementor elementor-26423\" data-elementor-post-type=\"post\">\n\t\t\t\t\t\t<section class=\"elementor-section elementor-top-section elementor-element elementor-element-151ea77 elementor-section-boxed elementor-section-height-default elementor-section-height-default\" data-id=\"151ea77\" data-element_type=\"section\">\n\t\t\t\t\t\t<div class=\"elementor-container elementor-column-gap-default\">\n\t\t\t\t\t<div class=\"elementor-column elementor-col-100 elementor-top-column elementor-element elementor-element-2de6165\" data-id=\"2de6165\" data-element_type=\"column\">\n\t\t\t<div class=\"elementor-widget-wrap elementor-element-populated\">\n\t\t\t\t\t\t<div class=\"elementor-element elementor-element-42ff576 elementor-widget elementor-widget-heading\" data-id=\"42ff576\" data-element_type=\"widget\" data-widget_type=\"heading.default\">\n\t\t\t\t<div class=\"elementor-widget-container\">\n\t\t\t\t\t<h2 class=\"elementor-heading-title elementor-size-default\">Pol\u00edcias Civil e Militar deflagram opera\u00e7\u00e3o em combate ao tr\u00e1fico de drogas em Capivari de Baixo<\/h2>\t\t\t\t<\/div>\n\t\t\t\t<\/div>\n\t\t\t\t\t<\/div>\n\t\t<\/div>\n\t\t\t\t\t<\/div>\n\t\t<\/section>\n\t\t\t\t<section class=\"elementor-section elementor-top-section elementor-element elementor-element-c481785 elementor-section-boxed elementor-section-height-default elementor-section-height-default\" data-id=\"c481785\" data-element_type=\"section\">\n\t\t\t\t\t\t<div class=\"elementor-container elementor-column-gap-default\">\n\t\t\t\t\t<div class=\"elementor-column elementor-col-100 elementor-top-column elementor-element elementor-element-a0c8d79\" data-id=\"a0c8d79\" data-element_type=\"column\">\n\t\t\t<div class=\"elementor-widget-wrap elementor-element-populated\">\n\t\t\t\t\t\t<div class=\"elementor-element elementor-element-4f1307d elementor-widget elementor-widget-image\" data-id=\"4f1307d\" data-element_type=\"widget\" data-widget_type=\"image.default\">\n\t\t\t\t<div class=\"elementor-widget-container\">\n\t\t\t\t\t\t\t\t\t\t\t\t\t\t\t<img fetchpriority=\"high\" decoding=\"async\" width=\"696\" height=\"504\" src=\"https:\/\/pc.sc.gov.br\/\/wp-content\/uploads\/2024\/11\/WhatsApp-Image-2024-10-23-at-20.23.01-1-1024x742.jpeg\" class=\"attachment-large size-large wp-image-24785\" alt=\"\" srcset=\"https:\/\/pc.sc.gov.br\/\/wp-content\/uploads\/2024\/11\/WhatsApp-Image-2024-10-23-at-20.23.01-1-1024x742.jpeg 1024w, https:\/\/pc.sc.gov.br\/\/wp-content\/uploads\/2024\/11\/WhatsApp-Image-2024-10-23-at-20.23.01-1-300x217.jpeg 300w, https:\/\/pc.sc.gov.br\/\/wp-content\/uploads\/2024\/11\/WhatsApp-Image-2024-10-23-at-20.23.01-1-768x556.jpeg 768w, https:\/\/pc.sc.gov.br\/\/wp-content\/uploads\/2024\/11\/WhatsApp-Image-2024-10-23-at-20.23.01-1.jpeg 1179w\" sizes=\"(max-width: 696px) 100vw, 696px\" \/>\t\t\t\t\t\t\t\t\t\t\t\t\t\t\t<\/div>\n\t\t\t\t<\/div>\n\t\t\t\t\t<\/div>\n\t\t<\/div>\n\t\t\t\t\t<\/div>\n\t\t<\/section>\n\t\t\t\t<section class=\"elementor-section elementor-top-section elementor-element elementor-element-774c474 elementor-section-boxed elementor-section-height-default elementor-section-height-default\" data-id=\"774c474\" data-element_type=\"section\">\n\t\t\t\t\t\t<div class=\"elementor-container elementor-column-gap-default\">\n\t\t\t\t\t<div class=\"elementor-column elementor-col-100 elementor-top-column elementor-element elementor-element-663ceb0\" data-id=\"663ceb0\" data-element_type=\"column\">\n\t\t\t<div class=\"elementor-widget-wrap elementor-element-populated\">\n\t\t\t\t\t\t<div class=\"elementor-element elementor-element-3a44c0a elementor-widget elementor-widget-text-editor\" data-id=\"3a44c0a\" data-element_type=\"widget\" data-widget_type=\"text-editor.default\">\n\t\t\t\t<div class=\"elementor-widget-container\">\n\t\t\t\t\t\t\t\t\t<p>Na quarta-feira (05\/02), a Pol\u00edcia Civil de Santa Catarina, por meio da Delegacia de Pol\u00edcia de Capivari de Baixo, e o Pelot\u00e3o da Pol\u00edcia Militar de Capivari de Baixo, apoiados pelo Canil Setorial de Laguna, deflagram opera\u00e7\u00e3o policial em combate ao tr\u00e1fico de drogas na Cidade Termoel\u00e9trica, em Capivari de Baixo. Foram cumpridos um mandado de busca e apreens\u00e3o e dois mandados de pris\u00e3o preventiva, expedidos pelo Ju\u00edzo da Vara \u00danica da Comarca de Capivari de Baixo, em aten\u00e7\u00e3o ao pleito formulado pela Pol\u00edcia Civil.<\/p><p><strong>Entenda o caso<\/strong><\/p><p>A Pol\u00edcia Militar, em meados de 2023, prendeu um sujeito por tr\u00e1fico de drogas, tendo a Pol\u00edcia Civil autuado o indiv\u00edduo em flagrante. A Delegacia de Pol\u00edcia de Capivari de Baixo deu prosseguimento ao caso, tendo logrado \u00eaxito em coletar diversos elementos evidenciando que o sujeito estava associado a sua genitora para comercializar drogas em Capivari de Baixo, j\u00e1 que ela recebia os valores da venda do entorpecente, realizava as anota\u00e7\u00f5es do tr\u00e1fico e preparava o material para comercializa\u00e7\u00e3o, al\u00e9m de controlar o estoque e monitorar as entregas.<\/p><p>Em raz\u00e3o de tal cen\u00e1rio, a Pol\u00edcia Civil representou pela expedi\u00e7\u00e3o de mandado de busca e apreens\u00e3o na resid\u00eancia da m\u00e3e e do filho, al\u00e9m da decreta\u00e7\u00e3o da pris\u00e3o preventiva de ambos os investigados, tendo o Ju\u00edzo da Vara \u00danica da Comarca de Capivari de Baixo deferido o pleito, ap\u00f3s manifesta\u00e7\u00e3o favor\u00e1vel do Minist\u00e9rio P\u00fablico.<\/p><p>Na data de ontem (05\/04), a Delegacia de Pol\u00edcia de Capivari de Baixo e o Pelot\u00e3o da Pol\u00edcia Militar de Capivari de Baixo, apoiados pelo Canil Setorial de Laguna, deram cumprimento aos mandados de busca e apreens\u00e3o, como tamb\u00e9m os de pris\u00e3o preventiva, sendo que a opera\u00e7\u00e3o policial ocorreu no Bairro Ca\u00e7ador.<\/p><p>Durante as buscas, localizou-se quantidade significativa de coca\u00edna e ectasy, al\u00e9m de ter sido apreendido objetos de interesse investigativo e itens utilizados para o preparo da droga, motivo pelo qual ambos foram presos em flagrante pelo crime de tr\u00e1fico de drogas e associa\u00e7\u00e3o para o tr\u00e1fico, inclusive com a causa de aumento de pena do crime de ter sido praticado ao lado de uma creche.<\/p><p>Ap\u00f3s a lavratura do auto de pris\u00e3o em flagrante e a formaliza\u00e7\u00e3o do cumprimento dos mandados, os presos foram encaminhados ao pres\u00eddio, ficando \u00e0 disposi\u00e7\u00e3o da Justi\u00e7a.<\/p>\t\t\t\t\t\t\t\t<\/div>\n\t\t\t\t<\/div>\n\t\t\t\t\t<\/div>\n\t\t<\/div>\n\t\t\t\t\t<\/div>\n\t\t<\/section>\n\t\t\t\t<\/div>\n\t\t","protected":false},"excerpt":{"rendered":"<p>Pol\u00edcias Civil e Militar deflagram opera\u00e7\u00e3o em combate ao tr\u00e1fico de drogas em Capivari de Baixo Na quarta-feira (05\/02), a Pol\u00edcia Civil de Santa Catarina, por meio da Delegacia de Pol\u00edcia de Capivari de Baixo, e o Pelot\u00e3o da Pol\u00edcia Militar de Capivari de Baixo, apoiados pelo Canil Setorial de Laguna, deflagram opera\u00e7\u00e3o policial em [&hellip;]<\/p>\n","protected":false},"author":5,"featured_media":25838,"comment_status":"closed","ping_status":"open","sticky":false,"template":"","format":"standard","meta":{"_monsterinsights_skip_tracking":false,"_monsterinsights_sitenote_active":false,"_monsterinsights_sitenote_note":"","_monsterinsights_sitenote_category":0,"footnotes":""},"categories":[1],"tags":[],"class_list":["post-26423","post","type-post","status-publish","format-standard","has-post-thumbnail","hentry","category-sem-categoria"],"_links":{"self":[{"href":"https:\/\/pc.sc.gov.br\/index.php?rest_route=\/wp\/v2\/posts\/26423","targetHints":{"allow":["GET"]}}],"collection":[{"href":"https:\/\/pc.sc.gov.br\/index.php?rest_route=\/wp\/v2\/posts"}],"about":[{"href":"https:\/\/pc.sc.gov.br\/index.php?rest_route=\/wp\/v2\/types\/post"}],"author":[{"embeddable":true,"href":"https:\/\/pc.sc.gov.br\/index.php?rest_route=\/wp\/v2\/users\/5"}],"replies":[{"embeddable":true,"href":"https:\/\/pc.sc.gov.br\/index.php?rest_route=%2Fwp%2Fv2%2Fcomments&post=26423"}],"version-history":[{"count":4,"href":"https:\/\/pc.sc.gov.br\/index.php?rest_route=\/wp\/v2\/posts\/26423\/revisions"}],"predecessor-version":[{"id":26427,"href":"https:\/\/pc.sc.gov.br\/index.php?rest_route=\/wp\/v2\/posts\/26423\/revisions\/26427"}],"wp:featuredmedia":[{"embeddable":true,"href":"https:\/\/pc.sc.gov.br\/index.php?rest_route=\/wp\/v2\/media\/25838"}],"wp:attachment":[{"href":"https:\/\/pc.sc.gov.br\/index.php?rest_route=%2Fwp%2Fv2%2Fmedia&parent=26423"}],"wp:term":[{"taxonomy":"category","embeddable":true,"href":"https:\/\/pc.sc.gov.br\/index.php?rest_route=%2Fwp%2Fv2%2Fcategories&post=26423"},{"taxonomy":"post_tag","embeddable":true,"href":"https:\/\/pc.sc.gov.br\/index.php?rest_route=%2Fwp%2Fv2%2Ftags&post=26423"}],"curies":[{"name":"wp","href":"https:\/\/api.w.org\/{rel}","templated":true}]}}