{"id":26429,"date":"2025-02-06T14:39:55","date_gmt":"2025-02-06T17:39:55","guid":{"rendered":"https:\/\/pc.sc.gov.br\/?p=26429"},"modified":"2025-02-06T14:44:06","modified_gmt":"2025-02-06T17:44:06","slug":"policia-civil-de-santa-catarina-a-desarticula-quadrilha-especializada-em-furto-e-receptacao-de-cargas","status":"publish","type":"post","link":"https:\/\/pc.sc.gov.br\/?p=26429","title":{"rendered":"Pol\u00edcia Civil de Santa Catarina a desarticula quadrilha especializada em furto e recepta\u00e7\u00e3o de cargas"},"content":{"rendered":"\t\t<div data-elementor-type=\"wp-post\" data-elementor-id=\"26429\" class=\"elementor elementor-26429\" data-elementor-post-type=\"post\">\n\t\t\t\t\t\t<section class=\"elementor-section elementor-top-section elementor-element elementor-element-d838652 elementor-section-boxed elementor-section-height-default elementor-section-height-default\" data-id=\"d838652\" data-element_type=\"section\">\n\t\t\t\t\t\t<div class=\"elementor-container elementor-column-gap-default\">\n\t\t\t\t\t<div class=\"elementor-column elementor-col-100 elementor-top-column elementor-element elementor-element-de9a57b\" data-id=\"de9a57b\" data-element_type=\"column\">\n\t\t\t<div class=\"elementor-widget-wrap elementor-element-populated\">\n\t\t\t\t\t\t<div class=\"elementor-element elementor-element-b52aa71 elementor-widget elementor-widget-heading\" data-id=\"b52aa71\" data-element_type=\"widget\" data-widget_type=\"heading.default\">\n\t\t\t\t<div class=\"elementor-widget-container\">\n\t\t\t\t\t<h2 class=\"elementor-heading-title elementor-size-default\">Pol\u00edcia Civil de Santa Catarina a desarticula quadrilha especializada em furto e recepta\u00e7\u00e3o de cargas<\/h2>\t\t\t\t<\/div>\n\t\t\t\t<\/div>\n\t\t\t\t\t<\/div>\n\t\t<\/div>\n\t\t\t\t\t<\/div>\n\t\t<\/section>\n\t\t\t\t<section class=\"elementor-section elementor-top-section elementor-element elementor-element-d7e29cb elementor-section-boxed elementor-section-height-default elementor-section-height-default\" data-id=\"d7e29cb\" data-element_type=\"section\">\n\t\t\t\t\t\t<div class=\"elementor-container elementor-column-gap-default\">\n\t\t\t\t\t<div class=\"elementor-column elementor-col-100 elementor-top-column elementor-element elementor-element-747af1e\" data-id=\"747af1e\" data-element_type=\"column\">\n\t\t\t<div class=\"elementor-widget-wrap elementor-element-populated\">\n\t\t\t\t\t\t<div class=\"elementor-element elementor-element-5d7c433 elementor-widget elementor-widget-image\" data-id=\"5d7c433\" data-element_type=\"widget\" data-widget_type=\"image.default\">\n\t\t\t\t<div class=\"elementor-widget-container\">\n\t\t\t\t\t\t\t\t\t\t\t\t\t\t\t<img fetchpriority=\"high\" decoding=\"async\" width=\"696\" height=\"600\" src=\"https:\/\/pc.sc.gov.br\/\/wp-content\/uploads\/2025\/02\/bfbd470d-6666-4e52-b4a5-82a49cf10a6d-fotor-20250206143738-768x662.jpg\" class=\"attachment-medium_large size-medium_large wp-image-26430\" alt=\"\" srcset=\"https:\/\/pc.sc.gov.br\/\/wp-content\/uploads\/2025\/02\/bfbd470d-6666-4e52-b4a5-82a49cf10a6d-fotor-20250206143738-768x662.jpg 768w, https:\/\/pc.sc.gov.br\/\/wp-content\/uploads\/2025\/02\/bfbd470d-6666-4e52-b4a5-82a49cf10a6d-fotor-20250206143738-300x259.jpg 300w, https:\/\/pc.sc.gov.br\/\/wp-content\/uploads\/2025\/02\/bfbd470d-6666-4e52-b4a5-82a49cf10a6d-fotor-20250206143738-1024x883.jpg 1024w, https:\/\/pc.sc.gov.br\/\/wp-content\/uploads\/2025\/02\/bfbd470d-6666-4e52-b4a5-82a49cf10a6d-fotor-20250206143738.jpg 1187w\" sizes=\"(max-width: 696px) 100vw, 696px\" \/>\t\t\t\t\t\t\t\t\t\t\t\t\t\t\t<\/div>\n\t\t\t\t<\/div>\n\t\t\t\t\t<\/div>\n\t\t<\/div>\n\t\t\t\t\t<\/div>\n\t\t<\/section>\n\t\t\t\t<section class=\"elementor-section elementor-top-section elementor-element elementor-element-284a7e2 elementor-section-boxed elementor-section-height-default elementor-section-height-default\" data-id=\"284a7e2\" data-element_type=\"section\">\n\t\t\t\t\t\t<div class=\"elementor-container elementor-column-gap-default\">\n\t\t\t\t\t<div class=\"elementor-column elementor-col-100 elementor-top-column elementor-element elementor-element-106681a\" data-id=\"106681a\" data-element_type=\"column\">\n\t\t\t<div class=\"elementor-widget-wrap elementor-element-populated\">\n\t\t\t\t\t\t<div class=\"elementor-element elementor-element-d056cce elementor-widget elementor-widget-text-editor\" data-id=\"d056cce\" data-element_type=\"widget\" data-widget_type=\"text-editor.default\">\n\t\t\t\t<div class=\"elementor-widget-container\">\n\t\t\t\t\t\t\t\t\t<p>A Pol\u00edcia Civil de Santa Catarina, por meio da Delegacia de Furtos e Roubos de Cargas (DFRC\/DEIC) deflagrou nesta quinta-feira (6) uma opera\u00e7\u00e3o que desarticulou grupo criminoso especializado em furtos, roubos e recepta\u00e7\u00e3o de cargas de alto valor. A investiga\u00e7\u00e3o, coordenada pela Delegada de Pol\u00edcia Inara Drapalski, revelou um esquema criminoso que envolvia a subtra\u00e7\u00e3o, transporte e revenda de mercadorias furtadas.<\/p><p>A a\u00e7\u00e3o teve in\u00edcio ap\u00f3s o furto de carga de cal\u00e7ados avaliada em aproximadamente R$ 572.000,00, ocorrido no dia 12\/11\/2024 na cidade de Joinville\/SC. No decorrer da investiga\u00e7\u00e3o apurou-se que o mesmo grupo foi respons\u00e1vel pelo roubo de carga de pneus avaliada em mais de R$ 1 milh\u00e3o, ocorrido na cidade de Navegantes\/SC.\u00a0<\/p><p>A investiga\u00e7\u00e3o constatou que a carga furtada de cal\u00e7ados foi comercializada em Jaguaruna\/SC sob a denomina\u00e7\u00e3o \u201cSalvados\u201d. Al\u00e9m disso, verificou-se que o mesmo caminh\u00e3o-trator, envolvido na subtra\u00e7\u00e3o das cargas, estava atuando no transporte de 411 kg de coca\u00edna, apreendida em Joinville\/SC, evidenciando a conex\u00e3o da quadrilha com o tr\u00e1fico de drogas.<\/p>\t\t\t\t\t\t\t\t<\/div>\n\t\t\t\t<\/div>\n\t\t\t\t\t<\/div>\n\t\t<\/div>\n\t\t\t\t\t<\/div>\n\t\t<\/section>\n\t\t\t\t<section class=\"elementor-section elementor-top-section elementor-element elementor-element-0d0be18 elementor-section-boxed elementor-section-height-default elementor-section-height-default\" data-id=\"0d0be18\" data-element_type=\"section\">\n\t\t\t\t\t\t<div class=\"elementor-container elementor-column-gap-default\">\n\t\t\t\t\t<div class=\"elementor-column elementor-col-100 elementor-top-column elementor-element elementor-element-eb862bf\" data-id=\"eb862bf\" data-element_type=\"column\">\n\t\t\t<div class=\"elementor-widget-wrap elementor-element-populated\">\n\t\t\t\t\t\t<div class=\"elementor-element elementor-element-65ec95f elementor-widget elementor-widget-image\" data-id=\"65ec95f\" data-element_type=\"widget\" data-widget_type=\"image.default\">\n\t\t\t\t<div class=\"elementor-widget-container\">\n\t\t\t\t\t\t\t\t\t\t\t\t\t\t\t<img decoding=\"async\" width=\"696\" height=\"522\" src=\"https:\/\/pc.sc.gov.br\/\/wp-content\/uploads\/2025\/02\/WhatsApp-Image-2025-02-06-at-12.49.45-3-1024x768.jpeg\" class=\"attachment-large size-large wp-image-26433\" alt=\"\" srcset=\"https:\/\/pc.sc.gov.br\/\/wp-content\/uploads\/2025\/02\/WhatsApp-Image-2025-02-06-at-12.49.45-3-1024x768.jpeg 1024w, https:\/\/pc.sc.gov.br\/\/wp-content\/uploads\/2025\/02\/WhatsApp-Image-2025-02-06-at-12.49.45-3-300x225.jpeg 300w, https:\/\/pc.sc.gov.br\/\/wp-content\/uploads\/2025\/02\/WhatsApp-Image-2025-02-06-at-12.49.45-3-768x576.jpeg 768w, https:\/\/pc.sc.gov.br\/\/wp-content\/uploads\/2025\/02\/WhatsApp-Image-2025-02-06-at-12.49.45-3-1536x1152.jpeg 1536w, https:\/\/pc.sc.gov.br\/\/wp-content\/uploads\/2025\/02\/WhatsApp-Image-2025-02-06-at-12.49.45-3.jpeg 1600w\" sizes=\"(max-width: 696px) 100vw, 696px\" \/>\t\t\t\t\t\t\t\t\t\t\t\t\t\t\t<\/div>\n\t\t\t\t<\/div>\n\t\t\t\t\t<\/div>\n\t\t<\/div>\n\t\t\t\t\t<\/div>\n\t\t<\/section>\n\t\t\t\t<section class=\"elementor-section elementor-top-section elementor-element elementor-element-6bdd7dd elementor-section-boxed elementor-section-height-default elementor-section-height-default\" data-id=\"6bdd7dd\" data-element_type=\"section\">\n\t\t\t\t\t\t<div class=\"elementor-container elementor-column-gap-default\">\n\t\t\t\t\t<div class=\"elementor-column elementor-col-100 elementor-top-column elementor-element elementor-element-8345a4b\" data-id=\"8345a4b\" data-element_type=\"column\">\n\t\t\t<div class=\"elementor-widget-wrap elementor-element-populated\">\n\t\t\t\t\t\t<div class=\"elementor-element elementor-element-474ba75 elementor-widget elementor-widget-text-editor\" data-id=\"474ba75\" data-element_type=\"widget\" data-widget_type=\"text-editor.default\">\n\t\t\t\t<div class=\"elementor-widget-container\">\n\t\t\t\t\t\t\t\t\t<p>Na opera\u00e7\u00e3o, um dos investigados foi preso em flagrante por tr\u00e1fico de drogas. Em sua resid\u00eancia foi localizada estufa de maconha em pleno funcionamento, al\u00e9m de pe\u00e7as de caminhonetes TOYOTA\/HILUX.&nbsp;<span style=\"font-family: var( --e-global-typography-text-font-family ), Sans-serif; font-size: var( --e-global-typography-text-font-size );\">A DFRC\/DEIC contou com apoio operacional das Delegacias Especializadas da DEIC e das Delegacias de Joinville 1\u00ba, 2\u00ba e 3\u00ba DP.<\/span><\/p>\n<p><b>Den\u00fancias relacionadas a Furtos e Roubos de Cargas devem ser encaminhadas para o e-mail deic-dfrc@pc.sc.gov.br da POL\u00cdCIA CIVIL, sendo garantido o anonimato.<\/b><span style=\"color: var( --e-global-color-text ); font-family: var( --e-global-typography-primary-font-family ), Sans-serif; font-size: var( --e-global-typography-primary-font-size ); font-weight: var( --e-global-typography-primary-font-weight ); letter-spacing: var( --e-global-typography-primary-letter-spacing );\">&nbsp;<\/span><\/p>\t\t\t\t\t\t\t\t<\/div>\n\t\t\t\t<\/div>\n\t\t\t\t\t<\/div>\n\t\t<\/div>\n\t\t\t\t\t<\/div>\n\t\t<\/section>\n\t\t\t\t<section class=\"elementor-section elementor-top-section elementor-element elementor-element-ef8dcfb elementor-section-boxed elementor-section-height-default elementor-section-height-default\" data-id=\"ef8dcfb\" data-element_type=\"section\">\n\t\t\t\t\t\t<div class=\"elementor-container elementor-column-gap-default\">\n\t\t\t\t\t<div class=\"elementor-column elementor-col-100 elementor-top-column elementor-element elementor-element-69525be\" data-id=\"69525be\" data-element_type=\"column\">\n\t\t\t<div class=\"elementor-widget-wrap elementor-element-populated\">\n\t\t\t\t\t\t<div class=\"elementor-element elementor-element-19bb332 elementor-widget__width-initial elementor-widget elementor-widget-video\" data-id=\"19bb332\" data-element_type=\"widget\" data-settings=\"{&quot;video_type&quot;:&quot;hosted&quot;,&quot;controls&quot;:&quot;yes&quot;}\" data-widget_type=\"video.default\">\n\t\t\t\t<div class=\"elementor-widget-container\">\n\t\t\t\t\t\t\t<div class=\"e-hosted-video elementor-wrapper elementor-open-inline\">\n\t\t\t\t\t<video class=\"elementor-video\" src=\"https:\/\/pc.sc.gov.br\/wp-content\/uploads\/2025\/02\/WhatsApp-Video-2025-02-06-at-12.50.14-2.mp4\" controls=\"\" preload=\"metadata\"><\/video>\n\t\t\t\t<\/div>\n\t\t\t\t\t\t<\/div>\n\t\t\t\t<\/div>\n\t\t\t\t\t<\/div>\n\t\t<\/div>\n\t\t\t\t\t<\/div>\n\t\t<\/section>\n\t\t\t\t<\/div>\n\t\t","protected":false},"excerpt":{"rendered":"<p>Pol\u00edcia Civil de Santa Catarina a desarticula quadrilha especializada em furto e recepta\u00e7\u00e3o de cargas A Pol\u00edcia Civil de Santa Catarina, por meio da Delegacia de Furtos e Roubos de Cargas (DFRC\/DEIC) deflagrou nesta quinta-feira (6) uma opera\u00e7\u00e3o que desarticulou grupo criminoso especializado em furtos, roubos e recepta\u00e7\u00e3o de cargas de alto valor. A investiga\u00e7\u00e3o, [&hellip;]<\/p>\n","protected":false},"author":5,"featured_media":26430,"comment_status":"closed","ping_status":"open","sticky":false,"template":"","format":"standard","meta":{"_monsterinsights_skip_tracking":false,"_monsterinsights_sitenote_active":false,"_monsterinsights_sitenote_note":"","_monsterinsights_sitenote_category":0,"footnotes":""},"categories":[1],"tags":[],"class_list":["post-26429","post","type-post","status-publish","format-standard","has-post-thumbnail","hentry","category-sem-categoria"],"_links":{"self":[{"href":"https:\/\/pc.sc.gov.br\/index.php?rest_route=\/wp\/v2\/posts\/26429","targetHints":{"allow":["GET"]}}],"collection":[{"href":"https:\/\/pc.sc.gov.br\/index.php?rest_route=\/wp\/v2\/posts"}],"about":[{"href":"https:\/\/pc.sc.gov.br\/index.php?rest_route=\/wp\/v2\/types\/post"}],"author":[{"embeddable":true,"href":"https:\/\/pc.sc.gov.br\/index.php?rest_route=\/wp\/v2\/users\/5"}],"replies":[{"embeddable":true,"href":"https:\/\/pc.sc.gov.br\/index.php?rest_route=%2Fwp%2Fv2%2Fcomments&post=26429"}],"version-history":[{"count":4,"href":"https:\/\/pc.sc.gov.br\/index.php?rest_route=\/wp\/v2\/posts\/26429\/revisions"}],"predecessor-version":[{"id":26442,"href":"https:\/\/pc.sc.gov.br\/index.php?rest_route=\/wp\/v2\/posts\/26429\/revisions\/26442"}],"wp:featuredmedia":[{"embeddable":true,"href":"https:\/\/pc.sc.gov.br\/index.php?rest_route=\/wp\/v2\/media\/26430"}],"wp:attachment":[{"href":"https:\/\/pc.sc.gov.br\/index.php?rest_route=%2Fwp%2Fv2%2Fmedia&parent=26429"}],"wp:term":[{"taxonomy":"category","embeddable":true,"href":"https:\/\/pc.sc.gov.br\/index.php?rest_route=%2Fwp%2Fv2%2Fcategories&post=26429"},{"taxonomy":"post_tag","embeddable":true,"href":"https:\/\/pc.sc.gov.br\/index.php?rest_route=%2Fwp%2Fv2%2Ftags&post=26429"}],"curies":[{"name":"wp","href":"https:\/\/api.w.org\/{rel}","templated":true}]}}