{"id":26432,"date":"2025-02-06T14:40:25","date_gmt":"2025-02-06T17:40:25","guid":{"rendered":"https:\/\/pc.sc.gov.br\/?p=26432"},"modified":"2025-02-06T14:41:30","modified_gmt":"2025-02-06T17:41:30","slug":"em-santa-catarina-ficco-prende-homem-apontado-como-lider-de-faccao-criminosa-da-bahia","status":"publish","type":"post","link":"https:\/\/pc.sc.gov.br\/?p=26432","title":{"rendered":"Em Santa Catarina, FICCO prende homem apontado como l\u00edder de fac\u00e7\u00e3o criminosa da Bahia"},"content":{"rendered":"\t\t<div data-elementor-type=\"wp-post\" data-elementor-id=\"26432\" class=\"elementor elementor-26432\" data-elementor-post-type=\"post\">\n\t\t\t\t\t\t<section class=\"elementor-section elementor-top-section elementor-element elementor-element-12f54bc elementor-section-boxed elementor-section-height-default elementor-section-height-default\" data-id=\"12f54bc\" data-element_type=\"section\">\n\t\t\t\t\t\t<div class=\"elementor-container elementor-column-gap-default\">\n\t\t\t\t\t<div class=\"elementor-column elementor-col-100 elementor-top-column elementor-element elementor-element-39ec36b\" data-id=\"39ec36b\" data-element_type=\"column\">\n\t\t\t<div class=\"elementor-widget-wrap elementor-element-populated\">\n\t\t\t\t\t\t<div class=\"elementor-element elementor-element-61252da elementor-widget elementor-widget-heading\" data-id=\"61252da\" data-element_type=\"widget\" data-widget_type=\"heading.default\">\n\t\t\t\t<div class=\"elementor-widget-container\">\n\t\t\t\t\t<h2 class=\"elementor-heading-title elementor-size-default\">Em Santa Catarina, FICCO prende homem apontado como l\u00edder de fac\u00e7\u00e3o criminosa da Bahia<\/h2>\t\t\t\t<\/div>\n\t\t\t\t<\/div>\n\t\t\t\t\t<\/div>\n\t\t<\/div>\n\t\t\t\t\t<\/div>\n\t\t<\/section>\n\t\t\t\t<section class=\"elementor-section elementor-top-section elementor-element elementor-element-0857e44 elementor-section-boxed elementor-section-height-default elementor-section-height-default\" data-id=\"0857e44\" data-element_type=\"section\">\n\t\t\t\t\t\t<div class=\"elementor-container elementor-column-gap-default\">\n\t\t\t\t\t<div class=\"elementor-column elementor-col-100 elementor-top-column elementor-element elementor-element-282388d\" data-id=\"282388d\" data-element_type=\"column\">\n\t\t\t<div class=\"elementor-widget-wrap elementor-element-populated\">\n\t\t\t\t\t\t<div class=\"elementor-element elementor-element-dbaff54 elementor-widget elementor-widget-image\" data-id=\"dbaff54\" data-element_type=\"widget\" data-widget_type=\"image.default\">\n\t\t\t\t<div class=\"elementor-widget-container\">\n\t\t\t\t\t\t\t\t\t\t\t\t\t\t\t<img fetchpriority=\"high\" decoding=\"async\" width=\"696\" height=\"928\" src=\"https:\/\/pc.sc.gov.br\/\/wp-content\/uploads\/2025\/02\/WhatsApp-Image-2025-02-06-at-10.01.13-768x1024.jpeg\" class=\"attachment-large size-large wp-image-26434\" alt=\"\" srcset=\"https:\/\/pc.sc.gov.br\/\/wp-content\/uploads\/2025\/02\/WhatsApp-Image-2025-02-06-at-10.01.13-768x1024.jpeg 768w, https:\/\/pc.sc.gov.br\/\/wp-content\/uploads\/2025\/02\/WhatsApp-Image-2025-02-06-at-10.01.13-225x300.jpeg 225w, https:\/\/pc.sc.gov.br\/\/wp-content\/uploads\/2025\/02\/WhatsApp-Image-2025-02-06-at-10.01.13-1152x1536.jpeg 1152w, https:\/\/pc.sc.gov.br\/\/wp-content\/uploads\/2025\/02\/WhatsApp-Image-2025-02-06-at-10.01.13.jpeg 1200w\" sizes=\"(max-width: 696px) 100vw, 696px\" \/>\t\t\t\t\t\t\t\t\t\t\t\t\t\t\t<\/div>\n\t\t\t\t<\/div>\n\t\t\t\t\t<\/div>\n\t\t<\/div>\n\t\t\t\t\t<\/div>\n\t\t<\/section>\n\t\t\t\t<section class=\"elementor-section elementor-top-section elementor-element elementor-element-a79d736 elementor-section-boxed elementor-section-height-default elementor-section-height-default\" data-id=\"a79d736\" data-element_type=\"section\">\n\t\t\t\t\t\t<div class=\"elementor-container elementor-column-gap-default\">\n\t\t\t\t\t<div class=\"elementor-column elementor-col-100 elementor-top-column elementor-element elementor-element-be94ea6\" data-id=\"be94ea6\" data-element_type=\"column\">\n\t\t\t<div class=\"elementor-widget-wrap elementor-element-populated\">\n\t\t\t\t\t\t<div class=\"elementor-element elementor-element-b5df117 elementor-widget elementor-widget-text-editor\" data-id=\"b5df117\" data-element_type=\"widget\" data-widget_type=\"text-editor.default\">\n\t\t\t\t<div class=\"elementor-widget-container\">\n\t\t\t\t\t\t\t\t\t<p>Na manh\u00e3 desta quinta-feira (06\/02), agentes da For\u00e7a Integrada de Combate ao Crime Organizado de Santa Catarina (FICCO\/SC), composta pela Pol\u00edcia Federal, Pol\u00edcia Rodovi\u00e1ria Federal, Pol\u00edcia Penal e Pol\u00edcia Civil, realizaram a pris\u00e3o de um homem apontado como lider de uma organiza\u00e7\u00e3o criminosa da Bahia. O foragido foi capturado no munic\u00edpio de Barra Velha (SC) e possu\u00eda dois mandados de pris\u00e3o expedidos pela Justi\u00e7a baiana.<\/p><p>O preso \u00e9 acusado pela pr\u00e1tica de diversos crimes e vinha sendo monitorado pelas for\u00e7as de seguran\u00e7a. Sua pris\u00e3o representa um importante golpe contra o crime organizado, refor\u00e7ando o combate \u00e0s fac\u00e7\u00f5es criminosas que atuam em diferentes estados do pa\u00eds.<\/p><p>A opera\u00e7\u00e3o contou com a participa\u00e7\u00e3o do Grupo de Pronta Interven\u00e7\u00e3o, equipe especializada da Pol\u00edcia Federal, que localizaram o suspeito e efetuaram a pris\u00e3o sem incidentes. Ele ser\u00e1 encaminhado ao Sistema Prisional, onde ficar\u00e1 \u00e0 disposi\u00e7\u00e3o da Justi\u00e7a.<\/p>\t\t\t\t\t\t\t\t<\/div>\n\t\t\t\t<\/div>\n\t\t\t\t\t<\/div>\n\t\t<\/div>\n\t\t\t\t\t<\/div>\n\t\t<\/section>\n\t\t\t\t<\/div>\n\t\t","protected":false},"excerpt":{"rendered":"<p>Em Santa Catarina, FICCO prende homem apontado como l\u00edder de fac\u00e7\u00e3o criminosa da Bahia Na manh\u00e3 desta quinta-feira (06\/02), agentes da For\u00e7a Integrada de Combate ao Crime Organizado de Santa Catarina (FICCO\/SC), composta pela Pol\u00edcia Federal, Pol\u00edcia Rodovi\u00e1ria Federal, Pol\u00edcia Penal e Pol\u00edcia Civil, realizaram a pris\u00e3o de um homem apontado como lider de uma [&hellip;]<\/p>\n","protected":false},"author":5,"featured_media":26434,"comment_status":"closed","ping_status":"open","sticky":false,"template":"","format":"standard","meta":{"_monsterinsights_skip_tracking":false,"_monsterinsights_sitenote_active":false,"_monsterinsights_sitenote_note":"","_monsterinsights_sitenote_category":0,"footnotes":""},"categories":[1],"tags":[],"class_list":["post-26432","post","type-post","status-publish","format-standard","has-post-thumbnail","hentry","category-sem-categoria"],"_links":{"self":[{"href":"https:\/\/pc.sc.gov.br\/index.php?rest_route=\/wp\/v2\/posts\/26432","targetHints":{"allow":["GET"]}}],"collection":[{"href":"https:\/\/pc.sc.gov.br\/index.php?rest_route=\/wp\/v2\/posts"}],"about":[{"href":"https:\/\/pc.sc.gov.br\/index.php?rest_route=\/wp\/v2\/types\/post"}],"author":[{"embeddable":true,"href":"https:\/\/pc.sc.gov.br\/index.php?rest_route=\/wp\/v2\/users\/5"}],"replies":[{"embeddable":true,"href":"https:\/\/pc.sc.gov.br\/index.php?rest_route=%2Fwp%2Fv2%2Fcomments&post=26432"}],"version-history":[{"count":4,"href":"https:\/\/pc.sc.gov.br\/index.php?rest_route=\/wp\/v2\/posts\/26432\/revisions"}],"predecessor-version":[{"id":26438,"href":"https:\/\/pc.sc.gov.br\/index.php?rest_route=\/wp\/v2\/posts\/26432\/revisions\/26438"}],"wp:featuredmedia":[{"embeddable":true,"href":"https:\/\/pc.sc.gov.br\/index.php?rest_route=\/wp\/v2\/media\/26434"}],"wp:attachment":[{"href":"https:\/\/pc.sc.gov.br\/index.php?rest_route=%2Fwp%2Fv2%2Fmedia&parent=26432"}],"wp:term":[{"taxonomy":"category","embeddable":true,"href":"https:\/\/pc.sc.gov.br\/index.php?rest_route=%2Fwp%2Fv2%2Fcategories&post=26432"},{"taxonomy":"post_tag","embeddable":true,"href":"https:\/\/pc.sc.gov.br\/index.php?rest_route=%2Fwp%2Fv2%2Ftags&post=26432"}],"curies":[{"name":"wp","href":"https:\/\/api.w.org\/{rel}","templated":true}]}}