{"id":26443,"date":"2025-02-06T15:01:57","date_gmt":"2025-02-06T18:01:57","guid":{"rendered":"https:\/\/pc.sc.gov.br\/?p=26443"},"modified":"2025-02-06T16:00:25","modified_gmt":"2025-02-06T19:00:25","slug":"policia-civil-e-forcas-de-seguranca-deflagram-a-25a-fase-da-operacao-311-e-prendem-empresario-do-setor-automotivo","status":"publish","type":"post","link":"https:\/\/pc.sc.gov.br\/?p=26443","title":{"rendered":"Pol\u00edcia Civil e For\u00e7as de Seguran\u00e7a deflagram a 25\u00aa fase da opera\u00e7\u00e3o \u201c311\u201d e prendem empres\u00e1rio do setor automotivo"},"content":{"rendered":"\t\t<div data-elementor-type=\"wp-post\" data-elementor-id=\"26443\" class=\"elementor elementor-26443\" data-elementor-post-type=\"post\">\n\t\t\t\t\t\t<section class=\"elementor-section elementor-top-section elementor-element elementor-element-31a975f elementor-section-boxed elementor-section-height-default elementor-section-height-default\" data-id=\"31a975f\" data-element_type=\"section\">\n\t\t\t\t\t\t<div class=\"elementor-container elementor-column-gap-default\">\n\t\t\t\t\t<div class=\"elementor-column elementor-col-100 elementor-top-column elementor-element elementor-element-44e2743\" data-id=\"44e2743\" data-element_type=\"column\">\n\t\t\t<div class=\"elementor-widget-wrap elementor-element-populated\">\n\t\t\t\t\t\t<div class=\"elementor-element elementor-element-c27eef6 elementor-widget elementor-widget-heading\" data-id=\"c27eef6\" data-element_type=\"widget\" data-widget_type=\"heading.default\">\n\t\t\t\t<div class=\"elementor-widget-container\">\n\t\t\t\t\t<h2 class=\"elementor-heading-title elementor-size-default\">Pol\u00edcia Civil e For\u00e7as de Seguran\u00e7a deflagram a 25\u00aa fase da opera\u00e7\u00e3o \u201c311\u201d e prendem empres\u00e1rio do setor automotivo<\/h2>\t\t\t\t<\/div>\n\t\t\t\t<\/div>\n\t\t\t\t\t<\/div>\n\t\t<\/div>\n\t\t\t\t\t<\/div>\n\t\t<\/section>\n\t\t\t\t<section class=\"elementor-section elementor-top-section elementor-element elementor-element-1b91aec elementor-section-boxed elementor-section-height-default elementor-section-height-default\" data-id=\"1b91aec\" data-element_type=\"section\">\n\t\t\t\t\t\t<div class=\"elementor-container elementor-column-gap-default\">\n\t\t\t\t\t<div class=\"elementor-column elementor-col-100 elementor-top-column elementor-element elementor-element-9c31b27\" data-id=\"9c31b27\" data-element_type=\"column\">\n\t\t\t<div class=\"elementor-widget-wrap elementor-element-populated\">\n\t\t\t\t\t\t<div class=\"elementor-element elementor-element-4a78194 elementor-widget elementor-widget-image\" data-id=\"4a78194\" data-element_type=\"widget\" data-widget_type=\"image.default\">\n\t\t\t\t<div class=\"elementor-widget-container\">\n\t\t\t\t\t\t\t\t\t\t\t\t\t\t\t<img fetchpriority=\"high\" decoding=\"async\" width=\"696\" height=\"927\" src=\"https:\/\/pc.sc.gov.br\/\/wp-content\/uploads\/2025\/02\/WhatsApp-Image-2025-02-06-at-15.55.05-769x1024.jpeg\" class=\"attachment-large size-large wp-image-26459\" alt=\"\" srcset=\"https:\/\/pc.sc.gov.br\/\/wp-content\/uploads\/2025\/02\/WhatsApp-Image-2025-02-06-at-15.55.05-769x1024.jpeg 769w, https:\/\/pc.sc.gov.br\/\/wp-content\/uploads\/2025\/02\/WhatsApp-Image-2025-02-06-at-15.55.05-225x300.jpeg 225w, https:\/\/pc.sc.gov.br\/\/wp-content\/uploads\/2025\/02\/WhatsApp-Image-2025-02-06-at-15.55.05-768x1023.jpeg 768w, https:\/\/pc.sc.gov.br\/\/wp-content\/uploads\/2025\/02\/WhatsApp-Image-2025-02-06-at-15.55.05-1153x1536.jpeg 1153w, https:\/\/pc.sc.gov.br\/\/wp-content\/uploads\/2025\/02\/WhatsApp-Image-2025-02-06-at-15.55.05.jpeg 1201w\" sizes=\"(max-width: 696px) 100vw, 696px\" \/>\t\t\t\t\t\t\t\t\t\t\t\t\t\t\t<\/div>\n\t\t\t\t<\/div>\n\t\t\t\t\t<\/div>\n\t\t<\/div>\n\t\t\t\t\t<\/div>\n\t\t<\/section>\n\t\t\t\t<section class=\"elementor-section elementor-top-section elementor-element elementor-element-3db9909 elementor-section-boxed elementor-section-height-default elementor-section-height-default\" data-id=\"3db9909\" data-element_type=\"section\">\n\t\t\t\t\t\t<div class=\"elementor-container elementor-column-gap-default\">\n\t\t\t\t\t<div class=\"elementor-column elementor-col-100 elementor-top-column elementor-element elementor-element-80b27ed\" data-id=\"80b27ed\" data-element_type=\"column\">\n\t\t\t<div class=\"elementor-widget-wrap elementor-element-populated\">\n\t\t\t\t\t\t<div class=\"elementor-element elementor-element-316f32e elementor-widget elementor-widget-text-editor\" data-id=\"316f32e\" data-element_type=\"widget\" data-widget_type=\"text-editor.default\">\n\t\t\t\t<div class=\"elementor-widget-container\">\n\t\t\t\t\t\t\t\t\t<p>Em uma a\u00e7\u00e3o conjunta para combater o com\u00e9rcio ilegal de pe\u00e7as automotivas, a Pol\u00edcia Civil de Santa Catarina, por meio da Delegacia de Furtos e Roubos de Ve\u00edculos da DEIC, deflagrou, na tarde de ontem (05\/02\/2025), a 25\u00aa fase da opera\u00e7\u00e3o \u201c311\u201d. A a\u00e7\u00e3o contou com o apoio da Delegacia de Crimes Fazend\u00e1rios da DEIC (DFAZ), da equipe da Secretaria de Estado da Fazenda, da Guarda Municipal de S\u00e3o Jos\u00e9 e Palho\u00e7a, da Corregedoria do Detran, da Pol\u00edcia Cient\u00edfica e dos t\u00e9cnicos da empresa DIV de S\u00e3o Paulo. Como resultado, um empres\u00e1rio do ramo automotivo foi preso na cidade de Palho\u00e7a.<\/p><p>Durante a fiscaliza\u00e7\u00e3o no estabelecimento, os agentes identificaram pe\u00e7as de 15 ve\u00edculos com registro de furto e roubo, al\u00e9m de componentes de quatro ve\u00edculos com numera\u00e7\u00e3o identificadora suprimida. Al\u00e9m disso, pe\u00e7as de outros 60 ve\u00edculos foram apreendidas para per\u00edcia, a fim de verificar sua proced\u00eancia.<\/p><p>O empres\u00e1rio preso na opera\u00e7\u00e3o j\u00e1 havia sido detido em 2022 pela equipe da DFRV\/DEIC, quando foi flagrado com pe\u00e7as automotivas furtadas. Ele responde aquele processo em liberdade, mas voltou a ser autuado em flagrante pelos crimes de recepta\u00e7\u00e3o qualificada e adultera\u00e7\u00e3o de sinal identificador de ve\u00edculo automotor.<\/p><p>A opera\u00e7\u00e3o \u201c311\u201d \u00e9 uma iniciativa cont\u00ednua das for\u00e7as de seguran\u00e7a voltada \u00e0 fiscaliza\u00e7\u00e3o de empresas do setor automotivo e ao combate \u00e0 recepta\u00e7\u00e3o e adultera\u00e7\u00e3o de ve\u00edculos e seus componentes. Al\u00e9m de coibir a comercializa\u00e7\u00e3o ilegal dessas pe\u00e7as, a opera\u00e7\u00e3o visa desmantelar redes criminosas que utilizam essa atividade para financiar outros crimes.<\/p><p>A coopera\u00e7\u00e3o entre diferentes \u00f3rg\u00e3os refor\u00e7a a estrat\u00e9gia de asfixiar economicamente organiza\u00e7\u00f5es criminosas, aprofundando investiga\u00e7\u00f5es que podem revelar esquemas de lavagem de dinheiro e outros delitos correlatos.<\/p><p>O delegado Diego Azevedo, respons\u00e1vel pela opera\u00e7\u00e3o, destacou a import\u00e2ncia do trabalho integrado para garantir transpar\u00eancia e legalidade no setor automotivo, al\u00e9m de impedir que criminosos se beneficiem da venda clandestina de pe\u00e7as. &#8220;A troca de informa\u00e7\u00f5es e a a\u00e7\u00e3o coordenada entre as for\u00e7as de seguran\u00e7a s\u00e3o essenciais para desmantelar esquemas criminosos e coibir pr\u00e1ticas que afetam diretamente a sociedade&#8221;, afirmou.<\/p><p>As investiga\u00e7\u00f5es ter\u00e3o continuidade para identificar outros poss\u00edveis envolvidos e garantir que empresas do ramo atuem dentro da legalidade, assegurando maior controle sobre a origem e comercializa\u00e7\u00e3o de pe\u00e7as automotivas no estado.<\/p><p>A fiscaliza\u00e7\u00e3o ocorreu ap\u00f3s uma den\u00fancia an\u00f4nima encaminhada \u00e0 DFRV\/DEIC, evidenciando a import\u00e2ncia da colabora\u00e7\u00e3o da popula\u00e7\u00e3o no combate ao crime. A Pol\u00edcia Civil refor\u00e7a que den\u00fancias podem ser feitas de forma segura e sigilosa pelo Disque-Den\u00fancia 181 ou pelo WhatsApp de den\u00fancias no n\u00famero (48) 98844-0011.<\/p>\t\t\t\t\t\t\t\t<\/div>\n\t\t\t\t<\/div>\n\t\t\t\t\t<\/div>\n\t\t<\/div>\n\t\t\t\t\t<\/div>\n\t\t<\/section>\n\t\t\t\t<\/div>\n\t\t","protected":false},"excerpt":{"rendered":"<p>Pol\u00edcia Civil e For\u00e7as de Seguran\u00e7a deflagram a 25\u00aa fase da opera\u00e7\u00e3o \u201c311\u201d e prendem empres\u00e1rio do setor automotivo Em uma a\u00e7\u00e3o conjunta para combater o com\u00e9rcio ilegal de pe\u00e7as automotivas, a Pol\u00edcia Civil de Santa Catarina, por meio da Delegacia de Furtos e Roubos de Ve\u00edculos da DEIC, deflagrou, na tarde de ontem (05\/02\/2025), [&hellip;]<\/p>\n","protected":false},"author":5,"featured_media":26459,"comment_status":"closed","ping_status":"open","sticky":false,"template":"","format":"standard","meta":{"_monsterinsights_skip_tracking":false,"_monsterinsights_sitenote_active":false,"_monsterinsights_sitenote_note":"","_monsterinsights_sitenote_category":0,"footnotes":""},"categories":[1],"tags":[],"class_list":["post-26443","post","type-post","status-publish","format-standard","has-post-thumbnail","hentry","category-sem-categoria"],"_links":{"self":[{"href":"https:\/\/pc.sc.gov.br\/index.php?rest_route=\/wp\/v2\/posts\/26443","targetHints":{"allow":["GET"]}}],"collection":[{"href":"https:\/\/pc.sc.gov.br\/index.php?rest_route=\/wp\/v2\/posts"}],"about":[{"href":"https:\/\/pc.sc.gov.br\/index.php?rest_route=\/wp\/v2\/types\/post"}],"author":[{"embeddable":true,"href":"https:\/\/pc.sc.gov.br\/index.php?rest_route=\/wp\/v2\/users\/5"}],"replies":[{"embeddable":true,"href":"https:\/\/pc.sc.gov.br\/index.php?rest_route=%2Fwp%2Fv2%2Fcomments&post=26443"}],"version-history":[{"count":7,"href":"https:\/\/pc.sc.gov.br\/index.php?rest_route=\/wp\/v2\/posts\/26443\/revisions"}],"predecessor-version":[{"id":26462,"href":"https:\/\/pc.sc.gov.br\/index.php?rest_route=\/wp\/v2\/posts\/26443\/revisions\/26462"}],"wp:featuredmedia":[{"embeddable":true,"href":"https:\/\/pc.sc.gov.br\/index.php?rest_route=\/wp\/v2\/media\/26459"}],"wp:attachment":[{"href":"https:\/\/pc.sc.gov.br\/index.php?rest_route=%2Fwp%2Fv2%2Fmedia&parent=26443"}],"wp:term":[{"taxonomy":"category","embeddable":true,"href":"https:\/\/pc.sc.gov.br\/index.php?rest_route=%2Fwp%2Fv2%2Fcategories&post=26443"},{"taxonomy":"post_tag","embeddable":true,"href":"https:\/\/pc.sc.gov.br\/index.php?rest_route=%2Fwp%2Fv2%2Ftags&post=26443"}],"curies":[{"name":"wp","href":"https:\/\/api.w.org\/{rel}","templated":true}]}}