{"id":26449,"date":"2025-02-06T15:26:44","date_gmt":"2025-02-06T18:26:44","guid":{"rendered":"https:\/\/pc.sc.gov.br\/?p=26449"},"modified":"2025-02-06T15:44:16","modified_gmt":"2025-02-06T18:44:16","slug":"operacao-integrada-das-forcas-de-seguranca-desmonta-rede-de-receptacao-de-cobre-hidrometros-e-outros-produtos-furtados-na-grande-florianopolis","status":"publish","type":"post","link":"https:\/\/pc.sc.gov.br\/?p=26449","title":{"rendered":"Opera\u00e7\u00e3o Gota D&#8217;\u00c1gua: a\u00e7\u00e3o das For\u00e7as de Seguran\u00e7a desmonta rede de recepta\u00e7\u00e3o de cobre, hidr\u00f4metros e outros produtos furtados na Grande Florian\u00f3polis"},"content":{"rendered":"\t\t<div data-elementor-type=\"wp-post\" data-elementor-id=\"26449\" class=\"elementor elementor-26449\" data-elementor-post-type=\"post\">\n\t\t\t\t\t\t<section class=\"elementor-section elementor-top-section elementor-element elementor-element-3c64ce3 elementor-section-boxed elementor-section-height-default elementor-section-height-default\" data-id=\"3c64ce3\" data-element_type=\"section\">\n\t\t\t\t\t\t<div class=\"elementor-container elementor-column-gap-default\">\n\t\t\t\t\t<div class=\"elementor-column elementor-col-100 elementor-top-column elementor-element elementor-element-a1ca1ed\" data-id=\"a1ca1ed\" data-element_type=\"column\">\n\t\t\t<div class=\"elementor-widget-wrap elementor-element-populated\">\n\t\t\t\t\t\t<div class=\"elementor-element elementor-element-26849f0 elementor-widget elementor-widget-heading\" data-id=\"26849f0\" data-element_type=\"widget\" data-widget_type=\"heading.default\">\n\t\t\t\t<div class=\"elementor-widget-container\">\n\t\t\t\t\t<h2 class=\"elementor-heading-title elementor-size-default\">Opera\u00e7\u00e3o Gota D'\u00c1gua: a\u00e7\u00e3o das for\u00e7as de seguran\u00e7a desmonta rede de recepta\u00e7\u00e3o de cobre, hidr\u00f4metros e outros produtos furtados na Grande Florian\u00f3polis<\/h2>\t\t\t\t<\/div>\n\t\t\t\t<\/div>\n\t\t\t\t\t<\/div>\n\t\t<\/div>\n\t\t\t\t\t<\/div>\n\t\t<\/section>\n\t\t\t\t<section class=\"elementor-section elementor-top-section elementor-element elementor-element-77b788a elementor-section-boxed elementor-section-height-default elementor-section-height-default\" data-id=\"77b788a\" data-element_type=\"section\">\n\t\t\t\t\t\t<div class=\"elementor-container elementor-column-gap-default\">\n\t\t\t\t\t<div class=\"elementor-column elementor-col-100 elementor-top-column elementor-element elementor-element-8fe97ff\" data-id=\"8fe97ff\" data-element_type=\"column\">\n\t\t\t<div class=\"elementor-widget-wrap elementor-element-populated\">\n\t\t\t\t\t\t<div class=\"elementor-element elementor-element-f6932e4 elementor-widget elementor-widget-image\" data-id=\"f6932e4\" data-element_type=\"widget\" data-widget_type=\"image.default\">\n\t\t\t\t<div class=\"elementor-widget-container\">\n\t\t\t\t\t\t\t\t\t\t\t\t\t\t\t<img fetchpriority=\"high\" decoding=\"async\" width=\"696\" height=\"522\" src=\"https:\/\/pc.sc.gov.br\/\/wp-content\/uploads\/2025\/02\/8fe30580-9a2c-4c2e-b8f4-a75a8c025b17-fotor-2025020615232-1024x768.jpg\" class=\"attachment-large size-large wp-image-26450\" alt=\"\" srcset=\"https:\/\/pc.sc.gov.br\/\/wp-content\/uploads\/2025\/02\/8fe30580-9a2c-4c2e-b8f4-a75a8c025b17-fotor-2025020615232-1024x768.jpg 1024w, https:\/\/pc.sc.gov.br\/\/wp-content\/uploads\/2025\/02\/8fe30580-9a2c-4c2e-b8f4-a75a8c025b17-fotor-2025020615232-300x225.jpg 300w, https:\/\/pc.sc.gov.br\/\/wp-content\/uploads\/2025\/02\/8fe30580-9a2c-4c2e-b8f4-a75a8c025b17-fotor-2025020615232-768x576.jpg 768w, https:\/\/pc.sc.gov.br\/\/wp-content\/uploads\/2025\/02\/8fe30580-9a2c-4c2e-b8f4-a75a8c025b17-fotor-2025020615232.jpg 1200w\" sizes=\"(max-width: 696px) 100vw, 696px\" \/>\t\t\t\t\t\t\t\t\t\t\t\t\t\t\t<\/div>\n\t\t\t\t<\/div>\n\t\t\t\t\t<\/div>\n\t\t<\/div>\n\t\t\t\t\t<\/div>\n\t\t<\/section>\n\t\t\t\t<section class=\"elementor-section elementor-top-section elementor-element elementor-element-fa7ba97 elementor-section-boxed elementor-section-height-default elementor-section-height-default\" data-id=\"fa7ba97\" data-element_type=\"section\">\n\t\t\t\t\t\t<div class=\"elementor-container elementor-column-gap-default\">\n\t\t\t\t\t<div class=\"elementor-column elementor-col-100 elementor-top-column elementor-element elementor-element-1236209\" data-id=\"1236209\" data-element_type=\"column\">\n\t\t\t<div class=\"elementor-widget-wrap elementor-element-populated\">\n\t\t\t\t\t\t<div class=\"elementor-element elementor-element-60b2f4a elementor-widget elementor-widget-text-editor\" data-id=\"60b2f4a\" data-element_type=\"widget\" data-widget_type=\"text-editor.default\">\n\t\t\t\t<div class=\"elementor-widget-container\">\n\t\t\t\t\t\t\t\t\t<p>Uma opera\u00e7\u00e3o integrada envolvendo Pol\u00edcia Civil de Santa Catarina, os 1\u00ba e do 11\u00ba Comandos Regionais de Pol\u00edcia Militar (CRPMs), a Secretaria Municipal de Seguran\u00e7a e Ordem P\u00fablica de Florian\u00f3polis, a Guarda Municipal de S\u00e3o Jos\u00e9, da Guarda Municipal de Florian\u00f3polis, a Celesc e a Casan foi deflagrada nesta quarta-feira (05) para desarticular uma rede de recepta\u00e7\u00e3o de produtos furtados na regi\u00e3o da Grande Florian\u00f3polis.<\/p><p>Batizada de Opera\u00e7\u00e3o \u201cGota D\u2019\u00c1gua\u201d, a a\u00e7\u00e3o resultou na apreens\u00e3o de pelo menos quatro toneladas de cobre, 200 hidr\u00f4metros e diversos conectores, ainda em fase de contagem, na cidade de Palho\u00e7a. Alguns dos itens foram identificados pela Celesc como de uso exclusivo da concession\u00e1ria de energia.<\/p><p>O material foi encontrado em dois galp\u00f5es particulares. O caso foi encaminhado \u00e0 Central de Plant\u00e3o Policial da Pol\u00edcia Civil. Os propriet\u00e1rios dos galp\u00f5es est\u00e3o sob investiga\u00e7\u00e3o.<\/p>\t\t\t\t\t\t\t\t<\/div>\n\t\t\t\t<\/div>\n\t\t\t\t\t<\/div>\n\t\t<\/div>\n\t\t\t\t\t<\/div>\n\t\t<\/section>\n\t\t\t\t<\/div>\n\t\t","protected":false},"excerpt":{"rendered":"<p>Opera\u00e7\u00e3o Gota D&#8217;\u00c1gua: a\u00e7\u00e3o das for\u00e7as de seguran\u00e7a desmonta rede de recepta\u00e7\u00e3o de cobre, hidr\u00f4metros e outros produtos furtados na Grande Florian\u00f3polis Uma opera\u00e7\u00e3o integrada envolvendo Pol\u00edcia Civil de Santa Catarina, os 1\u00ba e do 11\u00ba Comandos Regionais de Pol\u00edcia Militar (CRPMs), a Secretaria Municipal de Seguran\u00e7a e Ordem P\u00fablica de Florian\u00f3polis, a Guarda Municipal [&hellip;]<\/p>\n","protected":false},"author":5,"featured_media":26450,"comment_status":"closed","ping_status":"open","sticky":false,"template":"","format":"standard","meta":{"_monsterinsights_skip_tracking":false,"_monsterinsights_sitenote_active":false,"_monsterinsights_sitenote_note":"","_monsterinsights_sitenote_category":0,"footnotes":""},"categories":[1],"tags":[],"class_list":["post-26449","post","type-post","status-publish","format-standard","has-post-thumbnail","hentry","category-sem-categoria"],"_links":{"self":[{"href":"https:\/\/pc.sc.gov.br\/index.php?rest_route=\/wp\/v2\/posts\/26449","targetHints":{"allow":["GET"]}}],"collection":[{"href":"https:\/\/pc.sc.gov.br\/index.php?rest_route=\/wp\/v2\/posts"}],"about":[{"href":"https:\/\/pc.sc.gov.br\/index.php?rest_route=\/wp\/v2\/types\/post"}],"author":[{"embeddable":true,"href":"https:\/\/pc.sc.gov.br\/index.php?rest_route=\/wp\/v2\/users\/5"}],"replies":[{"embeddable":true,"href":"https:\/\/pc.sc.gov.br\/index.php?rest_route=%2Fwp%2Fv2%2Fcomments&post=26449"}],"version-history":[{"count":8,"href":"https:\/\/pc.sc.gov.br\/index.php?rest_route=\/wp\/v2\/posts\/26449\/revisions"}],"predecessor-version":[{"id":26458,"href":"https:\/\/pc.sc.gov.br\/index.php?rest_route=\/wp\/v2\/posts\/26449\/revisions\/26458"}],"wp:featuredmedia":[{"embeddable":true,"href":"https:\/\/pc.sc.gov.br\/index.php?rest_route=\/wp\/v2\/media\/26450"}],"wp:attachment":[{"href":"https:\/\/pc.sc.gov.br\/index.php?rest_route=%2Fwp%2Fv2%2Fmedia&parent=26449"}],"wp:term":[{"taxonomy":"category","embeddable":true,"href":"https:\/\/pc.sc.gov.br\/index.php?rest_route=%2Fwp%2Fv2%2Fcategories&post=26449"},{"taxonomy":"post_tag","embeddable":true,"href":"https:\/\/pc.sc.gov.br\/index.php?rest_route=%2Fwp%2Fv2%2Ftags&post=26449"}],"curies":[{"name":"wp","href":"https:\/\/api.w.org\/{rel}","templated":true}]}}