{"id":26463,"date":"2025-02-06T17:21:04","date_gmt":"2025-02-06T20:21:04","guid":{"rendered":"https:\/\/pc.sc.gov.br\/?p=26463"},"modified":"2025-02-06T17:22:25","modified_gmt":"2025-02-06T20:22:25","slug":"policia-civil-recupera-objetos-furtados-da-casa-de-idosa-de-81-anos-por-cuidador-em-palhoca","status":"publish","type":"post","link":"https:\/\/pc.sc.gov.br\/?p=26463","title":{"rendered":"Pol\u00edcia Civil recupera objetos furtados da casa de idosa de 81 anos por cuidador em Palho\u00e7a"},"content":{"rendered":"\t\t<div data-elementor-type=\"wp-post\" data-elementor-id=\"26463\" class=\"elementor elementor-26463\" data-elementor-post-type=\"post\">\n\t\t\t\t\t\t<section class=\"elementor-section elementor-top-section elementor-element elementor-element-6727761 elementor-section-boxed elementor-section-height-default elementor-section-height-default\" data-id=\"6727761\" data-element_type=\"section\">\n\t\t\t\t\t\t<div class=\"elementor-container elementor-column-gap-default\">\n\t\t\t\t\t<div class=\"elementor-column elementor-col-100 elementor-top-column elementor-element elementor-element-85c75a8\" data-id=\"85c75a8\" data-element_type=\"column\">\n\t\t\t<div class=\"elementor-widget-wrap elementor-element-populated\">\n\t\t\t\t\t\t<div class=\"elementor-element elementor-element-fe9b910 elementor-widget elementor-widget-heading\" data-id=\"fe9b910\" data-element_type=\"widget\" data-widget_type=\"heading.default\">\n\t\t\t\t<div class=\"elementor-widget-container\">\n\t\t\t\t\t<h2 class=\"elementor-heading-title elementor-size-default\">Pol\u00edcia Civil recupera objetos furtados da casa de idosa de 81 anos por cuidador em Palho\u00e7a<\/h2>\t\t\t\t<\/div>\n\t\t\t\t<\/div>\n\t\t\t\t\t<\/div>\n\t\t<\/div>\n\t\t\t\t\t<\/div>\n\t\t<\/section>\n\t\t\t\t<section class=\"elementor-section elementor-top-section elementor-element elementor-element-8b3374c elementor-section-boxed elementor-section-height-default elementor-section-height-default\" data-id=\"8b3374c\" data-element_type=\"section\">\n\t\t\t\t\t\t<div class=\"elementor-container elementor-column-gap-default\">\n\t\t\t\t\t<div class=\"elementor-column elementor-col-100 elementor-top-column elementor-element elementor-element-2351217\" data-id=\"2351217\" data-element_type=\"column\">\n\t\t\t<div class=\"elementor-widget-wrap elementor-element-populated\">\n\t\t\t\t\t\t<div class=\"elementor-element elementor-element-77ba3c4 elementor-widget elementor-widget-image\" data-id=\"77ba3c4\" data-element_type=\"widget\" data-widget_type=\"image.default\">\n\t\t\t\t<div class=\"elementor-widget-container\">\n\t\t\t\t\t\t\t\t\t\t\t\t\t\t\t<img fetchpriority=\"high\" decoding=\"async\" width=\"696\" height=\"522\" src=\"https:\/\/pc.sc.gov.br\/\/wp-content\/uploads\/2025\/02\/WhatsApp-Image-2025-02-06-at-16.59.34-1024x768.jpeg\" class=\"attachment-large size-large wp-image-26464\" alt=\"\" srcset=\"https:\/\/pc.sc.gov.br\/\/wp-content\/uploads\/2025\/02\/WhatsApp-Image-2025-02-06-at-16.59.34-1024x768.jpeg 1024w, https:\/\/pc.sc.gov.br\/\/wp-content\/uploads\/2025\/02\/WhatsApp-Image-2025-02-06-at-16.59.34-300x225.jpeg 300w, https:\/\/pc.sc.gov.br\/\/wp-content\/uploads\/2025\/02\/WhatsApp-Image-2025-02-06-at-16.59.34-768x576.jpeg 768w, https:\/\/pc.sc.gov.br\/\/wp-content\/uploads\/2025\/02\/WhatsApp-Image-2025-02-06-at-16.59.34.jpeg 1280w\" sizes=\"(max-width: 696px) 100vw, 696px\" \/>\t\t\t\t\t\t\t\t\t\t\t\t\t\t\t<\/div>\n\t\t\t\t<\/div>\n\t\t\t\t\t<\/div>\n\t\t<\/div>\n\t\t\t\t\t<\/div>\n\t\t<\/section>\n\t\t\t\t<section class=\"elementor-section elementor-top-section elementor-element elementor-element-fccadf1 elementor-section-boxed elementor-section-height-default elementor-section-height-default\" data-id=\"fccadf1\" data-element_type=\"section\">\n\t\t\t\t\t\t<div class=\"elementor-container elementor-column-gap-default\">\n\t\t\t\t\t<div class=\"elementor-column elementor-col-100 elementor-top-column elementor-element elementor-element-fede2bd\" data-id=\"fede2bd\" data-element_type=\"column\">\n\t\t\t<div class=\"elementor-widget-wrap elementor-element-populated\">\n\t\t\t\t\t\t<div class=\"elementor-element elementor-element-ba344b5 elementor-widget elementor-widget-text-editor\" data-id=\"ba344b5\" data-element_type=\"widget\" data-widget_type=\"text-editor.default\">\n\t\t\t\t<div class=\"elementor-widget-container\">\n\t\t\t\t\t\t\t\t\t<p>Na manh\u00e3 desta quinta-feira (06\/02), a Pol\u00edcia Civil de Santa Catarina, por meio da Delegacia de Pol\u00edcia da Comarca de Palho\u00e7a, deu cumprimento a tr\u00eas mandados de busca e apreens\u00e3o, dois no munic\u00edpio de Palho\u00e7a e um em S\u00e3o Jos\u00e9, nos endere\u00e7os de um homem suspeito de ter furtado objetos da casa de uma idosa de 81 anos de idade.<\/p><p>A investiga\u00e7\u00e3o deu in\u00edcio ap\u00f3s o filho da v\u00edtima procurar policiais da Delegacia de Pol\u00edcia Civil da Comarca de Palho\u00e7a e relatar que teve conhecimento que pertences de sua m\u00e3e, uma idosa de 81 anos, que est\u00e1 acamada, haviam sido subtra\u00eddos por algu\u00e9m que tem acesso \u00e0 resid\u00eancia. Ap\u00f3s diversas dilig\u00eancias, foi poss\u00edvel identificar o suspeito e ap\u00f3s as buscas na data de hoje, confirmou-se a identidade do autor dos fatos, o qual prestava servi\u00e7o na resid\u00eancia, como cuidador da v\u00edtima.<\/p><p>Segundo informa\u00e7\u00f5es do filho da v\u00edtima, estima-se que o valor dos bens subtra\u00eddos seja de aproximadamente R$ 200.000,00, pois dentre os objetos ent\u00e3o joias, lou\u00e7as em prataria e copos.Acredita-se que o crime tenha ocorrido em dias diferentes no decorrer do ano de 2024, tendo o filho da v\u00edtima conhecimento apenas em setembro do ano passado.<\/p><p>Diante dos fatos, a autoridade policial respons\u00e1vel pelo Inqu\u00e9rito Policial representou pelas buscas e, durante o cumprimento em duas resid\u00eancias, uma em Palho\u00e7a e outra em S\u00e3o Jos\u00e9, foram encontrados v\u00e1rios objetos pertencentes \u00e0 v\u00edtima, tais como lou\u00e7as, porcelanas, rel\u00f3gios, alian\u00e7as, braceletes, correntes, broche e diversos outros.<\/p><p>Os objetos foram apreendidos e o Inqu\u00e9rito Policial segue os tr\u00e2mites para encaminhamento ao Poder Judici\u00e1rio. As buscas contaram com apoio de 18 policiais civis da DIC e da DPCAMI de Palho\u00e7a e da Delegacia Santo Amaro da imperatriz.<\/p>\t\t\t\t\t\t\t\t<\/div>\n\t\t\t\t<\/div>\n\t\t\t\t\t<\/div>\n\t\t<\/div>\n\t\t\t\t\t<\/div>\n\t\t<\/section>\n\t\t\t\t<\/div>\n\t\t","protected":false},"excerpt":{"rendered":"<p>Pol\u00edcia Civil recupera objetos furtados da casa de idosa de 81 anos por cuidador em Palho\u00e7a Na manh\u00e3 desta quinta-feira (06\/02), a Pol\u00edcia Civil de Santa Catarina, por meio da Delegacia de Pol\u00edcia da Comarca de Palho\u00e7a, deu cumprimento a tr\u00eas mandados de busca e apreens\u00e3o, dois no munic\u00edpio de Palho\u00e7a e um em S\u00e3o [&hellip;]<\/p>\n","protected":false},"author":5,"featured_media":26464,"comment_status":"closed","ping_status":"open","sticky":false,"template":"","format":"standard","meta":{"_monsterinsights_skip_tracking":false,"_monsterinsights_sitenote_active":false,"_monsterinsights_sitenote_note":"","_monsterinsights_sitenote_category":0,"footnotes":""},"categories":[1],"tags":[],"class_list":["post-26463","post","type-post","status-publish","format-standard","has-post-thumbnail","hentry","category-sem-categoria"],"_links":{"self":[{"href":"https:\/\/pc.sc.gov.br\/index.php?rest_route=\/wp\/v2\/posts\/26463","targetHints":{"allow":["GET"]}}],"collection":[{"href":"https:\/\/pc.sc.gov.br\/index.php?rest_route=\/wp\/v2\/posts"}],"about":[{"href":"https:\/\/pc.sc.gov.br\/index.php?rest_route=\/wp\/v2\/types\/post"}],"author":[{"embeddable":true,"href":"https:\/\/pc.sc.gov.br\/index.php?rest_route=\/wp\/v2\/users\/5"}],"replies":[{"embeddable":true,"href":"https:\/\/pc.sc.gov.br\/index.php?rest_route=%2Fwp%2Fv2%2Fcomments&post=26463"}],"version-history":[{"count":4,"href":"https:\/\/pc.sc.gov.br\/index.php?rest_route=\/wp\/v2\/posts\/26463\/revisions"}],"predecessor-version":[{"id":26468,"href":"https:\/\/pc.sc.gov.br\/index.php?rest_route=\/wp\/v2\/posts\/26463\/revisions\/26468"}],"wp:featuredmedia":[{"embeddable":true,"href":"https:\/\/pc.sc.gov.br\/index.php?rest_route=\/wp\/v2\/media\/26464"}],"wp:attachment":[{"href":"https:\/\/pc.sc.gov.br\/index.php?rest_route=%2Fwp%2Fv2%2Fmedia&parent=26463"}],"wp:term":[{"taxonomy":"category","embeddable":true,"href":"https:\/\/pc.sc.gov.br\/index.php?rest_route=%2Fwp%2Fv2%2Fcategories&post=26463"},{"taxonomy":"post_tag","embeddable":true,"href":"https:\/\/pc.sc.gov.br\/index.php?rest_route=%2Fwp%2Fv2%2Ftags&post=26463"}],"curies":[{"name":"wp","href":"https:\/\/api.w.org\/{rel}","templated":true}]}}