{"id":26469,"date":"2025-02-06T18:15:53","date_gmt":"2025-02-06T21:15:53","guid":{"rendered":"https:\/\/pc.sc.gov.br\/?p=26469"},"modified":"2025-02-06T18:17:16","modified_gmt":"2025-02-06T21:17:16","slug":"dp-de-imbituba-localiza-e-prende-lider-de-associacao-criminosa-que-praticava-crimes-de-extorsao-furto-e-estelionato-no-rs","status":"publish","type":"post","link":"https:\/\/pc.sc.gov.br\/?p=26469","title":{"rendered":"DP de Imbituba localiza e prende l\u00edder de associa\u00e7\u00e3o criminosa que praticava crimes de extors\u00e3o, furto e estelionato no RS"},"content":{"rendered":"\t\t<div data-elementor-type=\"wp-post\" data-elementor-id=\"26469\" class=\"elementor elementor-26469\" data-elementor-post-type=\"post\">\n\t\t\t\t\t\t<section class=\"elementor-section elementor-top-section elementor-element elementor-element-bd2b280 elementor-section-boxed elementor-section-height-default elementor-section-height-default\" data-id=\"bd2b280\" data-element_type=\"section\">\n\t\t\t\t\t\t<div class=\"elementor-container elementor-column-gap-default\">\n\t\t\t\t\t<div class=\"elementor-column elementor-col-100 elementor-top-column elementor-element elementor-element-6d4b00e\" data-id=\"6d4b00e\" data-element_type=\"column\">\n\t\t\t<div class=\"elementor-widget-wrap elementor-element-populated\">\n\t\t\t\t\t\t<div class=\"elementor-element elementor-element-229738f elementor-widget elementor-widget-heading\" data-id=\"229738f\" data-element_type=\"widget\" data-widget_type=\"heading.default\">\n\t\t\t\t<div class=\"elementor-widget-container\">\n\t\t\t\t\t<h2 class=\"elementor-heading-title elementor-size-default\">DP de Imbituba localiza e prende l\u00edder de associa\u00e7\u00e3o criminosa voltada a crimes de extors\u00e3o, furto e estelionato no RS<\/h2>\t\t\t\t<\/div>\n\t\t\t\t<\/div>\n\t\t\t\t\t<\/div>\n\t\t<\/div>\n\t\t\t\t\t<\/div>\n\t\t<\/section>\n\t\t\t\t<section class=\"elementor-section elementor-top-section elementor-element elementor-element-5973123 elementor-section-boxed elementor-section-height-default elementor-section-height-default\" data-id=\"5973123\" data-element_type=\"section\">\n\t\t\t\t\t\t<div class=\"elementor-container elementor-column-gap-default\">\n\t\t\t\t\t<div class=\"elementor-column elementor-col-100 elementor-top-column elementor-element elementor-element-e20aa3b\" data-id=\"e20aa3b\" data-element_type=\"column\">\n\t\t\t<div class=\"elementor-widget-wrap elementor-element-populated\">\n\t\t\t\t\t\t<div class=\"elementor-element elementor-element-3cc0b55 elementor-widget elementor-widget-image\" data-id=\"3cc0b55\" data-element_type=\"widget\" data-widget_type=\"image.default\">\n\t\t\t\t<div class=\"elementor-widget-container\">\n\t\t\t\t\t\t\t\t\t\t\t\t\t\t\t<img fetchpriority=\"high\" decoding=\"async\" width=\"696\" height=\"576\" src=\"https:\/\/pc.sc.gov.br\/\/wp-content\/uploads\/2024\/11\/WhatsApp-Image-2024-08-08-at-16.56.13-fotor-20241122142530-768x636.jpg\" class=\"attachment-medium_large size-medium_large wp-image-24811\" alt=\"\" srcset=\"https:\/\/pc.sc.gov.br\/\/wp-content\/uploads\/2024\/11\/WhatsApp-Image-2024-08-08-at-16.56.13-fotor-20241122142530-768x636.jpg 768w, https:\/\/pc.sc.gov.br\/\/wp-content\/uploads\/2024\/11\/WhatsApp-Image-2024-08-08-at-16.56.13-fotor-20241122142530-300x249.jpg 300w, https:\/\/pc.sc.gov.br\/\/wp-content\/uploads\/2024\/11\/WhatsApp-Image-2024-08-08-at-16.56.13-fotor-20241122142530-1024x848.jpg 1024w, https:\/\/pc.sc.gov.br\/\/wp-content\/uploads\/2024\/11\/WhatsApp-Image-2024-08-08-at-16.56.13-fotor-20241122142530.jpg 1196w\" sizes=\"(max-width: 696px) 100vw, 696px\" \/>\t\t\t\t\t\t\t\t\t\t\t\t\t\t\t<\/div>\n\t\t\t\t<\/div>\n\t\t\t\t\t<\/div>\n\t\t<\/div>\n\t\t\t\t\t<\/div>\n\t\t<\/section>\n\t\t\t\t<section class=\"elementor-section elementor-top-section elementor-element elementor-element-4df5dc6 elementor-section-boxed elementor-section-height-default elementor-section-height-default\" data-id=\"4df5dc6\" data-element_type=\"section\">\n\t\t\t\t\t\t<div class=\"elementor-container elementor-column-gap-default\">\n\t\t\t\t\t<div class=\"elementor-column elementor-col-100 elementor-top-column elementor-element elementor-element-ba896fb\" data-id=\"ba896fb\" data-element_type=\"column\">\n\t\t\t<div class=\"elementor-widget-wrap elementor-element-populated\">\n\t\t\t\t\t\t<div class=\"elementor-element elementor-element-c449cb1 elementor-widget elementor-widget-text-editor\" data-id=\"c449cb1\" data-element_type=\"widget\" data-widget_type=\"text-editor.default\">\n\t\t\t\t<div class=\"elementor-widget-container\">\n\t\t\t\t\t\t\t\t\t<p>A Pol\u00edcia Civil de Santa Catarina, por meio da Delegacia de Pol\u00edcia de Imbituba instaurou inqu\u00e9rito policial para apurar crime de extors\u00e3o ocorrido no dia 06\/07\/2024. No caso investigado pela Delegacia de Pol\u00edcia de Imbituba, uma mulher, l\u00edder da associa\u00e7\u00e3o criminosa, no dia 26\/07\/2024, ingressou na resid\u00eancia de v\u00edtimas de Imbituba, um casal de idosos de 73 e 74 anos, passando-se por funcion\u00e1ria de um banco.&nbsp;<\/p>\n<p>No decorrer da conversa, solicitou \u00e0s v\u00edtimas que lhe entregassem os cart\u00f5es e senhas banc\u00e1rias, o que, em um primeiro momento, foi negado pelo casal. Ap\u00f3s a negativa, a suspeita passou a amea\u00e7ar as v\u00edtimas, coagindo-as a lhe entregar os cart\u00f5es e senhas exigidos.&nbsp;<\/p>\n<p>De posse dos cart\u00f5es e senhas banc\u00e1rias, a suspeita, juntamente com outro investigado, passou a realizar compras na cidade de Palho\u00e7a, gerando um preju\u00edzo de mais de R$ 10.000,00 \u00e0s v\u00edtimas.<\/p>\n<p>No inqu\u00e9rito policial, ainda, identificou-se que a mesma associa\u00e7\u00e3o criminosa agiu na cidade de Tijucas, onde a mesma mulher no 25\/07\/2024, ingressou na resid\u00eancia de uma v\u00edtima idosa e a convenceu a lhe fornecer os cart\u00f5es e senhas banc\u00e1rias, que foram usados em compras realizadas em Balne\u00e1rio Cambori\u00fa e geraram um preju\u00edzo de mais de R 4.000,00.&nbsp;<\/p>\n<p>Em ambas as ocasi\u00f5es, a mulher teve o aux\u00edlio dos outros criminosos associados, os quais foram presos pela Delegacia de Gua\u00edba. A mulher, no entanto, permanecia foragida.<\/p>\n<p>Ap\u00f3s a coleta de elementos de informa\u00e7\u00e3o, a Pol\u00edcia Civil, por interm\u00e9dio da Delegacia de Pol\u00edcia de Imbituba, representou pela pris\u00e3o preventiva dos suspeitos, o que foi deferido pelo Poder Judici\u00e1rio, ap\u00f3s manifesta\u00e7\u00e3o favor\u00e1vel da 3\u00aa Promotoria de Justi\u00e7a da Comarca de Imbituba.&nbsp;<\/p>\n<p>No dia 24\/10\/2024, ap\u00f3s troca de informa\u00e7\u00f5es entre as Pol\u00edcias Civis de SC e RS, a Delegacia de Pol\u00edcia de Gua\u00edba deu cumprimento a mandados de pris\u00e3o expedidos contra 02 (dois) suspeitos de integrarem associa\u00e7\u00e3o criminosa.&nbsp;<\/p>\n<p>Restava pendente, no entanto, a pris\u00e3o da l\u00edder do grupo criminoso, a qual se encontrava foragida e contava com 05 mandados de pris\u00e3o, expedidos pela 1\u00aa Vara Judicial da Comarca de Tapes, Vara Criminal da Comarca de Os\u00f3rio, Vara Criminal da Comarca de Cap\u00e3o da Canoa, 2\u00aa VEC de Porto Alegre e Vara Criminal da Comarca de Imbituba\/SC.<\/p>\n<p>Hoje (06), a l\u00edder da associa\u00e7\u00e3o criminosa foi localizada na cidade de Cidreira (RS), tendo sua pris\u00e3o realizada por policiais civis da Delegacia de Tapes (RS).&nbsp;<span style=\"font-family: var( --e-global-typography-primary-font-family ), Sans-serif; font-size: var( --e-global-typography-primary-font-size ); font-weight: var( --e-global-typography-primary-font-weight ); letter-spacing: var( --e-global-typography-primary-letter-spacing );\">O inqu\u00e9rito policial da Delegacia de Pol\u00edcia de Imbituba j\u00e1 foi conclu\u00eddo e j\u00e1 conta com a\u00e7\u00e3o penal em tr\u00e2mite, promovida pela 03\u00aa Promotoria de Justi\u00e7a da Comarca de Imbituba.<\/span><\/p>\n<div>&nbsp;<\/div>\t\t\t\t\t\t\t\t<\/div>\n\t\t\t\t<\/div>\n\t\t\t\t\t<\/div>\n\t\t<\/div>\n\t\t\t\t\t<\/div>\n\t\t<\/section>\n\t\t\t\t<\/div>\n\t\t","protected":false},"excerpt":{"rendered":"<p>DP de Imbituba localiza e prende l\u00edder de associa\u00e7\u00e3o criminosa voltada a crimes de extors\u00e3o, furto e estelionato no RS A Pol\u00edcia Civil de Santa Catarina, por meio da Delegacia de Pol\u00edcia de Imbituba instaurou inqu\u00e9rito policial para apurar crime de extors\u00e3o ocorrido no dia 06\/07\/2024. No caso investigado pela Delegacia de Pol\u00edcia de Imbituba, [&hellip;]<\/p>\n","protected":false},"author":5,"featured_media":24199,"comment_status":"closed","ping_status":"open","sticky":false,"template":"","format":"standard","meta":{"_monsterinsights_skip_tracking":false,"_monsterinsights_sitenote_active":false,"_monsterinsights_sitenote_note":"","_monsterinsights_sitenote_category":0,"footnotes":""},"categories":[1],"tags":[],"class_list":["post-26469","post","type-post","status-publish","format-standard","has-post-thumbnail","hentry","category-sem-categoria"],"_links":{"self":[{"href":"https:\/\/pc.sc.gov.br\/index.php?rest_route=\/wp\/v2\/posts\/26469","targetHints":{"allow":["GET"]}}],"collection":[{"href":"https:\/\/pc.sc.gov.br\/index.php?rest_route=\/wp\/v2\/posts"}],"about":[{"href":"https:\/\/pc.sc.gov.br\/index.php?rest_route=\/wp\/v2\/types\/post"}],"author":[{"embeddable":true,"href":"https:\/\/pc.sc.gov.br\/index.php?rest_route=\/wp\/v2\/users\/5"}],"replies":[{"embeddable":true,"href":"https:\/\/pc.sc.gov.br\/index.php?rest_route=%2Fwp%2Fv2%2Fcomments&post=26469"}],"version-history":[{"count":4,"href":"https:\/\/pc.sc.gov.br\/index.php?rest_route=\/wp\/v2\/posts\/26469\/revisions"}],"predecessor-version":[{"id":26473,"href":"https:\/\/pc.sc.gov.br\/index.php?rest_route=\/wp\/v2\/posts\/26469\/revisions\/26473"}],"wp:featuredmedia":[{"embeddable":true,"href":"https:\/\/pc.sc.gov.br\/index.php?rest_route=\/wp\/v2\/media\/24199"}],"wp:attachment":[{"href":"https:\/\/pc.sc.gov.br\/index.php?rest_route=%2Fwp%2Fv2%2Fmedia&parent=26469"}],"wp:term":[{"taxonomy":"category","embeddable":true,"href":"https:\/\/pc.sc.gov.br\/index.php?rest_route=%2Fwp%2Fv2%2Fcategories&post=26469"},{"taxonomy":"post_tag","embeddable":true,"href":"https:\/\/pc.sc.gov.br\/index.php?rest_route=%2Fwp%2Fv2%2Ftags&post=26469"}],"curies":[{"name":"wp","href":"https:\/\/api.w.org\/{rel}","templated":true}]}}