{"id":26474,"date":"2025-02-07T15:10:47","date_gmt":"2025-02-07T18:10:47","guid":{"rendered":"https:\/\/pc.sc.gov.br\/?p=26474"},"modified":"2025-02-07T15:11:36","modified_gmt":"2025-02-07T18:11:36","slug":"em-itajai-decod-dic-prende-traficante-foragido-por-porte-ilegal-de-arma-de-fogo-e-tentativa-de-homicidio","status":"publish","type":"post","link":"https:\/\/pc.sc.gov.br\/?p=26474","title":{"rendered":"Em Itaja\u00ed, DECOD\/DIC prende traficante foragido por porte ilegal de arma de fogo e tentativa de homic\u00eddio"},"content":{"rendered":"\t\t<div data-elementor-type=\"wp-post\" data-elementor-id=\"26474\" class=\"elementor elementor-26474\" data-elementor-post-type=\"post\">\n\t\t\t\t\t\t<section class=\"elementor-section elementor-top-section elementor-element elementor-element-18c6216 elementor-section-boxed elementor-section-height-default elementor-section-height-default\" data-id=\"18c6216\" data-element_type=\"section\">\n\t\t\t\t\t\t<div class=\"elementor-container elementor-column-gap-default\">\n\t\t\t\t\t<div class=\"elementor-column elementor-col-100 elementor-top-column elementor-element elementor-element-48f3005\" data-id=\"48f3005\" data-element_type=\"column\">\n\t\t\t<div class=\"elementor-widget-wrap elementor-element-populated\">\n\t\t\t\t\t\t<div class=\"elementor-element elementor-element-42e114b elementor-widget elementor-widget-heading\" data-id=\"42e114b\" data-element_type=\"widget\" data-widget_type=\"heading.default\">\n\t\t\t\t<div class=\"elementor-widget-container\">\n\t\t\t\t\t<h2 class=\"elementor-heading-title elementor-size-default\">Em Itaja\u00ed, DECOD\/DIC prende traficante foragido por porte ilegal de arma de fogo e tentativa de homic\u00eddio<\/h2>\t\t\t\t<\/div>\n\t\t\t\t<\/div>\n\t\t\t\t\t<\/div>\n\t\t<\/div>\n\t\t\t\t\t<\/div>\n\t\t<\/section>\n\t\t\t\t<section class=\"elementor-section elementor-top-section elementor-element elementor-element-cc4ed49 elementor-section-boxed elementor-section-height-default elementor-section-height-default\" data-id=\"cc4ed49\" data-element_type=\"section\">\n\t\t\t\t\t\t<div class=\"elementor-container elementor-column-gap-default\">\n\t\t\t\t\t<div class=\"elementor-column elementor-col-100 elementor-top-column elementor-element elementor-element-3ddd326\" data-id=\"3ddd326\" data-element_type=\"column\">\n\t\t\t<div class=\"elementor-widget-wrap elementor-element-populated\">\n\t\t\t\t\t\t<div class=\"elementor-element elementor-element-4fae68c elementor-widget elementor-widget-image\" data-id=\"4fae68c\" data-element_type=\"widget\" data-widget_type=\"image.default\">\n\t\t\t\t<div class=\"elementor-widget-container\">\n\t\t\t\t\t\t\t\t\t\t\t\t\t\t\t<img fetchpriority=\"high\" decoding=\"async\" width=\"696\" height=\"928\" src=\"https:\/\/pc.sc.gov.br\/\/wp-content\/uploads\/2025\/02\/WhatsApp-Image-2025-02-07-at-10.15.43-768x1024.jpeg\" class=\"attachment-large size-large wp-image-26475\" alt=\"\" srcset=\"https:\/\/pc.sc.gov.br\/\/wp-content\/uploads\/2025\/02\/WhatsApp-Image-2025-02-07-at-10.15.43-768x1024.jpeg 768w, https:\/\/pc.sc.gov.br\/\/wp-content\/uploads\/2025\/02\/WhatsApp-Image-2025-02-07-at-10.15.43-225x300.jpeg 225w, https:\/\/pc.sc.gov.br\/\/wp-content\/uploads\/2025\/02\/WhatsApp-Image-2025-02-07-at-10.15.43.jpeg 780w\" sizes=\"(max-width: 696px) 100vw, 696px\" \/>\t\t\t\t\t\t\t\t\t\t\t\t\t\t\t<\/div>\n\t\t\t\t<\/div>\n\t\t\t\t\t<\/div>\n\t\t<\/div>\n\t\t\t\t\t<\/div>\n\t\t<\/section>\n\t\t\t\t<section class=\"elementor-section elementor-top-section elementor-element elementor-element-16e8e18 elementor-section-boxed elementor-section-height-default elementor-section-height-default\" data-id=\"16e8e18\" data-element_type=\"section\">\n\t\t\t\t\t\t<div class=\"elementor-container elementor-column-gap-default\">\n\t\t\t\t\t<div class=\"elementor-column elementor-col-100 elementor-top-column elementor-element elementor-element-de71a44\" data-id=\"de71a44\" data-element_type=\"column\">\n\t\t\t<div class=\"elementor-widget-wrap elementor-element-populated\">\n\t\t\t\t\t\t<div class=\"elementor-element elementor-element-70b83f9 elementor-widget elementor-widget-text-editor\" data-id=\"70b83f9\" data-element_type=\"widget\" data-widget_type=\"text-editor.default\">\n\t\t\t\t<div class=\"elementor-widget-container\">\n\t\t\t\t\t\t\t\t\t<p>A Pol\u00edcia Civil de Santa Catarina, por meio da Delegacia de Combate \u00e0s Drogas do Departamento de Investiga\u00e7\u00e3o Criminal de Itaja\u00ed (DECOD\/DIC), prendeu, nesta quinta-feira (6), um homem, natural de Jaragu\u00e1 do Sul\/SC, que possui largo hist\u00f3rico criminal com registros por tr\u00e1fico de drogas, posse de arma de fogo, entre outros delitos; e encontrava-se foragido desde mar\u00e7o de 2024.<\/p><p>Ap\u00f3s levantamentos de intelig\u00eancia, a equipe da DECOD de Itaja\u00ed identificou a localiza\u00e7\u00e3o do foragido na cidade de Barra Velha\/SC e, na tarde de ontem, deflagrou opera\u00e7\u00e3o para captura do mesmo. No momento de sua abordagem, o homem portava arma de fogo e jogou seu ve\u00edculo contra uma viatura, iniciando um confronto com os policiais. O suspeito conseguiu se evadir por um per\u00edodo, mas veio a ser capturado a algumas quadras do local inicial.\u00a0<\/p><p>O homem foi alvejado durante o confronto e encaminhado para atendimento m\u00e9dico de urg\u00eancia. Com o suspeito foi apreendida uma pistola com numera\u00e7\u00e3o raspada, celulares e o ve\u00edculo do suspeito.\u00a0<\/p><p>Al\u00e9m do cumprimento ao mandado de pris\u00e3o pendente em seu desfavor, o investigado foi autuado em flagrante pelos crimes de porte de arma de fogo de uso restrito e tentativa de homic\u00eddio. O preso se encontra internado, sob cust\u00f3dia da Pol\u00edcia Penal, \u00e0 disposi\u00e7\u00e3o da Justi\u00e7a.<\/p>\t\t\t\t\t\t\t\t<\/div>\n\t\t\t\t<\/div>\n\t\t\t\t\t<\/div>\n\t\t<\/div>\n\t\t\t\t\t<\/div>\n\t\t<\/section>\n\t\t\t\t<\/div>\n\t\t","protected":false},"excerpt":{"rendered":"<p>Em Itaja\u00ed, DECOD\/DIC prende traficante foragido por porte ilegal de arma de fogo e tentativa de homic\u00eddio A Pol\u00edcia Civil de Santa Catarina, por meio da Delegacia de Combate \u00e0s Drogas do Departamento de Investiga\u00e7\u00e3o Criminal de Itaja\u00ed (DECOD\/DIC), prendeu, nesta quinta-feira (6), um homem, natural de Jaragu\u00e1 do Sul\/SC, que possui largo hist\u00f3rico criminal [&hellip;]<\/p>\n","protected":false},"author":5,"featured_media":26475,"comment_status":"closed","ping_status":"open","sticky":false,"template":"","format":"standard","meta":{"_monsterinsights_skip_tracking":false,"_monsterinsights_sitenote_active":false,"_monsterinsights_sitenote_note":"","_monsterinsights_sitenote_category":0,"footnotes":""},"categories":[1],"tags":[],"class_list":["post-26474","post","type-post","status-publish","format-standard","has-post-thumbnail","hentry","category-sem-categoria"],"_links":{"self":[{"href":"https:\/\/pc.sc.gov.br\/index.php?rest_route=\/wp\/v2\/posts\/26474","targetHints":{"allow":["GET"]}}],"collection":[{"href":"https:\/\/pc.sc.gov.br\/index.php?rest_route=\/wp\/v2\/posts"}],"about":[{"href":"https:\/\/pc.sc.gov.br\/index.php?rest_route=\/wp\/v2\/types\/post"}],"author":[{"embeddable":true,"href":"https:\/\/pc.sc.gov.br\/index.php?rest_route=\/wp\/v2\/users\/5"}],"replies":[{"embeddable":true,"href":"https:\/\/pc.sc.gov.br\/index.php?rest_route=%2Fwp%2Fv2%2Fcomments&post=26474"}],"version-history":[{"count":4,"href":"https:\/\/pc.sc.gov.br\/index.php?rest_route=\/wp\/v2\/posts\/26474\/revisions"}],"predecessor-version":[{"id":26479,"href":"https:\/\/pc.sc.gov.br\/index.php?rest_route=\/wp\/v2\/posts\/26474\/revisions\/26479"}],"wp:featuredmedia":[{"embeddable":true,"href":"https:\/\/pc.sc.gov.br\/index.php?rest_route=\/wp\/v2\/media\/26475"}],"wp:attachment":[{"href":"https:\/\/pc.sc.gov.br\/index.php?rest_route=%2Fwp%2Fv2%2Fmedia&parent=26474"}],"wp:term":[{"taxonomy":"category","embeddable":true,"href":"https:\/\/pc.sc.gov.br\/index.php?rest_route=%2Fwp%2Fv2%2Fcategories&post=26474"},{"taxonomy":"post_tag","embeddable":true,"href":"https:\/\/pc.sc.gov.br\/index.php?rest_route=%2Fwp%2Fv2%2Ftags&post=26474"}],"curies":[{"name":"wp","href":"https:\/\/api.w.org\/{rel}","templated":true}]}}