{"id":26486,"date":"2025-02-07T15:45:01","date_gmt":"2025-02-07T18:45:01","guid":{"rendered":"https:\/\/pc.sc.gov.br\/?p=26486"},"modified":"2025-02-07T15:45:44","modified_gmt":"2025-02-07T18:45:44","slug":"pcsc-prende-autor-de-homicidio-doloso-ocorrido-chapeco","status":"publish","type":"post","link":"https:\/\/pc.sc.gov.br\/?p=26486","title":{"rendered":"PCSC prende autor de homic\u00eddio doloso ocorrido Chapec\u00f3"},"content":{"rendered":"\t\t<div data-elementor-type=\"wp-post\" data-elementor-id=\"26486\" class=\"elementor elementor-26486\" data-elementor-post-type=\"post\">\n\t\t\t\t\t\t<section class=\"elementor-section elementor-top-section elementor-element elementor-element-9e43bb0 elementor-section-boxed elementor-section-height-default elementor-section-height-default\" data-id=\"9e43bb0\" data-element_type=\"section\">\n\t\t\t\t\t\t<div class=\"elementor-container elementor-column-gap-default\">\n\t\t\t\t\t<div class=\"elementor-column elementor-col-100 elementor-top-column elementor-element elementor-element-5d3dbb3\" data-id=\"5d3dbb3\" data-element_type=\"column\">\n\t\t\t<div class=\"elementor-widget-wrap elementor-element-populated\">\n\t\t\t\t\t\t<div class=\"elementor-element elementor-element-fad304d elementor-widget elementor-widget-heading\" data-id=\"fad304d\" data-element_type=\"widget\" data-widget_type=\"heading.default\">\n\t\t\t\t<div class=\"elementor-widget-container\">\n\t\t\t\t\t<h2 class=\"elementor-heading-title elementor-size-default\">PCSC prende autor de homic\u00eddio doloso ocorrido Chapec\u00f3<\/h2>\t\t\t\t<\/div>\n\t\t\t\t<\/div>\n\t\t\t\t\t<\/div>\n\t\t<\/div>\n\t\t\t\t\t<\/div>\n\t\t<\/section>\n\t\t\t\t<section class=\"elementor-section elementor-top-section elementor-element elementor-element-2f624d3 elementor-section-boxed elementor-section-height-default elementor-section-height-default\" data-id=\"2f624d3\" data-element_type=\"section\">\n\t\t\t\t\t\t<div class=\"elementor-container elementor-column-gap-default\">\n\t\t\t\t\t<div class=\"elementor-column elementor-col-100 elementor-top-column elementor-element elementor-element-f452052\" data-id=\"f452052\" data-element_type=\"column\">\n\t\t\t<div class=\"elementor-widget-wrap elementor-element-populated\">\n\t\t\t\t\t\t<div class=\"elementor-element elementor-element-5de4c8c elementor-widget elementor-widget-image\" data-id=\"5de4c8c\" data-element_type=\"widget\" data-widget_type=\"image.default\">\n\t\t\t\t<div class=\"elementor-widget-container\">\n\t\t\t\t\t\t\t\t\t\t\t\t\t\t\t<img fetchpriority=\"high\" decoding=\"async\" width=\"696\" height=\"450\" src=\"https:\/\/pc.sc.gov.br\/\/wp-content\/uploads\/2025\/02\/WhatsApp-Image-2025-02-07-at-14.46.14-fotor-20250207152352-768x497.jpg\" class=\"attachment-medium_large size-medium_large wp-image-26481\" alt=\"\" srcset=\"https:\/\/pc.sc.gov.br\/\/wp-content\/uploads\/2025\/02\/WhatsApp-Image-2025-02-07-at-14.46.14-fotor-20250207152352-768x497.jpg 768w, https:\/\/pc.sc.gov.br\/\/wp-content\/uploads\/2025\/02\/WhatsApp-Image-2025-02-07-at-14.46.14-fotor-20250207152352-300x194.jpg 300w, https:\/\/pc.sc.gov.br\/\/wp-content\/uploads\/2025\/02\/WhatsApp-Image-2025-02-07-at-14.46.14-fotor-20250207152352.jpg 900w\" sizes=\"(max-width: 696px) 100vw, 696px\" \/>\t\t\t\t\t\t\t\t\t\t\t\t\t\t\t<\/div>\n\t\t\t\t<\/div>\n\t\t\t\t\t<\/div>\n\t\t<\/div>\n\t\t\t\t\t<\/div>\n\t\t<\/section>\n\t\t\t\t<section class=\"elementor-section elementor-top-section elementor-element elementor-element-fef4461 elementor-section-boxed elementor-section-height-default elementor-section-height-default\" data-id=\"fef4461\" data-element_type=\"section\">\n\t\t\t\t\t\t<div class=\"elementor-container elementor-column-gap-default\">\n\t\t\t\t\t<div class=\"elementor-column elementor-col-100 elementor-top-column elementor-element elementor-element-3839ed2\" data-id=\"3839ed2\" data-element_type=\"column\">\n\t\t\t<div class=\"elementor-widget-wrap elementor-element-populated\">\n\t\t\t\t\t\t<div class=\"elementor-element elementor-element-a9d7f0a elementor-widget elementor-widget-text-editor\" data-id=\"a9d7f0a\" data-element_type=\"widget\" data-widget_type=\"text-editor.default\">\n\t\t\t\t<div class=\"elementor-widget-container\">\n\t\t\t\t\t\t\t\t\t<p>A Pol\u00edcia Civil de Santa Catarina, no in\u00edcio da tarde desta sexta-feira (07\/02), cumpriu mandado de pris\u00e3o preventiva em desfavor de um indiv\u00edduo, natural de Chapec\u00f3 pela pr\u00e1tica do homic\u00eddio doloso contra um homem no dia 25\/01\/2025, em Chapec\u00f3.<\/p><p>Entenda o caso:<\/p><p>No dia 25\/01\/2025, por volta das 20h10, na Avenida Leopoldo Sander, bairro Alvorada, neste munic\u00edpio, a v\u00edtima foi atacada com golpes contundentes na regi\u00e3o do peito por arma branca. O homic\u00eddio foi constatado ainda no local dos fatos pela equipe do SAMU.<\/p><p>A Pol\u00edcia Civil se fez presente no local dos fatos e ainda naquela noite j\u00e1 se iniciaram os trabalhos de investiga\u00e7\u00e3o no intuito de apurar a autoria dos fatos. Foram ouvidas diversas pessoas, coletadas alguns imagens das proximidades do local, bem como intensa investiga\u00e7\u00e3o de campo at\u00e9 que se logrou \u00eaxito em identificar o autor dos fatos.<\/p><p>Ato cont\u00ednuo, Autoridade Policial representou pela pris\u00e3o preventiva do investigado, sendo deferida pelo Poder Judici\u00e1rio. Na tarde desta sexta-feira (07\/02) a Pol\u00edcia Civil deu efetivo cumprimento ao mandado de pris\u00e3o preventiva, prendendo o indiv\u00edduo no bairro Alvorada.<\/p><p>Por fim, o investigado passou por exame de corpo de delito e foi encaminhado ao sistema prisional, onde permanecer\u00e1 \u00e0 disposi\u00e7\u00e3o da Justi\u00e7a. O Inqu\u00e9rito Policial ser\u00e1 conclu\u00eddo no prazo legal e encaminhado ao Poder Judici\u00e1rio.<\/p><div>\u00a0<\/div>\t\t\t\t\t\t\t\t<\/div>\n\t\t\t\t<\/div>\n\t\t\t\t\t<\/div>\n\t\t<\/div>\n\t\t\t\t\t<\/div>\n\t\t<\/section>\n\t\t\t\t<\/div>\n\t\t","protected":false},"excerpt":{"rendered":"<p>PCSC prende autor de homic\u00eddio doloso ocorrido Chapec\u00f3 A Pol\u00edcia Civil de Santa Catarina, no in\u00edcio da tarde desta sexta-feira (07\/02), cumpriu mandado de pris\u00e3o preventiva em desfavor de um indiv\u00edduo, natural de Chapec\u00f3 pela pr\u00e1tica do homic\u00eddio doloso contra um homem no dia 25\/01\/2025, em Chapec\u00f3. Entenda o caso: No dia 25\/01\/2025, por volta [&hellip;]<\/p>\n","protected":false},"author":5,"featured_media":26481,"comment_status":"closed","ping_status":"open","sticky":false,"template":"","format":"standard","meta":{"_monsterinsights_skip_tracking":false,"_monsterinsights_sitenote_active":false,"_monsterinsights_sitenote_note":"","_monsterinsights_sitenote_category":0,"footnotes":""},"categories":[1],"tags":[],"class_list":["post-26486","post","type-post","status-publish","format-standard","has-post-thumbnail","hentry","category-sem-categoria"],"_links":{"self":[{"href":"https:\/\/pc.sc.gov.br\/index.php?rest_route=\/wp\/v2\/posts\/26486","targetHints":{"allow":["GET"]}}],"collection":[{"href":"https:\/\/pc.sc.gov.br\/index.php?rest_route=\/wp\/v2\/posts"}],"about":[{"href":"https:\/\/pc.sc.gov.br\/index.php?rest_route=\/wp\/v2\/types\/post"}],"author":[{"embeddable":true,"href":"https:\/\/pc.sc.gov.br\/index.php?rest_route=\/wp\/v2\/users\/5"}],"replies":[{"embeddable":true,"href":"https:\/\/pc.sc.gov.br\/index.php?rest_route=%2Fwp%2Fv2%2Fcomments&post=26486"}],"version-history":[{"count":4,"href":"https:\/\/pc.sc.gov.br\/index.php?rest_route=\/wp\/v2\/posts\/26486\/revisions"}],"predecessor-version":[{"id":26490,"href":"https:\/\/pc.sc.gov.br\/index.php?rest_route=\/wp\/v2\/posts\/26486\/revisions\/26490"}],"wp:featuredmedia":[{"embeddable":true,"href":"https:\/\/pc.sc.gov.br\/index.php?rest_route=\/wp\/v2\/media\/26481"}],"wp:attachment":[{"href":"https:\/\/pc.sc.gov.br\/index.php?rest_route=%2Fwp%2Fv2%2Fmedia&parent=26486"}],"wp:term":[{"taxonomy":"category","embeddable":true,"href":"https:\/\/pc.sc.gov.br\/index.php?rest_route=%2Fwp%2Fv2%2Fcategories&post=26486"},{"taxonomy":"post_tag","embeddable":true,"href":"https:\/\/pc.sc.gov.br\/index.php?rest_route=%2Fwp%2Fv2%2Ftags&post=26486"}],"curies":[{"name":"wp","href":"https:\/\/api.w.org\/{rel}","templated":true}]}}