{"id":26491,"date":"2025-02-07T17:27:52","date_gmt":"2025-02-07T20:27:52","guid":{"rendered":"https:\/\/pc.sc.gov.br\/?p=26491"},"modified":"2025-02-07T17:31:58","modified_gmt":"2025-02-07T20:31:58","slug":"em-chapeco-pcsc-e-gaeco-deflagram-a-4a-fase-da-operacao-sodalitas-finis-que-resulta-na-prisao-de-39-pessoas","status":"publish","type":"post","link":"https:\/\/pc.sc.gov.br\/?p=26491","title":{"rendered":"Em Chapec\u00f3, PCSC e GAECO deflagram a 4\u00aa fase da opera\u00e7\u00e3o \u201cSodalitas Finis\u201d que resulta na pris\u00e3o de 39 pessoas"},"content":{"rendered":"\t\t<div data-elementor-type=\"wp-post\" data-elementor-id=\"26491\" class=\"elementor elementor-26491\" data-elementor-post-type=\"post\">\n\t\t\t\t\t\t<section class=\"elementor-section elementor-top-section elementor-element elementor-element-0161785 elementor-section-boxed elementor-section-height-default elementor-section-height-default\" data-id=\"0161785\" data-element_type=\"section\">\n\t\t\t\t\t\t<div class=\"elementor-container elementor-column-gap-default\">\n\t\t\t\t\t<div class=\"elementor-column elementor-col-100 elementor-top-column elementor-element elementor-element-4e98a9c\" data-id=\"4e98a9c\" data-element_type=\"column\">\n\t\t\t<div class=\"elementor-widget-wrap elementor-element-populated\">\n\t\t\t\t\t\t<div class=\"elementor-element elementor-element-510317a elementor-widget elementor-widget-heading\" data-id=\"510317a\" data-element_type=\"widget\" data-widget_type=\"heading.default\">\n\t\t\t\t<div class=\"elementor-widget-container\">\n\t\t\t\t\t<h2 class=\"elementor-heading-title elementor-size-default\">Em Chapec\u00f3, PCSC e GAECO deflagram a 4\u00aa fase da opera\u00e7\u00e3o \u201cSodalitas Finis\u201d que resulta na pris\u00e3o de 39 pessoas<\/h2>\t\t\t\t<\/div>\n\t\t\t\t<\/div>\n\t\t\t\t\t<\/div>\n\t\t<\/div>\n\t\t\t\t\t<\/div>\n\t\t<\/section>\n\t\t\t\t<section class=\"elementor-section elementor-top-section elementor-element elementor-element-e856a7d elementor-section-boxed elementor-section-height-default elementor-section-height-default\" data-id=\"e856a7d\" data-element_type=\"section\">\n\t\t\t\t\t\t<div class=\"elementor-container elementor-column-gap-default\">\n\t\t\t\t\t<div class=\"elementor-column elementor-col-100 elementor-top-column elementor-element elementor-element-641b4fb\" data-id=\"641b4fb\" data-element_type=\"column\">\n\t\t\t<div class=\"elementor-widget-wrap elementor-element-populated\">\n\t\t\t\t\t\t<div class=\"elementor-element elementor-element-c166221 elementor-widget elementor-widget-image\" data-id=\"c166221\" data-element_type=\"widget\" data-widget_type=\"image.default\">\n\t\t\t\t<div class=\"elementor-widget-container\">\n\t\t\t\t\t\t\t\t\t\t\t\t\t\t\t<img fetchpriority=\"high\" decoding=\"async\" width=\"696\" height=\"522\" src=\"https:\/\/pc.sc.gov.br\/\/wp-content\/uploads\/2025\/02\/SODALITAS-FINIS.docx-02-768x576.jpg\" class=\"attachment-medium_large size-medium_large wp-image-26493\" alt=\"\" srcset=\"https:\/\/pc.sc.gov.br\/\/wp-content\/uploads\/2025\/02\/SODALITAS-FINIS.docx-02-768x576.jpg 768w, https:\/\/pc.sc.gov.br\/\/wp-content\/uploads\/2025\/02\/SODALITAS-FINIS.docx-02-300x225.jpg 300w, https:\/\/pc.sc.gov.br\/\/wp-content\/uploads\/2025\/02\/SODALITAS-FINIS.docx-02-1024x768.jpg 1024w, https:\/\/pc.sc.gov.br\/\/wp-content\/uploads\/2025\/02\/SODALITAS-FINIS.docx-02-1536x1152.jpg 1536w, https:\/\/pc.sc.gov.br\/\/wp-content\/uploads\/2025\/02\/SODALITAS-FINIS.docx-02.jpg 1600w\" sizes=\"(max-width: 696px) 100vw, 696px\" \/>\t\t\t\t\t\t\t\t\t\t\t\t\t\t\t<\/div>\n\t\t\t\t<\/div>\n\t\t\t\t\t<\/div>\n\t\t<\/div>\n\t\t\t\t\t<\/div>\n\t\t<\/section>\n\t\t\t\t<section class=\"elementor-section elementor-top-section elementor-element elementor-element-4e42e01 elementor-section-boxed elementor-section-height-default elementor-section-height-default\" data-id=\"4e42e01\" data-element_type=\"section\">\n\t\t\t\t\t\t<div class=\"elementor-container elementor-column-gap-default\">\n\t\t\t\t\t<div class=\"elementor-column elementor-col-100 elementor-top-column elementor-element elementor-element-de01d06\" data-id=\"de01d06\" data-element_type=\"column\">\n\t\t\t<div class=\"elementor-widget-wrap elementor-element-populated\">\n\t\t\t\t\t\t<div class=\"elementor-element elementor-element-b72f8b7 elementor-widget elementor-widget-text-editor\" data-id=\"b72f8b7\" data-element_type=\"widget\" data-widget_type=\"text-editor.default\">\n\t\t\t\t<div class=\"elementor-widget-container\">\n\t\t\t\t\t\t\t\t\t<p>O Grupo de Atua\u00e7\u00e3o Especial de Combate \u00e0s Organiza\u00e7\u00f5es Criminosas (GAECO) e a Pol\u00edcia Civil de Santa Catarina (PCSC), por meio do Departamento de Investiga\u00e7\u00f5es Criminais de Chapec\u00f3 e a DECOD &#8211; Delegacia de Pol\u00edcia de Combate \u00e0s Drogas deflagraram na manh\u00e3 desta quinta-feira (06\/02), a 4\u00aa fase da Opera\u00e7\u00e3o \u201cSodalitas Finis\u201d.<\/p><p>A opera\u00e7\u00e3o resultou no cumprimento de 73 mandados de busca e apreens\u00e3o e 39 mandados de pris\u00e3o preventiva expedidos pela Vara Regional de Garantias da Comarca de Chapec\u00f3, ap\u00f3s representa\u00e7\u00e3o da Pol\u00edcia Civil e requerimento da 1\u00aa Promotoria de Justi\u00e7a da Comarca de Chapec\u00f3.<\/p><p>A 4\u00aa fase da opera\u00e7\u00e3o \u00e9 resultado da unifica\u00e7\u00e3o de investiga\u00e7\u00f5es conduzidas pela PCSC e pelo MPSC, que contou com o compartilhamento de dados e cruzamento de informa\u00e7\u00f5es por ambas as institui\u00e7\u00f5es, resultando no fortalecimento das estrat\u00e9gias investigativas e em novas a\u00e7\u00f5es de repress\u00e3o \u00e0s atividades il\u00edcitas do grupo criminoso.<\/p><p>A opera\u00e7\u00e3o conta com a participa\u00e7\u00e3o de 423 agentes de seguran\u00e7a p\u00fablica, que est\u00e3o nas ruas e em unidades prisionais cumprindo as ordens judiciais. A equipe formada para o cumprimento das ordens judiciais conta com a participa\u00e7\u00e3o do Minist\u00e9rio P\u00fablico de Santa Catarina, de policiais do GAECO de Santa Catarina e do Paran\u00e1, de Policiais Civis, Militares e da Pol\u00edcia Penal de Santa Catarina, de Bombeiros Militares de Santa Catarina, de Guardas Municipais de Chapec\u00f3 e de Policiais Civis do Paran\u00e1 e Rio Grande do Sul.<\/p><p>Al\u00e9m disso, 11 unidades do K9 (c\u00e3es farejadores \u2013 PCSC, PCRS, PCPR, PMSC e GMC), uma aeronave do SAERFRON da Pol\u00edcia Civil e 146 viaturas est\u00e3o sendo utilizadas no cumprimento das dilig\u00eancias.<\/p><p>Em sua 4\u00aa fase, a Opera\u00e7\u00e3o \u201cSodalitas Finis\u201d conta com 423 agentes de seguran\u00e7a p\u00fablica para o cumprimento 70 mandados de busca e apreens\u00e3o e 49 mandados de pris\u00e3o preventiva, com o objetivo de desarticular organiza\u00e7\u00e3o criminosa com atua\u00e7\u00e3o no estado de Santa Catarina.<\/p>\t\t\t\t\t\t\t\t<\/div>\n\t\t\t\t<\/div>\n\t\t\t\t\t<\/div>\n\t\t<\/div>\n\t\t\t\t\t<\/div>\n\t\t<\/section>\n\t\t\t\t<\/div>\n\t\t","protected":false},"excerpt":{"rendered":"<p>Em Chapec\u00f3, PCSC e GAECO deflagram a 4\u00aa fase da opera\u00e7\u00e3o \u201cSodalitas Finis\u201d que resulta na pris\u00e3o de 39 pessoas O Grupo de Atua\u00e7\u00e3o Especial de Combate \u00e0s Organiza\u00e7\u00f5es Criminosas (GAECO) e a Pol\u00edcia Civil de Santa Catarina (PCSC), por meio do Departamento de Investiga\u00e7\u00f5es Criminais de Chapec\u00f3 e a DECOD &#8211; Delegacia de Pol\u00edcia [&hellip;]<\/p>\n","protected":false},"author":5,"featured_media":26493,"comment_status":"closed","ping_status":"open","sticky":false,"template":"","format":"standard","meta":{"_monsterinsights_skip_tracking":false,"_monsterinsights_sitenote_active":false,"_monsterinsights_sitenote_note":"","_monsterinsights_sitenote_category":0,"footnotes":""},"categories":[1],"tags":[],"class_list":["post-26491","post","type-post","status-publish","format-standard","has-post-thumbnail","hentry","category-sem-categoria"],"_links":{"self":[{"href":"https:\/\/pc.sc.gov.br\/index.php?rest_route=\/wp\/v2\/posts\/26491","targetHints":{"allow":["GET"]}}],"collection":[{"href":"https:\/\/pc.sc.gov.br\/index.php?rest_route=\/wp\/v2\/posts"}],"about":[{"href":"https:\/\/pc.sc.gov.br\/index.php?rest_route=\/wp\/v2\/types\/post"}],"author":[{"embeddable":true,"href":"https:\/\/pc.sc.gov.br\/index.php?rest_route=\/wp\/v2\/users\/5"}],"replies":[{"embeddable":true,"href":"https:\/\/pc.sc.gov.br\/index.php?rest_route=%2Fwp%2Fv2%2Fcomments&post=26491"}],"version-history":[{"count":3,"href":"https:\/\/pc.sc.gov.br\/index.php?rest_route=\/wp\/v2\/posts\/26491\/revisions"}],"predecessor-version":[{"id":26496,"href":"https:\/\/pc.sc.gov.br\/index.php?rest_route=\/wp\/v2\/posts\/26491\/revisions\/26496"}],"wp:featuredmedia":[{"embeddable":true,"href":"https:\/\/pc.sc.gov.br\/index.php?rest_route=\/wp\/v2\/media\/26493"}],"wp:attachment":[{"href":"https:\/\/pc.sc.gov.br\/index.php?rest_route=%2Fwp%2Fv2%2Fmedia&parent=26491"}],"wp:term":[{"taxonomy":"category","embeddable":true,"href":"https:\/\/pc.sc.gov.br\/index.php?rest_route=%2Fwp%2Fv2%2Fcategories&post=26491"},{"taxonomy":"post_tag","embeddable":true,"href":"https:\/\/pc.sc.gov.br\/index.php?rest_route=%2Fwp%2Fv2%2Ftags&post=26491"}],"curies":[{"name":"wp","href":"https:\/\/api.w.org\/{rel}","templated":true}]}}