{"id":26549,"date":"2025-02-10T17:04:48","date_gmt":"2025-02-10T20:04:48","guid":{"rendered":"https:\/\/pc.sc.gov.br\/?p=26549"},"modified":"2025-02-10T17:09:01","modified_gmt":"2025-02-10T20:09:01","slug":"em-governador-celso-ramos-pcsc-cumpre-mandado-de-prisao-por-homicidio-de-um-policial-militar-ocorrido-no-para","status":"publish","type":"post","link":"https:\/\/pc.sc.gov.br\/?p=26549","title":{"rendered":"Em Governador Celso Ramos, PCSC cumpre mandado de pris\u00e3o por homic\u00eddio de um policial militar ocorrido no Par\u00e1"},"content":{"rendered":"\t\t<div data-elementor-type=\"wp-post\" data-elementor-id=\"26549\" class=\"elementor elementor-26549\" data-elementor-post-type=\"post\">\n\t\t\t\t\t\t<section class=\"elementor-section elementor-top-section elementor-element elementor-element-a886bbe elementor-section-boxed elementor-section-height-default elementor-section-height-default\" data-id=\"a886bbe\" data-element_type=\"section\">\n\t\t\t\t\t\t<div class=\"elementor-container elementor-column-gap-default\">\n\t\t\t\t\t<div class=\"elementor-column elementor-col-100 elementor-top-column elementor-element elementor-element-53b2386\" data-id=\"53b2386\" data-element_type=\"column\">\n\t\t\t<div class=\"elementor-widget-wrap elementor-element-populated\">\n\t\t\t\t\t\t<div class=\"elementor-element elementor-element-8d49636 elementor-widget elementor-widget-heading\" data-id=\"8d49636\" data-element_type=\"widget\" data-widget_type=\"heading.default\">\n\t\t\t\t<div class=\"elementor-widget-container\">\n\t\t\t\t\t<h2 class=\"elementor-heading-title elementor-size-default\">Em Governador Celso Ramos, PCSC cumpre mandado de pris\u00e3o por homic\u00eddio de um policial militar ocorrido no Par\u00e1<\/h2>\t\t\t\t<\/div>\n\t\t\t\t<\/div>\n\t\t\t\t\t<\/div>\n\t\t<\/div>\n\t\t\t\t\t<\/div>\n\t\t<\/section>\n\t\t\t\t<section class=\"elementor-section elementor-top-section elementor-element elementor-element-fdb4db8 elementor-section-boxed elementor-section-height-default elementor-section-height-default\" data-id=\"fdb4db8\" data-element_type=\"section\">\n\t\t\t\t\t\t<div class=\"elementor-container elementor-column-gap-default\">\n\t\t\t\t\t<div class=\"elementor-column elementor-col-100 elementor-top-column elementor-element elementor-element-5a3b202\" data-id=\"5a3b202\" data-element_type=\"column\">\n\t\t\t<div class=\"elementor-widget-wrap elementor-element-populated\">\n\t\t\t\t\t\t<div class=\"elementor-element elementor-element-34b0632 elementor-widget elementor-widget-image\" data-id=\"34b0632\" data-element_type=\"widget\" data-widget_type=\"image.default\">\n\t\t\t\t<div class=\"elementor-widget-container\">\n\t\t\t\t\t\t\t\t\t\t\t\t\t\t\t<img fetchpriority=\"high\" decoding=\"async\" width=\"696\" height=\"537\" src=\"https:\/\/pc.sc.gov.br\/\/wp-content\/uploads\/2025\/02\/62eeb78c-2ea7-4b80-97dd-c0d16d2fb1a4-fotor-2025021017555.jpg\" class=\"attachment-large size-large wp-image-26550\" alt=\"\" srcset=\"https:\/\/pc.sc.gov.br\/\/wp-content\/uploads\/2025\/02\/62eeb78c-2ea7-4b80-97dd-c0d16d2fb1a4-fotor-2025021017555.jpg 799w, https:\/\/pc.sc.gov.br\/\/wp-content\/uploads\/2025\/02\/62eeb78c-2ea7-4b80-97dd-c0d16d2fb1a4-fotor-2025021017555-300x231.jpg 300w, https:\/\/pc.sc.gov.br\/\/wp-content\/uploads\/2025\/02\/62eeb78c-2ea7-4b80-97dd-c0d16d2fb1a4-fotor-2025021017555-768x592.jpg 768w\" sizes=\"(max-width: 696px) 100vw, 696px\" \/>\t\t\t\t\t\t\t\t\t\t\t\t\t\t\t<\/div>\n\t\t\t\t<\/div>\n\t\t\t\t\t<\/div>\n\t\t<\/div>\n\t\t\t\t\t<\/div>\n\t\t<\/section>\n\t\t\t\t<section class=\"elementor-section elementor-top-section elementor-element elementor-element-c5db12f elementor-section-boxed elementor-section-height-default elementor-section-height-default\" data-id=\"c5db12f\" data-element_type=\"section\">\n\t\t\t\t\t\t<div class=\"elementor-container elementor-column-gap-default\">\n\t\t\t\t\t<div class=\"elementor-column elementor-col-100 elementor-top-column elementor-element elementor-element-cddabb3\" data-id=\"cddabb3\" data-element_type=\"column\">\n\t\t\t<div class=\"elementor-widget-wrap elementor-element-populated\">\n\t\t\t\t\t\t<div class=\"elementor-element elementor-element-aadeb59 elementor-widget elementor-widget-text-editor\" data-id=\"aadeb59\" data-element_type=\"widget\" data-widget_type=\"text-editor.default\">\n\t\t\t\t<div class=\"elementor-widget-container\">\n\t\t\t\t\t\t\t\t\t<p>A Pol\u00edcia Civil de Santa Catarina, por meio da Delegacia do Munic\u00edpio de Governador Celso Ramos, cumpriu no s\u00e1bado (08) mandado de pris\u00e3o por senten\u00e7a condenat\u00f3ria, expedido pela 2\u00ba Vara do Tribunal do J\u00fari de Bel\u00e9m-PA, em desfavor de um homem condenado pelo crime de Homic\u00eddio, que vitimou um Policial Militar, no Estado do Par\u00e1.&nbsp;&nbsp;<\/p>\n<p>A equipe de investiga\u00e7\u00e3o j\u00e1 estava em monitoramento do alvo e ap\u00f3s algumas dilig\u00eancias, houve \u00eaxito na captura do condenado. Tamb\u00e9m foi apurado que o preso j\u00e1 vinha cometendo outros delitos na regi\u00e3o da Grande Florian\u00f3polis, como furto, recepta\u00e7\u00e3o e porte ilegal de arma de fogo, onde se verificou que em um Auto de Pris\u00e3o em Flagrante lavrado na Grande Florian\u00f3polis teria dado nome falso para n\u00e3o ser identificado.&nbsp;&nbsp;<\/p>\n<p>Ap\u00f3s os procedimentos, o condenado foi encaminhado para a Central de Plant\u00e3o Policial e, posteriormente, para o sistema prisional.<\/p>\t\t\t\t\t\t\t\t<\/div>\n\t\t\t\t<\/div>\n\t\t\t\t\t<\/div>\n\t\t<\/div>\n\t\t\t\t\t<\/div>\n\t\t<\/section>\n\t\t\t\t<\/div>\n\t\t","protected":false},"excerpt":{"rendered":"<p>Em Governador Celso Ramos, PCSC cumpre mandado de pris\u00e3o por homic\u00eddio de um policial militar ocorrido no Par\u00e1 A Pol\u00edcia Civil de Santa Catarina, por meio da Delegacia do Munic\u00edpio de Governador Celso Ramos, cumpriu no s\u00e1bado (08) mandado de pris\u00e3o por senten\u00e7a condenat\u00f3ria, expedido pela 2\u00ba Vara do Tribunal do J\u00fari de Bel\u00e9m-PA, em [&hellip;]<\/p>\n","protected":false},"author":5,"featured_media":26550,"comment_status":"closed","ping_status":"open","sticky":false,"template":"","format":"standard","meta":{"_monsterinsights_skip_tracking":false,"_monsterinsights_sitenote_active":false,"_monsterinsights_sitenote_note":"","_monsterinsights_sitenote_category":0,"footnotes":""},"categories":[1],"tags":[],"class_list":["post-26549","post","type-post","status-publish","format-standard","has-post-thumbnail","hentry","category-sem-categoria"],"_links":{"self":[{"href":"https:\/\/pc.sc.gov.br\/index.php?rest_route=\/wp\/v2\/posts\/26549","targetHints":{"allow":["GET"]}}],"collection":[{"href":"https:\/\/pc.sc.gov.br\/index.php?rest_route=\/wp\/v2\/posts"}],"about":[{"href":"https:\/\/pc.sc.gov.br\/index.php?rest_route=\/wp\/v2\/types\/post"}],"author":[{"embeddable":true,"href":"https:\/\/pc.sc.gov.br\/index.php?rest_route=\/wp\/v2\/users\/5"}],"replies":[{"embeddable":true,"href":"https:\/\/pc.sc.gov.br\/index.php?rest_route=%2Fwp%2Fv2%2Fcomments&post=26549"}],"version-history":[{"count":3,"href":"https:\/\/pc.sc.gov.br\/index.php?rest_route=\/wp\/v2\/posts\/26549\/revisions"}],"predecessor-version":[{"id":26553,"href":"https:\/\/pc.sc.gov.br\/index.php?rest_route=\/wp\/v2\/posts\/26549\/revisions\/26553"}],"wp:featuredmedia":[{"embeddable":true,"href":"https:\/\/pc.sc.gov.br\/index.php?rest_route=\/wp\/v2\/media\/26550"}],"wp:attachment":[{"href":"https:\/\/pc.sc.gov.br\/index.php?rest_route=%2Fwp%2Fv2%2Fmedia&parent=26549"}],"wp:term":[{"taxonomy":"category","embeddable":true,"href":"https:\/\/pc.sc.gov.br\/index.php?rest_route=%2Fwp%2Fv2%2Fcategories&post=26549"},{"taxonomy":"post_tag","embeddable":true,"href":"https:\/\/pc.sc.gov.br\/index.php?rest_route=%2Fwp%2Fv2%2Ftags&post=26549"}],"curies":[{"name":"wp","href":"https:\/\/api.w.org\/{rel}","templated":true}]}}