{"id":26559,"date":"2025-02-11T13:42:19","date_gmt":"2025-02-11T16:42:19","guid":{"rendered":"https:\/\/pc.sc.gov.br\/?p=26559"},"modified":"2025-02-11T13:43:31","modified_gmt":"2025-02-11T16:43:31","slug":"dpco-de-braco-do-norte-prende-homem-que-ateou-em-veiculos-em-contexto-de-violencia-domestica","status":"publish","type":"post","link":"https:\/\/pc.sc.gov.br\/?p=26559","title":{"rendered":"DPCo de Bra\u00e7o do Norte prende homem que ateou em ve\u00edculos em contexto de viol\u00eancia dom\u00e9stica"},"content":{"rendered":"\t\t<div data-elementor-type=\"wp-post\" data-elementor-id=\"26559\" class=\"elementor elementor-26559\" data-elementor-post-type=\"post\">\n\t\t\t\t\t\t<section class=\"elementor-section elementor-top-section elementor-element elementor-element-6b2ac4f elementor-section-boxed elementor-section-height-default elementor-section-height-default\" data-id=\"6b2ac4f\" data-element_type=\"section\">\n\t\t\t\t\t\t<div class=\"elementor-container elementor-column-gap-default\">\n\t\t\t\t\t<div class=\"elementor-column elementor-col-100 elementor-top-column elementor-element elementor-element-9ae4153\" data-id=\"9ae4153\" data-element_type=\"column\">\n\t\t\t<div class=\"elementor-widget-wrap elementor-element-populated\">\n\t\t\t\t\t\t<div class=\"elementor-element elementor-element-d43e9da elementor-widget elementor-widget-heading\" data-id=\"d43e9da\" data-element_type=\"widget\" data-widget_type=\"heading.default\">\n\t\t\t\t<div class=\"elementor-widget-container\">\n\t\t\t\t\t<h2 class=\"elementor-heading-title elementor-size-default\">DPCo de Bra\u00e7o do Norte prende homem que ateou em ve\u00edculos em contexto de viol\u00eancia dom\u00e9stica<\/h2>\t\t\t\t<\/div>\n\t\t\t\t<\/div>\n\t\t\t\t\t<\/div>\n\t\t<\/div>\n\t\t\t\t\t<\/div>\n\t\t<\/section>\n\t\t\t\t<section class=\"elementor-section elementor-top-section elementor-element elementor-element-0da2128 elementor-section-boxed elementor-section-height-default elementor-section-height-default\" data-id=\"0da2128\" data-element_type=\"section\">\n\t\t\t\t\t\t<div class=\"elementor-container elementor-column-gap-default\">\n\t\t\t\t\t<div class=\"elementor-column elementor-col-100 elementor-top-column elementor-element elementor-element-db77329\" data-id=\"db77329\" data-element_type=\"column\">\n\t\t\t<div class=\"elementor-widget-wrap elementor-element-populated\">\n\t\t\t\t\t\t<div class=\"elementor-element elementor-element-db28cfd elementor-widget elementor-widget-image\" data-id=\"db28cfd\" data-element_type=\"widget\" data-widget_type=\"image.default\">\n\t\t\t\t<div class=\"elementor-widget-container\">\n\t\t\t\t\t\t\t\t\t\t\t\t\t\t\t<img fetchpriority=\"high\" decoding=\"async\" width=\"696\" height=\"517\" src=\"https:\/\/pc.sc.gov.br\/\/wp-content\/uploads\/2024\/11\/a2dbb181-8fea-4491-9f21-ab050c390973-fotor-20240314152921.jpg\" class=\"attachment-large size-large wp-image-24763\" alt=\"\" srcset=\"https:\/\/pc.sc.gov.br\/\/wp-content\/uploads\/2024\/11\/a2dbb181-8fea-4491-9f21-ab050c390973-fotor-20240314152921.jpg 805w, https:\/\/pc.sc.gov.br\/\/wp-content\/uploads\/2024\/11\/a2dbb181-8fea-4491-9f21-ab050c390973-fotor-20240314152921-300x223.jpg 300w, https:\/\/pc.sc.gov.br\/\/wp-content\/uploads\/2024\/11\/a2dbb181-8fea-4491-9f21-ab050c390973-fotor-20240314152921-768x571.jpg 768w\" sizes=\"(max-width: 696px) 100vw, 696px\" \/>\t\t\t\t\t\t\t\t\t\t\t\t\t\t\t<\/div>\n\t\t\t\t<\/div>\n\t\t\t\t\t<\/div>\n\t\t<\/div>\n\t\t\t\t\t<\/div>\n\t\t<\/section>\n\t\t\t\t<section class=\"elementor-section elementor-top-section elementor-element elementor-element-23b9b9d elementor-section-boxed elementor-section-height-default elementor-section-height-default\" data-id=\"23b9b9d\" data-element_type=\"section\">\n\t\t\t\t\t\t<div class=\"elementor-container elementor-column-gap-default\">\n\t\t\t\t\t<div class=\"elementor-column elementor-col-100 elementor-top-column elementor-element elementor-element-0c98105\" data-id=\"0c98105\" data-element_type=\"column\">\n\t\t\t<div class=\"elementor-widget-wrap elementor-element-populated\">\n\t\t\t\t\t\t<div class=\"elementor-element elementor-element-ea1d034 elementor-widget elementor-widget-text-editor\" data-id=\"ea1d034\" data-element_type=\"widget\" data-widget_type=\"text-editor.default\">\n\t\t\t\t<div class=\"elementor-widget-container\">\n\t\t\t\t\t\t\t\t\t<p>A Pol\u00edcia Civil de Santa Catarina, por interm\u00e9dio da Delegacia de Pol\u00edcia da Comarca de Bra\u00e7o do Norte cumpriu nesta segunda-feira (10) mandado de pris\u00e3o preventiva contra suspeito de inc\u00eandio, em contexto de viol\u00eancia dom\u00e9stica e familiar.<\/p>\n<p>De acordo com a delegada Gabriela Tissot Fruet na madrugada de 21\/12\/2024, um homem, inconformado com o fim do relacionamento ateou fogo em um ve\u00edculo celta, ap\u00f3s diversas tentativas de reatar o relacionamento com a namorada.<\/p>\n<p>O ve\u00edculo incendiado era do suspeito e da v\u00edtima da viol\u00eancia dom\u00e9stica, sendo que vinha sendo utilizado pela mulher e as partes haviam rompido o relacionamento tr\u00eas meses antes do fato.&nbsp;<\/p>\n<p>No final de janeiro de 2025 uma nova ocorr\u00eancia envolvendo as mesmas partes foi registrada pela Pol\u00edcia Militar, sendo que a v\u00edtima narrou ter sido agredida fisicamente pelo suspeito, bem como teve seu aparelho celular danificado por ci\u00fames.<\/p>\n<p>O inqu\u00e9rito policial acerca do crime de inc\u00eandio foi conclu\u00eddo na semana passada, e houve representa\u00e7\u00e3o da Autoridade Policial pela decreta\u00e7\u00e3o da pris\u00e3o preventiva do suspeito em raz\u00e3o da gravidade dos fatos e reitera\u00e7\u00e3o de viol\u00eancia dom\u00e9stica contra a v\u00edtima.<\/p>\n<p>A decis\u00e3o judicial que decretou a pris\u00e3o preventiva do suspeito foi emitida na \u00faltima sexta-feira, e o indiciado foi localizado e preso na segunda-feira (10), em sua resid\u00eancia, por volta das 17h45.<\/p>\n<p>O preso foi conduzido ao Pres\u00eddio de Tubar\u00e3ol, ap\u00f3s a finaliza\u00e7\u00e3o dos tr\u00e2mites legais. Um outro inqu\u00e9rito policial envolvendo o suspeito, acerca das agress\u00f5es do final de janeiro de 2025, ser\u00e1 conclu\u00eddo ainda nesta semana.<\/p>\t\t\t\t\t\t\t\t<\/div>\n\t\t\t\t<\/div>\n\t\t\t\t\t<\/div>\n\t\t<\/div>\n\t\t\t\t\t<\/div>\n\t\t<\/section>\n\t\t\t\t<\/div>\n\t\t","protected":false},"excerpt":{"rendered":"<p>DPCo de Bra\u00e7o do Norte prende homem que ateou em ve\u00edculos em contexto de viol\u00eancia dom\u00e9stica A Pol\u00edcia Civil de Santa Catarina, por interm\u00e9dio da Delegacia de Pol\u00edcia da Comarca de Bra\u00e7o do Norte cumpriu nesta segunda-feira (10) mandado de pris\u00e3o preventiva contra suspeito de inc\u00eandio, em contexto de viol\u00eancia dom\u00e9stica e familiar. De acordo [&hellip;]<\/p>\n","protected":false},"author":5,"featured_media":22865,"comment_status":"closed","ping_status":"open","sticky":false,"template":"","format":"standard","meta":{"_monsterinsights_skip_tracking":false,"_monsterinsights_sitenote_active":false,"_monsterinsights_sitenote_note":"","_monsterinsights_sitenote_category":0,"footnotes":""},"categories":[1],"tags":[],"class_list":["post-26559","post","type-post","status-publish","format-standard","has-post-thumbnail","hentry","category-sem-categoria"],"_links":{"self":[{"href":"https:\/\/pc.sc.gov.br\/index.php?rest_route=\/wp\/v2\/posts\/26559","targetHints":{"allow":["GET"]}}],"collection":[{"href":"https:\/\/pc.sc.gov.br\/index.php?rest_route=\/wp\/v2\/posts"}],"about":[{"href":"https:\/\/pc.sc.gov.br\/index.php?rest_route=\/wp\/v2\/types\/post"}],"author":[{"embeddable":true,"href":"https:\/\/pc.sc.gov.br\/index.php?rest_route=\/wp\/v2\/users\/5"}],"replies":[{"embeddable":true,"href":"https:\/\/pc.sc.gov.br\/index.php?rest_route=%2Fwp%2Fv2%2Fcomments&post=26559"}],"version-history":[{"count":7,"href":"https:\/\/pc.sc.gov.br\/index.php?rest_route=\/wp\/v2\/posts\/26559\/revisions"}],"predecessor-version":[{"id":26566,"href":"https:\/\/pc.sc.gov.br\/index.php?rest_route=\/wp\/v2\/posts\/26559\/revisions\/26566"}],"wp:featuredmedia":[{"embeddable":true,"href":"https:\/\/pc.sc.gov.br\/index.php?rest_route=\/wp\/v2\/media\/22865"}],"wp:attachment":[{"href":"https:\/\/pc.sc.gov.br\/index.php?rest_route=%2Fwp%2Fv2%2Fmedia&parent=26559"}],"wp:term":[{"taxonomy":"category","embeddable":true,"href":"https:\/\/pc.sc.gov.br\/index.php?rest_route=%2Fwp%2Fv2%2Fcategories&post=26559"},{"taxonomy":"post_tag","embeddable":true,"href":"https:\/\/pc.sc.gov.br\/index.php?rest_route=%2Fwp%2Fv2%2Ftags&post=26559"}],"curies":[{"name":"wp","href":"https:\/\/api.w.org\/{rel}","templated":true}]}}