{"id":26580,"date":"2025-02-11T17:32:52","date_gmt":"2025-02-11T20:32:52","guid":{"rendered":"https:\/\/pc.sc.gov.br\/?p=26580"},"modified":"2025-02-11T17:34:25","modified_gmt":"2025-02-11T20:34:25","slug":"pcsc-prende-dois-autores-da-morte-de-idosa-de-82-anos-em-sao-francisco-do-sul","status":"publish","type":"post","link":"https:\/\/pc.sc.gov.br\/?p=26580","title":{"rendered":"PCSC prende dois autores da morte de idosa de 82 anos em S\u00e3o Francisco do Sul"},"content":{"rendered":"\t\t<div data-elementor-type=\"wp-post\" data-elementor-id=\"26580\" class=\"elementor elementor-26580\" data-elementor-post-type=\"post\">\n\t\t\t\t\t\t<section class=\"elementor-section elementor-top-section elementor-element elementor-element-5eb0458 elementor-section-boxed elementor-section-height-default elementor-section-height-default\" data-id=\"5eb0458\" data-element_type=\"section\">\n\t\t\t\t\t\t<div class=\"elementor-container elementor-column-gap-default\">\n\t\t\t\t\t<div class=\"elementor-column elementor-col-100 elementor-top-column elementor-element elementor-element-428e601\" data-id=\"428e601\" data-element_type=\"column\">\n\t\t\t<div class=\"elementor-widget-wrap elementor-element-populated\">\n\t\t\t\t\t\t<div class=\"elementor-element elementor-element-9d9bce2 elementor-widget elementor-widget-heading\" data-id=\"9d9bce2\" data-element_type=\"widget\" data-widget_type=\"heading.default\">\n\t\t\t\t<div class=\"elementor-widget-container\">\n\t\t\t\t\t<h2 class=\"elementor-heading-title elementor-size-default\">PCSC prende dois autores da morte de idosa de 82 anos em S\u00e3o Francisco do Sul<\/h2>\t\t\t\t<\/div>\n\t\t\t\t<\/div>\n\t\t\t\t\t<\/div>\n\t\t<\/div>\n\t\t\t\t\t<\/div>\n\t\t<\/section>\n\t\t\t\t<section class=\"elementor-section elementor-top-section elementor-element elementor-element-5c9c4b3 elementor-section-boxed elementor-section-height-default elementor-section-height-default\" data-id=\"5c9c4b3\" data-element_type=\"section\">\n\t\t\t\t\t\t<div class=\"elementor-container elementor-column-gap-default\">\n\t\t\t\t\t<div class=\"elementor-column elementor-col-100 elementor-top-column elementor-element elementor-element-6a833cd\" data-id=\"6a833cd\" data-element_type=\"column\">\n\t\t\t<div class=\"elementor-widget-wrap elementor-element-populated\">\n\t\t\t\t\t\t<div class=\"elementor-element elementor-element-0da4ef7 elementor-widget elementor-widget-image\" data-id=\"0da4ef7\" data-element_type=\"widget\" data-widget_type=\"image.default\">\n\t\t\t\t<div class=\"elementor-widget-container\">\n\t\t\t\t\t\t\t\t\t\t\t\t\t\t\t<img fetchpriority=\"high\" decoding=\"async\" width=\"380\" height=\"255\" src=\"https:\/\/pc.sc.gov.br\/\/wp-content\/uploads\/2025\/02\/WhatsApp-Image-2025-02-05-at-14.57.30-fotor-2025020515148.jpg\" class=\"attachment-large size-large wp-image-26581\" alt=\"\" srcset=\"https:\/\/pc.sc.gov.br\/\/wp-content\/uploads\/2025\/02\/WhatsApp-Image-2025-02-05-at-14.57.30-fotor-2025020515148.jpg 380w, https:\/\/pc.sc.gov.br\/\/wp-content\/uploads\/2025\/02\/WhatsApp-Image-2025-02-05-at-14.57.30-fotor-2025020515148-300x201.jpg 300w\" sizes=\"(max-width: 380px) 100vw, 380px\" \/>\t\t\t\t\t\t\t\t\t\t\t\t\t\t\t<\/div>\n\t\t\t\t<\/div>\n\t\t\t\t\t<\/div>\n\t\t<\/div>\n\t\t\t\t\t<\/div>\n\t\t<\/section>\n\t\t\t\t<section class=\"elementor-section elementor-top-section elementor-element elementor-element-bb335d6 elementor-section-boxed elementor-section-height-default elementor-section-height-default\" data-id=\"bb335d6\" data-element_type=\"section\">\n\t\t\t\t\t\t<div class=\"elementor-container elementor-column-gap-default\">\n\t\t\t\t\t<div class=\"elementor-column elementor-col-100 elementor-top-column elementor-element elementor-element-cc84c59\" data-id=\"cc84c59\" data-element_type=\"column\">\n\t\t\t<div class=\"elementor-widget-wrap elementor-element-populated\">\n\t\t\t\t\t\t<div class=\"elementor-element elementor-element-40b7385 elementor-widget elementor-widget-text-editor\" data-id=\"40b7385\" data-element_type=\"widget\" data-widget_type=\"text-editor.default\">\n\t\t\t\t<div class=\"elementor-widget-container\">\n\t\t\t\t\t\t\t\t\t<p>A Pol\u00edcia Civil de Santa Catarina, por meio da Delegacia da Comarca de S\u00e3o Francisco do Sul, elucidou o crime de latroc\u00ednio consumado, praticado contra uma idosa de 82 anos encontrada morta em casa no Bairro Rocio Pequeno, em S\u00e3o Francisco do Sul.&nbsp;<span style=\"font-family: var( --e-global-typography-primary-font-family ), Sans-serif; font-size: var( --e-global-typography-primary-font-size ); font-weight: var( --e-global-typography-primary-font-weight ); letter-spacing: var( --e-global-typography-primary-letter-spacing );\">O crime ocorreu no dia 19 de dezembro de 2024 e ap\u00f3s intensas dilig\u00eancias e por interm\u00e9dio de t\u00e9cnicas avan\u00e7adas de investiga\u00e7\u00f5es, os policiais lograram \u00eaxito na identifica\u00e7\u00e3o dos autores.<\/span><\/p>\n<p><b>Entenda o caso:&nbsp;<\/b><\/p>\n<p>A idosa morava sozinha e foi encontrada, por volta das 13h do dia 19\/12\/2024 pela sobrinha &#8211; morta com uma tesoura encravada na regi\u00e3o do pesco\u00e7o. A Pol\u00edcia Civil foi acionada e durante os trabalhos a Pol\u00edcia Cient\u00edfica recolheu objetos com digitais as quais inicialmente n\u00e3o foi poss\u00edvel a identifica\u00e7\u00e3o.&nbsp;<\/p>\n<p>Em entrevista com familiares, estes informaram para a equipe de investiga\u00e7\u00e3o que, por volta das 2h da madrugada, ouviram os cachorros latindo alto, mas n\u00e3o ouviram pedido de socorro, bem como deram conta do sumi\u00e7o de um cart\u00e3o banc\u00e1rio e um aparelho celular.<\/p>\n<p>Diante de tais informa\u00e7\u00f5es, a equipe da PCSC continuou com os trabalhos e recolheu 9 horas de imagens de pontos da rua onde ocorreu o crime. Tamb\u00e9m foi representado pelo afastamento do sigilo banc\u00e1rio e telef\u00f4nico. Quanto ao telef\u00f4nico n\u00e3o foi poss\u00edvel a localiza\u00e7\u00e3o ou novos cadastros, j\u00e1 no tocante ao cart\u00e3o banc\u00e1rio que contava com tecnologia contactless foi poss\u00edvel a identifica\u00e7\u00e3o de duas compras ocorridas em 19\/12\/2024 por volta das 23h.<\/p>\n<p>Ap\u00f3s an\u00e1lise das 9 horas de imagens a equipe identificou um casal caminhando pela rua onde ocorreu o crime por volta da 1h47minutos do dia 19\/12\/2024. De acordo com o delegado Fabio Estuqui, o casal foi identificado e qualificado, as informa\u00e7\u00f5es somadas com a conclus\u00e3o do laudo papilosc\u00f3pico com poss\u00edveis suspeitos a serem indicados pela Autoridade Policial &#8211; levou a requisitar per\u00edcias complementares onde confirmou a identifica\u00e7\u00e3o do autor no cena do crime.<\/p>\n<p>Diante deste contexto, nesta ter\u00e7a-feira (11) foi deflagrada a opera\u00e7\u00e3o policial, para cumprimento de dois mandados de busca e dois mandados de pris\u00e3o. Os mandados foram cumpridos em S\u00e3o Francisco do Sul.<\/p>\t\t\t\t\t\t\t\t<\/div>\n\t\t\t\t<\/div>\n\t\t\t\t\t<\/div>\n\t\t<\/div>\n\t\t\t\t\t<\/div>\n\t\t<\/section>\n\t\t\t\t<\/div>\n\t\t","protected":false},"excerpt":{"rendered":"<p>PCSC prende dois autores da morte de idosa de 82 anos em S\u00e3o Francisco do Sul A Pol\u00edcia Civil de Santa Catarina, por meio da Delegacia da Comarca de S\u00e3o Francisco do Sul, elucidou o crime de latroc\u00ednio consumado, praticado contra uma idosa de 82 anos encontrada morta em casa no Bairro Rocio Pequeno, em [&hellip;]<\/p>\n","protected":false},"author":5,"featured_media":26581,"comment_status":"closed","ping_status":"open","sticky":false,"template":"","format":"standard","meta":{"_monsterinsights_skip_tracking":false,"_monsterinsights_sitenote_active":false,"_monsterinsights_sitenote_note":"","_monsterinsights_sitenote_category":0,"footnotes":""},"categories":[1],"tags":[],"class_list":["post-26580","post","type-post","status-publish","format-standard","has-post-thumbnail","hentry","category-sem-categoria"],"_links":{"self":[{"href":"https:\/\/pc.sc.gov.br\/index.php?rest_route=\/wp\/v2\/posts\/26580","targetHints":{"allow":["GET"]}}],"collection":[{"href":"https:\/\/pc.sc.gov.br\/index.php?rest_route=\/wp\/v2\/posts"}],"about":[{"href":"https:\/\/pc.sc.gov.br\/index.php?rest_route=\/wp\/v2\/types\/post"}],"author":[{"embeddable":true,"href":"https:\/\/pc.sc.gov.br\/index.php?rest_route=\/wp\/v2\/users\/5"}],"replies":[{"embeddable":true,"href":"https:\/\/pc.sc.gov.br\/index.php?rest_route=%2Fwp%2Fv2%2Fcomments&post=26580"}],"version-history":[{"count":4,"href":"https:\/\/pc.sc.gov.br\/index.php?rest_route=\/wp\/v2\/posts\/26580\/revisions"}],"predecessor-version":[{"id":26585,"href":"https:\/\/pc.sc.gov.br\/index.php?rest_route=\/wp\/v2\/posts\/26580\/revisions\/26585"}],"wp:featuredmedia":[{"embeddable":true,"href":"https:\/\/pc.sc.gov.br\/index.php?rest_route=\/wp\/v2\/media\/26581"}],"wp:attachment":[{"href":"https:\/\/pc.sc.gov.br\/index.php?rest_route=%2Fwp%2Fv2%2Fmedia&parent=26580"}],"wp:term":[{"taxonomy":"category","embeddable":true,"href":"https:\/\/pc.sc.gov.br\/index.php?rest_route=%2Fwp%2Fv2%2Fcategories&post=26580"},{"taxonomy":"post_tag","embeddable":true,"href":"https:\/\/pc.sc.gov.br\/index.php?rest_route=%2Fwp%2Fv2%2Ftags&post=26580"}],"curies":[{"name":"wp","href":"https:\/\/api.w.org\/{rel}","templated":true}]}}