{"id":26590,"date":"2025-02-11T18:15:44","date_gmt":"2025-02-11T21:15:44","guid":{"rendered":"https:\/\/pc.sc.gov.br\/?p=26590"},"modified":"2025-02-11T18:18:35","modified_gmt":"2025-02-11T21:18:35","slug":"na-capital-delegacia-de-combate-a-estelionatos-prende-em-flagrante-homem-envolvido-em-compra-fraudulenta-de-veiculo","status":"publish","type":"post","link":"https:\/\/pc.sc.gov.br\/?p=26590","title":{"rendered":"Na Capital, Delegacia de Combate a Estelionatos prende em flagrante homem envolvido em compra fraudulenta de ve\u00edculo"},"content":{"rendered":"\t\t<div data-elementor-type=\"wp-post\" data-elementor-id=\"26590\" class=\"elementor elementor-26590\" data-elementor-post-type=\"post\">\n\t\t\t\t\t\t<section class=\"elementor-section elementor-top-section elementor-element elementor-element-892c5cf elementor-section-boxed elementor-section-height-default elementor-section-height-default\" data-id=\"892c5cf\" data-element_type=\"section\">\n\t\t\t\t\t\t<div class=\"elementor-container elementor-column-gap-default\">\n\t\t\t\t\t<div class=\"elementor-column elementor-col-100 elementor-top-column elementor-element elementor-element-a734a26\" data-id=\"a734a26\" data-element_type=\"column\">\n\t\t\t<div class=\"elementor-widget-wrap elementor-element-populated\">\n\t\t\t\t\t\t<div class=\"elementor-element elementor-element-17e9dd5 elementor-widget elementor-widget-heading\" data-id=\"17e9dd5\" data-element_type=\"widget\" data-widget_type=\"heading.default\">\n\t\t\t\t<div class=\"elementor-widget-container\">\n\t\t\t\t\t<h2 class=\"elementor-heading-title elementor-size-default\">Na Capital, Delegacia de Combate a Estelionatos prende em flagrante homem envolvido em compra fraudulenta de ve\u00edculo<\/h2>\t\t\t\t<\/div>\n\t\t\t\t<\/div>\n\t\t\t\t\t<\/div>\n\t\t<\/div>\n\t\t\t\t\t<\/div>\n\t\t<\/section>\n\t\t\t\t<section class=\"elementor-section elementor-top-section elementor-element elementor-element-682c461 elementor-section-boxed elementor-section-height-default elementor-section-height-default\" data-id=\"682c461\" data-element_type=\"section\">\n\t\t\t\t\t\t<div class=\"elementor-container elementor-column-gap-default\">\n\t\t\t\t\t<div class=\"elementor-column elementor-col-100 elementor-top-column elementor-element elementor-element-7e57a0c\" data-id=\"7e57a0c\" data-element_type=\"column\">\n\t\t\t<div class=\"elementor-widget-wrap elementor-element-populated\">\n\t\t\t\t\t\t<div class=\"elementor-element elementor-element-722ddfe elementor-widget elementor-widget-image\" data-id=\"722ddfe\" data-element_type=\"widget\" data-widget_type=\"image.default\">\n\t\t\t\t<div class=\"elementor-widget-container\">\n\t\t\t\t\t\t\t\t\t\t\t\t\t\t\t<img fetchpriority=\"high\" decoding=\"async\" width=\"696\" height=\"522\" src=\"https:\/\/pc.sc.gov.br\/\/wp-content\/uploads\/2025\/02\/PCSC-PADRAO.jpg\" class=\"attachment-large size-large wp-image-26591\" alt=\"\" srcset=\"https:\/\/pc.sc.gov.br\/\/wp-content\/uploads\/2025\/02\/PCSC-PADRAO.jpg 768w, https:\/\/pc.sc.gov.br\/\/wp-content\/uploads\/2025\/02\/PCSC-PADRAO-300x225.jpg 300w\" sizes=\"(max-width: 696px) 100vw, 696px\" \/>\t\t\t\t\t\t\t\t\t\t\t\t\t\t\t<\/div>\n\t\t\t\t<\/div>\n\t\t\t\t\t<\/div>\n\t\t<\/div>\n\t\t\t\t\t<\/div>\n\t\t<\/section>\n\t\t\t\t<section class=\"elementor-section elementor-top-section elementor-element elementor-element-81c7888 elementor-section-boxed elementor-section-height-default elementor-section-height-default\" data-id=\"81c7888\" data-element_type=\"section\">\n\t\t\t\t\t\t<div class=\"elementor-container elementor-column-gap-default\">\n\t\t\t\t\t<div class=\"elementor-column elementor-col-100 elementor-top-column elementor-element elementor-element-2e92ed6\" data-id=\"2e92ed6\" data-element_type=\"column\">\n\t\t\t<div class=\"elementor-widget-wrap elementor-element-populated\">\n\t\t\t\t\t\t<div class=\"elementor-element elementor-element-4f8f0fb elementor-widget elementor-widget-text-editor\" data-id=\"4f8f0fb\" data-element_type=\"widget\" data-widget_type=\"text-editor.default\">\n\t\t\t\t<div class=\"elementor-widget-container\">\n\t\t\t\t\t\t\t\t\t<p>A Pol\u00edcia Civil de Santa Catarina, por meio da Delegacia de Combate a Estelionatos do Departamento de Investiga\u00e7\u00f5es Criminais da Capital (DCE\/DIC), prendeu nesta ter\u00e7a-feira (11) em flagrante um estelionat\u00e1rio, no momento em que ele retirava um ve\u00edculo zero quil\u00f4metro, em uma concession\u00e1ria localizada na Avenida Governador Ivo Silveira, na Capital.<\/p><p>A investiga\u00e7\u00e3o teve in\u00edcio ap\u00f3s a v\u00edtima registrar um boletim de ocorr\u00eancia informando que sua conta no aplicativo Gov.br havia sido invadida e que um financiamento fraudulento, de R$ 175 mil, havia sido feito em seu nome para a aquisi\u00e7\u00e3o do autom\u00f3vel.<\/p><p>Durante a tentativa de retirada do ve\u00edculo, os policiais prenderam um dos suspeitos, que confessou ter recebido R$ 1,5 mil para buscar o carro e transport\u00e1-lo at\u00e9 Porto Alegre.<\/p><p>O criminoso foi autuado em flagrante pelo crime de estelionato tentado e encaminhado \u00e0 Central de Plant\u00e3o Policial (CPP) da Capital, onde permanece \u00e0 disposi\u00e7\u00e3o da Justi\u00e7a.<\/p>\t\t\t\t\t\t\t\t<\/div>\n\t\t\t\t<\/div>\n\t\t\t\t\t<\/div>\n\t\t<\/div>\n\t\t\t\t\t<\/div>\n\t\t<\/section>\n\t\t\t\t<\/div>\n\t\t","protected":false},"excerpt":{"rendered":"<p>Na Capital, Delegacia de Combate a Estelionatos prende em flagrante homem envolvido em compra fraudulenta de ve\u00edculo A Pol\u00edcia Civil de Santa Catarina, por meio da Delegacia de Combate a Estelionatos do Departamento de Investiga\u00e7\u00f5es Criminais da Capital (DCE\/DIC), prendeu nesta ter\u00e7a-feira (11) em flagrante um estelionat\u00e1rio, no momento em que ele retirava um ve\u00edculo [&hellip;]<\/p>\n","protected":false},"author":5,"featured_media":26591,"comment_status":"closed","ping_status":"open","sticky":false,"template":"","format":"standard","meta":{"_monsterinsights_skip_tracking":false,"_monsterinsights_sitenote_active":false,"_monsterinsights_sitenote_note":"","_monsterinsights_sitenote_category":0,"footnotes":""},"categories":[1],"tags":[],"class_list":["post-26590","post","type-post","status-publish","format-standard","has-post-thumbnail","hentry","category-sem-categoria"],"_links":{"self":[{"href":"https:\/\/pc.sc.gov.br\/index.php?rest_route=\/wp\/v2\/posts\/26590","targetHints":{"allow":["GET"]}}],"collection":[{"href":"https:\/\/pc.sc.gov.br\/index.php?rest_route=\/wp\/v2\/posts"}],"about":[{"href":"https:\/\/pc.sc.gov.br\/index.php?rest_route=\/wp\/v2\/types\/post"}],"author":[{"embeddable":true,"href":"https:\/\/pc.sc.gov.br\/index.php?rest_route=\/wp\/v2\/users\/5"}],"replies":[{"embeddable":true,"href":"https:\/\/pc.sc.gov.br\/index.php?rest_route=%2Fwp%2Fv2%2Fcomments&post=26590"}],"version-history":[{"count":3,"href":"https:\/\/pc.sc.gov.br\/index.php?rest_route=\/wp\/v2\/posts\/26590\/revisions"}],"predecessor-version":[{"id":26594,"href":"https:\/\/pc.sc.gov.br\/index.php?rest_route=\/wp\/v2\/posts\/26590\/revisions\/26594"}],"wp:featuredmedia":[{"embeddable":true,"href":"https:\/\/pc.sc.gov.br\/index.php?rest_route=\/wp\/v2\/media\/26591"}],"wp:attachment":[{"href":"https:\/\/pc.sc.gov.br\/index.php?rest_route=%2Fwp%2Fv2%2Fmedia&parent=26590"}],"wp:term":[{"taxonomy":"category","embeddable":true,"href":"https:\/\/pc.sc.gov.br\/index.php?rest_route=%2Fwp%2Fv2%2Fcategories&post=26590"},{"taxonomy":"post_tag","embeddable":true,"href":"https:\/\/pc.sc.gov.br\/index.php?rest_route=%2Fwp%2Fv2%2Ftags&post=26590"}],"curies":[{"name":"wp","href":"https:\/\/api.w.org\/{rel}","templated":true}]}}