{"id":26619,"date":"2025-02-14T14:01:01","date_gmt":"2025-02-14T17:01:01","guid":{"rendered":"https:\/\/pc.sc.gov.br\/?p=26619"},"modified":"2025-02-14T14:09:47","modified_gmt":"2025-02-14T17:09:47","slug":"pcsc-confronta-maior-sequestrador-e-assaltante-que-estava-atuando-em-santa-catarina","status":"publish","type":"post","link":"https:\/\/pc.sc.gov.br\/?p=26619","title":{"rendered":"PCSC confronta maior sequestrador e assaltante que estava atuando em Santa Catarina"},"content":{"rendered":"\t\t<div data-elementor-type=\"wp-post\" data-elementor-id=\"26619\" class=\"elementor elementor-26619\" data-elementor-post-type=\"post\">\n\t\t\t\t\t\t<section class=\"elementor-section elementor-top-section elementor-element elementor-element-610e545 elementor-section-boxed elementor-section-height-default elementor-section-height-default\" data-id=\"610e545\" data-element_type=\"section\">\n\t\t\t\t\t\t<div class=\"elementor-container elementor-column-gap-default\">\n\t\t\t\t\t<div class=\"elementor-column elementor-col-100 elementor-top-column elementor-element elementor-element-7df0a09\" data-id=\"7df0a09\" data-element_type=\"column\">\n\t\t\t<div class=\"elementor-widget-wrap elementor-element-populated\">\n\t\t\t\t\t\t<div class=\"elementor-element elementor-element-4daf363 elementor-widget elementor-widget-heading\" data-id=\"4daf363\" data-element_type=\"widget\" data-widget_type=\"heading.default\">\n\t\t\t\t<div class=\"elementor-widget-container\">\n\t\t\t\t\t<h2 class=\"elementor-heading-title elementor-size-default\">PCSC confronta maior sequestrador e assaltante que estava atuando em Santa Catarina<\/h2>\t\t\t\t<\/div>\n\t\t\t\t<\/div>\n\t\t\t\t\t<\/div>\n\t\t<\/div>\n\t\t\t\t\t<\/div>\n\t\t<\/section>\n\t\t\t\t<section class=\"elementor-section elementor-top-section elementor-element elementor-element-67589df elementor-section-boxed elementor-section-height-default elementor-section-height-default\" data-id=\"67589df\" data-element_type=\"section\">\n\t\t\t\t\t\t<div class=\"elementor-container elementor-column-gap-default\">\n\t\t\t\t\t<div class=\"elementor-column elementor-col-100 elementor-top-column elementor-element elementor-element-a796d62\" data-id=\"a796d62\" data-element_type=\"column\">\n\t\t\t<div class=\"elementor-widget-wrap elementor-element-populated\">\n\t\t\t\t\t\t<div class=\"elementor-element elementor-element-9ea07d4 elementor-widget elementor-widget-image\" data-id=\"9ea07d4\" data-element_type=\"widget\" data-widget_type=\"image.default\">\n\t\t\t\t<div class=\"elementor-widget-container\">\n\t\t\t\t\t\t\t\t\t\t\t\t\t\t\t<img fetchpriority=\"high\" decoding=\"async\" width=\"696\" height=\"567\" src=\"https:\/\/pc.sc.gov.br\/\/wp-content\/uploads\/2025\/02\/fe44a72e-3955-482e-8aec-854f871e7108-fotor-2025021414428.jpg\" class=\"attachment-large size-large wp-image-26620\" alt=\"\" srcset=\"https:\/\/pc.sc.gov.br\/\/wp-content\/uploads\/2025\/02\/fe44a72e-3955-482e-8aec-854f871e7108-fotor-2025021414428.jpg 960w, https:\/\/pc.sc.gov.br\/\/wp-content\/uploads\/2025\/02\/fe44a72e-3955-482e-8aec-854f871e7108-fotor-2025021414428-300x244.jpg 300w, https:\/\/pc.sc.gov.br\/\/wp-content\/uploads\/2025\/02\/fe44a72e-3955-482e-8aec-854f871e7108-fotor-2025021414428-768x626.jpg 768w\" sizes=\"(max-width: 696px) 100vw, 696px\" \/>\t\t\t\t\t\t\t\t\t\t\t\t\t\t\t<\/div>\n\t\t\t\t<\/div>\n\t\t\t\t\t<\/div>\n\t\t<\/div>\n\t\t\t\t\t<\/div>\n\t\t<\/section>\n\t\t\t\t<section class=\"elementor-section elementor-top-section elementor-element elementor-element-226eff7 elementor-section-boxed elementor-section-height-default elementor-section-height-default\" data-id=\"226eff7\" data-element_type=\"section\">\n\t\t\t\t\t\t<div class=\"elementor-container elementor-column-gap-default\">\n\t\t\t\t\t<div class=\"elementor-column elementor-col-100 elementor-top-column elementor-element elementor-element-179c52e\" data-id=\"179c52e\" data-element_type=\"column\">\n\t\t\t<div class=\"elementor-widget-wrap elementor-element-populated\">\n\t\t\t\t\t\t<div class=\"elementor-element elementor-element-bcaec8d elementor-widget elementor-widget-text-editor\" data-id=\"bcaec8d\" data-element_type=\"widget\" data-widget_type=\"text-editor.default\">\n\t\t\t\t<div class=\"elementor-widget-container\">\n\t\t\t\t\t\t\t\t\t<p>A Pol\u00edcia Civil de Santa Catarina, por meio da Delegacia de Repress\u00e3o a Roubos e Antissequestro (DRAS\/DEIC) localizou na manh\u00e3 desta sexta-feira (14) o homem que era considerado o maior assaltante e sequestrador que estava atuando em Santa Catarina.<\/p>\n<p>Natural de Ituporanga, o criminoso foi localizado, em um s\u00edtio, na zona rural de Rio do Sul. De acordo com o delegado Anselmo Cruz, titular da DRAS\/DEIC, no momento da abordagem o investigado reagiu usando uma pistola e foi alvejado pela equipe, vindo a \u00f3bito. O homem que estava foragido tinha uma pena de 60 anos a cumprir, por condena\u00e7\u00f5es de v\u00e1rias cidades do Estado, em raz\u00e3o de v\u00e1rios assaltos a bancos.<\/p>\n<p>Ele era considerado o maior assaltante e sequestrador que estava atuando em Santa Catarina, sendo respons\u00e1vel pelos seguintes crimes: Sequestro Santo Cecilia (06\/02\/2023); Roubo armas Blumenau (30\/05\/2024); Roubo armas Itai\u00f3polis (17\/07\/2024) e sequestro Santa Terezinha (04\/11\/2024).<\/p><p><b>V\u00eddeo: Delegado Anselmo Cruz, titular da DRAS\/DEIC<\/b><\/p>\t\t\t\t\t\t\t\t<\/div>\n\t\t\t\t<\/div>\n\t\t\t\t\t<\/div>\n\t\t<\/div>\n\t\t\t\t\t<\/div>\n\t\t<\/section>\n\t\t\t\t<section class=\"elementor-section elementor-top-section elementor-element elementor-element-802f1fe elementor-section-boxed elementor-section-height-default elementor-section-height-default\" data-id=\"802f1fe\" data-element_type=\"section\">\n\t\t\t\t\t\t<div class=\"elementor-container elementor-column-gap-default\">\n\t\t\t\t\t<div class=\"elementor-column elementor-col-100 elementor-top-column elementor-element elementor-element-1ef2a09\" data-id=\"1ef2a09\" data-element_type=\"column\">\n\t\t\t<div class=\"elementor-widget-wrap elementor-element-populated\">\n\t\t\t\t\t\t<div class=\"elementor-element elementor-element-966359c elementor-widget__width-initial elementor-widget elementor-widget-video\" data-id=\"966359c\" data-element_type=\"widget\" data-settings=\"{&quot;video_type&quot;:&quot;hosted&quot;,&quot;controls&quot;:&quot;yes&quot;}\" data-widget_type=\"video.default\">\n\t\t\t\t<div class=\"elementor-widget-container\">\n\t\t\t\t\t\t\t<div class=\"e-hosted-video elementor-wrapper elementor-open-inline\">\n\t\t\t\t\t<video class=\"elementor-video\" src=\"https:\/\/pc.sc.gov.br\/wp-content\/uploads\/2025\/02\/delegado-anselmo-morte-sequestrador.mp4\" controls=\"\" preload=\"metadata\"><\/video>\n\t\t\t\t<\/div>\n\t\t\t\t\t\t<\/div>\n\t\t\t\t<\/div>\n\t\t\t\t\t<\/div>\n\t\t<\/div>\n\t\t\t\t\t<\/div>\n\t\t<\/section>\n\t\t\t\t<\/div>\n\t\t","protected":false},"excerpt":{"rendered":"<p>PCSC confronta maior sequestrador e assaltante que estava atuando em Santa Catarina A Pol\u00edcia Civil de Santa Catarina, por meio da Delegacia de Repress\u00e3o a Roubos e Antissequestro (DRAS\/DEIC) localizou na manh\u00e3 desta sexta-feira (14) o homem que era considerado o maior assaltante e sequestrador que estava atuando em Santa Catarina. Natural de Ituporanga, o [&hellip;]<\/p>\n","protected":false},"author":5,"featured_media":26620,"comment_status":"closed","ping_status":"open","sticky":false,"template":"","format":"standard","meta":{"_monsterinsights_skip_tracking":false,"_monsterinsights_sitenote_active":false,"_monsterinsights_sitenote_note":"","_monsterinsights_sitenote_category":0,"footnotes":""},"categories":[1],"tags":[],"class_list":["post-26619","post","type-post","status-publish","format-standard","has-post-thumbnail","hentry","category-sem-categoria"],"_links":{"self":[{"href":"https:\/\/pc.sc.gov.br\/index.php?rest_route=\/wp\/v2\/posts\/26619","targetHints":{"allow":["GET"]}}],"collection":[{"href":"https:\/\/pc.sc.gov.br\/index.php?rest_route=\/wp\/v2\/posts"}],"about":[{"href":"https:\/\/pc.sc.gov.br\/index.php?rest_route=\/wp\/v2\/types\/post"}],"author":[{"embeddable":true,"href":"https:\/\/pc.sc.gov.br\/index.php?rest_route=\/wp\/v2\/users\/5"}],"replies":[{"embeddable":true,"href":"https:\/\/pc.sc.gov.br\/index.php?rest_route=%2Fwp%2Fv2%2Fcomments&post=26619"}],"version-history":[{"count":3,"href":"https:\/\/pc.sc.gov.br\/index.php?rest_route=\/wp\/v2\/posts\/26619\/revisions"}],"predecessor-version":[{"id":26624,"href":"https:\/\/pc.sc.gov.br\/index.php?rest_route=\/wp\/v2\/posts\/26619\/revisions\/26624"}],"wp:featuredmedia":[{"embeddable":true,"href":"https:\/\/pc.sc.gov.br\/index.php?rest_route=\/wp\/v2\/media\/26620"}],"wp:attachment":[{"href":"https:\/\/pc.sc.gov.br\/index.php?rest_route=%2Fwp%2Fv2%2Fmedia&parent=26619"}],"wp:term":[{"taxonomy":"category","embeddable":true,"href":"https:\/\/pc.sc.gov.br\/index.php?rest_route=%2Fwp%2Fv2%2Fcategories&post=26619"},{"taxonomy":"post_tag","embeddable":true,"href":"https:\/\/pc.sc.gov.br\/index.php?rest_route=%2Fwp%2Fv2%2Ftags&post=26619"}],"curies":[{"name":"wp","href":"https:\/\/api.w.org\/{rel}","templated":true}]}}