{"id":26646,"date":"2025-02-14T16:34:01","date_gmt":"2025-02-14T19:34:01","guid":{"rendered":"https:\/\/pc.sc.gov.br\/?p=26646"},"modified":"2025-02-14T16:38:31","modified_gmt":"2025-02-14T19:38:31","slug":"em-tijucas-pcsc-cumpre-mandado-de-busca-e-apreensao-e-prende-em-flagrante-investigado-por-trafico-de-drogas","status":"publish","type":"post","link":"https:\/\/pc.sc.gov.br\/?p=26646","title":{"rendered":"Em Tijucas, PCSC cumpre mandado de busca e apreens\u00e3o e prende em flagrante investigado por tr\u00e1fico de drogas"},"content":{"rendered":"\t\t<div data-elementor-type=\"wp-post\" data-elementor-id=\"26646\" class=\"elementor elementor-26646\" data-elementor-post-type=\"post\">\n\t\t\t\t\t\t<section class=\"elementor-section elementor-top-section elementor-element elementor-element-414e8ac elementor-section-boxed elementor-section-height-default elementor-section-height-default\" data-id=\"414e8ac\" data-element_type=\"section\">\n\t\t\t\t\t\t<div class=\"elementor-container elementor-column-gap-default\">\n\t\t\t\t\t<div class=\"elementor-column elementor-col-100 elementor-top-column elementor-element elementor-element-ab6a799\" data-id=\"ab6a799\" data-element_type=\"column\">\n\t\t\t<div class=\"elementor-widget-wrap elementor-element-populated\">\n\t\t\t\t\t\t<div class=\"elementor-element elementor-element-170671b elementor-widget elementor-widget-heading\" data-id=\"170671b\" data-element_type=\"widget\" data-widget_type=\"heading.default\">\n\t\t\t\t<div class=\"elementor-widget-container\">\n\t\t\t\t\t<h2 class=\"elementor-heading-title elementor-size-default\">Em Tijucas, PCSC cumpre mandado de busca e apreens\u00e3o e prende em flagrante investigado por tr\u00e1fico de drogas<\/h2>\t\t\t\t<\/div>\n\t\t\t\t<\/div>\n\t\t\t\t\t<\/div>\n\t\t<\/div>\n\t\t\t\t\t<\/div>\n\t\t<\/section>\n\t\t\t\t<section class=\"elementor-section elementor-top-section elementor-element elementor-element-29337ae elementor-section-boxed elementor-section-height-default elementor-section-height-default\" data-id=\"29337ae\" data-element_type=\"section\">\n\t\t\t\t\t\t<div class=\"elementor-container elementor-column-gap-default\">\n\t\t\t\t\t<div class=\"elementor-column elementor-col-100 elementor-top-column elementor-element elementor-element-d2be836\" data-id=\"d2be836\" data-element_type=\"column\">\n\t\t\t<div class=\"elementor-widget-wrap elementor-element-populated\">\n\t\t\t\t\t\t<div class=\"elementor-element elementor-element-74e5e33 elementor-widget elementor-widget-image\" data-id=\"74e5e33\" data-element_type=\"widget\" data-widget_type=\"image.default\">\n\t\t\t\t<div class=\"elementor-widget-container\">\n\t\t\t\t\t\t\t\t\t\t\t\t\t\t\t<img fetchpriority=\"high\" decoding=\"async\" width=\"696\" height=\"687\" src=\"https:\/\/pc.sc.gov.br\/\/wp-content\/uploads\/2025\/02\/Imagem-do-WhatsApp-de-2025-02-13-as-11.22.02_80fb7f0d-768x758.jpg\" class=\"attachment-medium_large size-medium_large wp-image-26628\" alt=\"\" srcset=\"https:\/\/pc.sc.gov.br\/\/wp-content\/uploads\/2025\/02\/Imagem-do-WhatsApp-de-2025-02-13-as-11.22.02_80fb7f0d-768x758.jpg 768w, https:\/\/pc.sc.gov.br\/\/wp-content\/uploads\/2025\/02\/Imagem-do-WhatsApp-de-2025-02-13-as-11.22.02_80fb7f0d-300x296.jpg 300w, https:\/\/pc.sc.gov.br\/\/wp-content\/uploads\/2025\/02\/Imagem-do-WhatsApp-de-2025-02-13-as-11.22.02_80fb7f0d-1024x1010.jpg 1024w, https:\/\/pc.sc.gov.br\/\/wp-content\/uploads\/2025\/02\/Imagem-do-WhatsApp-de-2025-02-13-as-11.22.02_80fb7f0d.jpg 1259w\" sizes=\"(max-width: 696px) 100vw, 696px\" \/>\t\t\t\t\t\t\t\t\t\t\t\t\t\t\t<\/div>\n\t\t\t\t<\/div>\n\t\t\t\t\t<\/div>\n\t\t<\/div>\n\t\t\t\t\t<\/div>\n\t\t<\/section>\n\t\t\t\t<section class=\"elementor-section elementor-top-section elementor-element elementor-element-bcd40e6 elementor-section-boxed elementor-section-height-default elementor-section-height-default\" data-id=\"bcd40e6\" data-element_type=\"section\">\n\t\t\t\t\t\t<div class=\"elementor-container elementor-column-gap-default\">\n\t\t\t\t\t<div class=\"elementor-column elementor-col-100 elementor-top-column elementor-element elementor-element-1f0e0c2\" data-id=\"1f0e0c2\" data-element_type=\"column\">\n\t\t\t<div class=\"elementor-widget-wrap elementor-element-populated\">\n\t\t\t\t\t\t<div class=\"elementor-element elementor-element-df16ba3 elementor-widget elementor-widget-text-editor\" data-id=\"df16ba3\" data-element_type=\"widget\" data-widget_type=\"text-editor.default\">\n\t\t\t\t<div class=\"elementor-widget-container\">\n\t\t\t\t\t\t\t\t\t<p><span style=\"font-family: var( --e-global-typography-text-font-family ), Sans-serif; font-size: var( --e-global-typography-text-font-size );\">A Pol\u00edcia Civil de Santa Catarina, por meio da Delegacia de Tijucas, prendeu em flagrante um homem suspeito de tr\u00e1fico interestadual de drogas nesta sexta-feira (14), durante cumprimento de mandado de busca e apreens\u00e3o, em Tijucas, na Grande Florian\u00f3polis.<\/span><\/p>\n<p>As investiga\u00e7\u00f5es sobre a remessa de drogas pelos correios foram iniciadas em novembro do ano passado e, na ocasi\u00e3o, durante cumprimento de ordens judiciais, foi descoberta uma fabriqueta de anabolizantes. Ap\u00f3s a deflagra\u00e7\u00e3o da opera\u00e7\u00e3o policial no final do ano, novas den\u00fancias apontaram outras pessoas envolvidas no esquema de tr\u00e1fico.&nbsp;<\/p>\n<p>Diante disso, a Pol\u00edcia Civil representou pela medida cautelar de busca e apreens\u00e3o, e durante a dilig\u00eancia foram encontrados apetrechos para o tr\u00e1fico, embalagens, bem como entorpecentes diversos.&nbsp;&nbsp;<\/p>\n<p>O investigado possui diversas passagens policiais, inclusive, h\u00e1 dois anos foi preso no Rio de Janeiro ao transportar dez pistolas importadas no tanque de combust\u00edvel de um ve\u00edculo.&nbsp;<\/p>\n<p>Ap\u00f3s a lavratura do auto de pris\u00e3o em flagrante o suspeito ser\u00e1 encaminhado ao sistema prisional onde permanecer\u00e1 \u00e0 disposi\u00e7\u00e3o da Justi\u00e7a.<span style=\"color: var( --e-global-color-text ); font-family: var( --e-global-typography-primary-font-family ), Sans-serif; font-size: var( --e-global-typography-primary-font-size ); font-weight: var( --e-global-typography-primary-font-weight ); letter-spacing: var( --e-global-typography-primary-letter-spacing );\">&nbsp;<\/span><\/p>\t\t\t\t\t\t\t\t<\/div>\n\t\t\t\t<\/div>\n\t\t\t\t\t<\/div>\n\t\t<\/div>\n\t\t\t\t\t<\/div>\n\t\t<\/section>\n\t\t\t\t<section class=\"elementor-section elementor-top-section elementor-element elementor-element-3d724e8 elementor-section-boxed elementor-section-height-default elementor-section-height-default\" data-id=\"3d724e8\" data-element_type=\"section\">\n\t\t\t\t\t\t<div class=\"elementor-container elementor-column-gap-default\">\n\t\t\t\t\t<div class=\"elementor-column elementor-col-100 elementor-top-column elementor-element elementor-element-91f13c1\" data-id=\"91f13c1\" data-element_type=\"column\">\n\t\t\t<div class=\"elementor-widget-wrap elementor-element-populated\">\n\t\t\t\t\t\t<div class=\"elementor-element elementor-element-bf38a54 elementor-widget elementor-widget-gallery\" data-id=\"bf38a54\" data-element_type=\"widget\" data-settings=\"{&quot;lazyload&quot;:&quot;yes&quot;,&quot;gallery_layout&quot;:&quot;grid&quot;,&quot;columns&quot;:4,&quot;columns_tablet&quot;:2,&quot;columns_mobile&quot;:1,&quot;gap&quot;:{&quot;unit&quot;:&quot;px&quot;,&quot;size&quot;:10,&quot;sizes&quot;:[]},&quot;gap_tablet&quot;:{&quot;unit&quot;:&quot;px&quot;,&quot;size&quot;:10,&quot;sizes&quot;:[]},&quot;gap_mobile&quot;:{&quot;unit&quot;:&quot;px&quot;,&quot;size&quot;:10,&quot;sizes&quot;:[]},&quot;link_to&quot;:&quot;file&quot;,&quot;aspect_ratio&quot;:&quot;3:2&quot;,&quot;overlay_background&quot;:&quot;yes&quot;,&quot;content_hover_animation&quot;:&quot;fade-in&quot;}\" data-widget_type=\"gallery.default\">\n\t\t\t\t<div class=\"elementor-widget-container\">\n\t\t\t\t\t\t\t<div class=\"elementor-gallery__container\">\n\t\t\t\t\t\t\t<a class=\"e-gallery-item elementor-gallery-item elementor-animated-content\" href=\"https:\/\/pc.sc.gov.br\/\/wp-content\/uploads\/2025\/02\/Imagem-do-WhatsApp-de-2025-02-14-as-16.07.42_b489b48e.jpg\" data-elementor-open-lightbox=\"yes\" data-elementor-lightbox-slideshow=\"bf38a54\" data-elementor-lightbox-title=\"Imagem do WhatsApp de 2025-02-14 \u00e0(s) 16.07.42_b489b48e\" data-e-action-hash=\"#elementor-action%3Aaction%3Dlightbox%26settings%3DeyJpZCI6MjY2MzMsInVybCI6Imh0dHBzOlwvXC9wYy5zYy5nb3YuYnJcL1wvd3AtY29udGVudFwvdXBsb2Fkc1wvMjAyNVwvMDJcL0ltYWdlbS1kby1XaGF0c0FwcC1kZS0yMDI1LTAyLTE0LWFzLTE2LjA3LjQyX2I0ODliNDhlLmpwZyIsInNsaWRlc2hvdyI6ImJmMzhhNTQifQ%3D%3D\">\n\t\t\t\t\t<div class=\"e-gallery-image elementor-gallery-item__image\" data-thumbnail=\"https:\/\/pc.sc.gov.br\/\/wp-content\/uploads\/2025\/02\/Imagem-do-WhatsApp-de-2025-02-14-as-16.07.42_b489b48e-225x300.jpg\" data-width=\"225\" data-height=\"300\" aria-label=\"\" role=\"img\" ><\/div>\n\t\t\t\t\t\t\t\t\t\t\t<div class=\"elementor-gallery-item__overlay\"><\/div>\n\t\t\t\t\t\t\t\t\t\t\t\t\t\t<\/a>\n\t\t\t\t\t\t\t<a class=\"e-gallery-item elementor-gallery-item elementor-animated-content\" href=\"https:\/\/pc.sc.gov.br\/\/wp-content\/uploads\/2025\/02\/Imagem-do-WhatsApp-de-2025-02-14-as-16.07.42_1005b867-fotor-20250214162014.jpg\" data-elementor-open-lightbox=\"yes\" data-elementor-lightbox-slideshow=\"bf38a54\" data-elementor-lightbox-title=\"Imagem do WhatsApp de 2025-02-14 \u00e0(s) 16.07.42_1005b867-fotor-20250214162014\" data-e-action-hash=\"#elementor-action%3Aaction%3Dlightbox%26settings%3DeyJpZCI6MjY2MjksInVybCI6Imh0dHBzOlwvXC9wYy5zYy5nb3YuYnJcL1wvd3AtY29udGVudFwvdXBsb2Fkc1wvMjAyNVwvMDJcL0ltYWdlbS1kby1XaGF0c0FwcC1kZS0yMDI1LTAyLTE0LWFzLTE2LjA3LjQyXzEwMDViODY3LWZvdG9yLTIwMjUwMjE0MTYyMDE0LmpwZyIsInNsaWRlc2hvdyI6ImJmMzhhNTQifQ%3D%3D\">\n\t\t\t\t\t<div class=\"e-gallery-image elementor-gallery-item__image\" data-thumbnail=\"https:\/\/pc.sc.gov.br\/\/wp-content\/uploads\/2025\/02\/Imagem-do-WhatsApp-de-2025-02-14-as-16.07.42_1005b867-fotor-20250214162014-300x239.jpg\" data-width=\"300\" data-height=\"239\" aria-label=\"\" role=\"img\" ><\/div>\n\t\t\t\t\t\t\t\t\t\t\t<div class=\"elementor-gallery-item__overlay\"><\/div>\n\t\t\t\t\t\t\t\t\t\t\t\t\t\t<\/a>\n\t\t\t\t\t\t\t<a class=\"e-gallery-item elementor-gallery-item elementor-animated-content\" href=\"https:\/\/pc.sc.gov.br\/\/wp-content\/uploads\/2025\/02\/Imagem-do-WhatsApp-de-2025-02-13-as-11.22.02_80fb7f0d.jpg\" data-elementor-open-lightbox=\"yes\" data-elementor-lightbox-slideshow=\"bf38a54\" data-elementor-lightbox-title=\"Imagem do WhatsApp de 2025-02-13 \u00e0(s) 11.22.02_80fb7f0d\" data-e-action-hash=\"#elementor-action%3Aaction%3Dlightbox%26settings%3DeyJpZCI6MjY2MjgsInVybCI6Imh0dHBzOlwvXC9wYy5zYy5nb3YuYnJcL1wvd3AtY29udGVudFwvdXBsb2Fkc1wvMjAyNVwvMDJcL0ltYWdlbS1kby1XaGF0c0FwcC1kZS0yMDI1LTAyLTEzLWFzLTExLjIyLjAyXzgwZmI3ZjBkLmpwZyIsInNsaWRlc2hvdyI6ImJmMzhhNTQifQ%3D%3D\">\n\t\t\t\t\t<div class=\"e-gallery-image elementor-gallery-item__image\" data-thumbnail=\"https:\/\/pc.sc.gov.br\/\/wp-content\/uploads\/2025\/02\/Imagem-do-WhatsApp-de-2025-02-13-as-11.22.02_80fb7f0d-300x296.jpg\" data-width=\"300\" data-height=\"296\" aria-label=\"\" role=\"img\" ><\/div>\n\t\t\t\t\t\t\t\t\t\t\t<div class=\"elementor-gallery-item__overlay\"><\/div>\n\t\t\t\t\t\t\t\t\t\t\t\t\t\t<\/a>\n\t\t\t\t\t<\/div>\n\t\t\t\t\t<\/div>\n\t\t\t\t<\/div>\n\t\t\t\t\t<\/div>\n\t\t<\/div>\n\t\t\t\t\t<\/div>\n\t\t<\/section>\n\t\t\t\t<\/div>\n\t\t","protected":false},"excerpt":{"rendered":"<p>Em Tijucas, PCSC cumpre mandado de busca e apreens\u00e3o e prende em flagrante investigado por tr\u00e1fico de drogas A Pol\u00edcia Civil de Santa Catarina, por meio da Delegacia de Tijucas, prendeu em flagrante um homem suspeito de tr\u00e1fico interestadual de drogas nesta sexta-feira (14), durante cumprimento de mandado de busca e apreens\u00e3o, em Tijucas, na [&hellip;]<\/p>\n","protected":false},"author":5,"featured_media":26650,"comment_status":"closed","ping_status":"open","sticky":false,"template":"","format":"standard","meta":{"_monsterinsights_skip_tracking":false,"_monsterinsights_sitenote_active":false,"_monsterinsights_sitenote_note":"","_monsterinsights_sitenote_category":0,"footnotes":""},"categories":[1],"tags":[],"class_list":["post-26646","post","type-post","status-publish","format-standard","has-post-thumbnail","hentry","category-sem-categoria"],"_links":{"self":[{"href":"https:\/\/pc.sc.gov.br\/index.php?rest_route=\/wp\/v2\/posts\/26646","targetHints":{"allow":["GET"]}}],"collection":[{"href":"https:\/\/pc.sc.gov.br\/index.php?rest_route=\/wp\/v2\/posts"}],"about":[{"href":"https:\/\/pc.sc.gov.br\/index.php?rest_route=\/wp\/v2\/types\/post"}],"author":[{"embeddable":true,"href":"https:\/\/pc.sc.gov.br\/index.php?rest_route=\/wp\/v2\/users\/5"}],"replies":[{"embeddable":true,"href":"https:\/\/pc.sc.gov.br\/index.php?rest_route=%2Fwp%2Fv2%2Fcomments&post=26646"}],"version-history":[{"count":3,"href":"https:\/\/pc.sc.gov.br\/index.php?rest_route=\/wp\/v2\/posts\/26646\/revisions"}],"predecessor-version":[{"id":26649,"href":"https:\/\/pc.sc.gov.br\/index.php?rest_route=\/wp\/v2\/posts\/26646\/revisions\/26649"}],"wp:featuredmedia":[{"embeddable":true,"href":"https:\/\/pc.sc.gov.br\/index.php?rest_route=\/wp\/v2\/media\/26650"}],"wp:attachment":[{"href":"https:\/\/pc.sc.gov.br\/index.php?rest_route=%2Fwp%2Fv2%2Fmedia&parent=26646"}],"wp:term":[{"taxonomy":"category","embeddable":true,"href":"https:\/\/pc.sc.gov.br\/index.php?rest_route=%2Fwp%2Fv2%2Fcategories&post=26646"},{"taxonomy":"post_tag","embeddable":true,"href":"https:\/\/pc.sc.gov.br\/index.php?rest_route=%2Fwp%2Fv2%2Ftags&post=26646"}],"curies":[{"name":"wp","href":"https:\/\/api.w.org\/{rel}","templated":true}]}}