{"id":26651,"date":"2025-02-14T16:51:22","date_gmt":"2025-02-14T19:51:22","guid":{"rendered":"https:\/\/pc.sc.gov.br\/?p=26651"},"modified":"2025-02-14T16:52:43","modified_gmt":"2025-02-14T19:52:43","slug":"pcsc-conclui-inqueritos-policiais-e-indicia-autor-de-cinco-furtos-praticados-em-balneario-arroio-do-silva-e-ararangua","status":"publish","type":"post","link":"https:\/\/pc.sc.gov.br\/?p=26651","title":{"rendered":"PCSC conclui inqu\u00e9ritos policiais e indicia autor de cinco furtos praticados em Balne\u00e1rio Arroio do Silva e Ararangu\u00e1"},"content":{"rendered":"\t\t<div data-elementor-type=\"wp-post\" data-elementor-id=\"26651\" class=\"elementor elementor-26651\" data-elementor-post-type=\"post\">\n\t\t\t\t\t\t<section class=\"elementor-section elementor-top-section elementor-element elementor-element-91f1c50 elementor-section-boxed elementor-section-height-default elementor-section-height-default\" data-id=\"91f1c50\" data-element_type=\"section\">\n\t\t\t\t\t\t<div class=\"elementor-container elementor-column-gap-default\">\n\t\t\t\t\t<div class=\"elementor-column elementor-col-100 elementor-top-column elementor-element elementor-element-2689ece\" data-id=\"2689ece\" data-element_type=\"column\">\n\t\t\t<div class=\"elementor-widget-wrap elementor-element-populated\">\n\t\t\t\t\t\t<div class=\"elementor-element elementor-element-9dfdf9c elementor-widget elementor-widget-heading\" data-id=\"9dfdf9c\" data-element_type=\"widget\" data-widget_type=\"heading.default\">\n\t\t\t\t<div class=\"elementor-widget-container\">\n\t\t\t\t\t<h2 class=\"elementor-heading-title elementor-size-default\">PCSC conclui inqu\u00e9ritos policiais e indicia autor de cinco furtos praticados em Balne\u00e1rio Arroio do Silva e Ararangu\u00e1<\/h2>\t\t\t\t<\/div>\n\t\t\t\t<\/div>\n\t\t\t\t\t<\/div>\n\t\t<\/div>\n\t\t\t\t\t<\/div>\n\t\t<\/section>\n\t\t\t\t<section class=\"elementor-section elementor-top-section elementor-element elementor-element-37a754f elementor-section-boxed elementor-section-height-default elementor-section-height-default\" data-id=\"37a754f\" data-element_type=\"section\">\n\t\t\t\t\t\t<div class=\"elementor-container elementor-column-gap-default\">\n\t\t\t\t\t<div class=\"elementor-column elementor-col-100 elementor-top-column elementor-element elementor-element-4513ff4\" data-id=\"4513ff4\" data-element_type=\"column\">\n\t\t\t<div class=\"elementor-widget-wrap elementor-element-populated\">\n\t\t\t\t\t\t<div class=\"elementor-element elementor-element-a0be751 elementor-widget elementor-widget-image\" data-id=\"a0be751\" data-element_type=\"widget\" data-widget_type=\"image.default\">\n\t\t\t\t<div class=\"elementor-widget-container\">\n\t\t\t\t\t\t\t\t\t\t\t\t\t\t\t<img fetchpriority=\"high\" decoding=\"async\" width=\"696\" height=\"576\" src=\"https:\/\/pc.sc.gov.br\/\/wp-content\/uploads\/2025\/02\/WhatsApp-Image-2024-08-08-at-16.56.13-fotor-20241122142530-768x636.jpg\" class=\"attachment-medium_large size-medium_large wp-image-26555\" alt=\"\" srcset=\"https:\/\/pc.sc.gov.br\/\/wp-content\/uploads\/2025\/02\/WhatsApp-Image-2024-08-08-at-16.56.13-fotor-20241122142530-768x636.jpg 768w, https:\/\/pc.sc.gov.br\/\/wp-content\/uploads\/2025\/02\/WhatsApp-Image-2024-08-08-at-16.56.13-fotor-20241122142530-300x249.jpg 300w, https:\/\/pc.sc.gov.br\/\/wp-content\/uploads\/2025\/02\/WhatsApp-Image-2024-08-08-at-16.56.13-fotor-20241122142530-1024x848.jpg 1024w, https:\/\/pc.sc.gov.br\/\/wp-content\/uploads\/2025\/02\/WhatsApp-Image-2024-08-08-at-16.56.13-fotor-20241122142530.jpg 1196w\" sizes=\"(max-width: 696px) 100vw, 696px\" \/>\t\t\t\t\t\t\t\t\t\t\t\t\t\t\t<\/div>\n\t\t\t\t<\/div>\n\t\t\t\t\t<\/div>\n\t\t<\/div>\n\t\t\t\t\t<\/div>\n\t\t<\/section>\n\t\t\t\t<section class=\"elementor-section elementor-top-section elementor-element elementor-element-356c8ff elementor-section-boxed elementor-section-height-default elementor-section-height-default\" data-id=\"356c8ff\" data-element_type=\"section\">\n\t\t\t\t\t\t<div class=\"elementor-container elementor-column-gap-default\">\n\t\t\t\t\t<div class=\"elementor-column elementor-col-100 elementor-top-column elementor-element elementor-element-09f8276\" data-id=\"09f8276\" data-element_type=\"column\">\n\t\t\t<div class=\"elementor-widget-wrap elementor-element-populated\">\n\t\t\t\t\t\t<div class=\"elementor-element elementor-element-cb12a7b elementor-widget elementor-widget-text-editor\" data-id=\"cb12a7b\" data-element_type=\"widget\" data-widget_type=\"text-editor.default\">\n\t\t\t\t<div class=\"elementor-widget-container\">\n\t\t\t\t\t\t\t\t\t<p>A Pol\u00edcia Civil de Santa Catarina, por interm\u00e9dio da Delegacia de Pol\u00edcia de Balne\u00e1rio Arroio do Silva, encaminhou na quinta-feira (13) ao Poder Judici\u00e1rio devidamente conclu\u00eddo 04 (quatro) inqu\u00e9ritos policiais instaurados no m\u00eas de janeiro do corrente para apura\u00e7\u00e3o de um total de 05(cinco) furtos praticados pelo mesmo investigado, sendo 04 deles em Balne\u00e1rio Arroio do Silva e um deles em Ararangu\u00e1.<\/p>\n<p><b>Entenda o caso:<\/b><\/p>\n<p>No m\u00eas de janeiro do corrente ano, foram registrados ao menos 04(quatro) furtos na Delegacia de Pol\u00edcia de Balne\u00e1rio Arroio do Silva. Durante as investiga\u00e7\u00f5es, ap\u00f3s an\u00e1lise de imagens de c\u00e2meras de seguran\u00e7a e outras dilig\u00eancias investigativas, logrou-se \u00eaxito na identifica\u00e7\u00e3o do autor, o qual j\u00e1 era conhecido no meio policial pela pr\u00e1tica de crimes contra o patrim\u00f4nio e, inclusive, permaneceu preso por um longo per\u00edodo, tendo recebido liberdade recentemente.&nbsp;<\/p>\n<p>Entre os crimes praticados, chamou a aten\u00e7\u00e3o que o mesmo autor arrombou e subtraiu o mesmo estabelecimento comercial por duas vezes, em curto espa\u00e7o de tempo. Al\u00e9m disso, os policiais tamb\u00e9m tomaram conhecimento que o autor arrombou e subtraiu outro estabelecimento no munic\u00edpio de Ararangu\u00e1, sendo igualmente comprovada a autoria.<\/p>\n<p>Al\u00e9m de furtos contra estabelecimentos comerciais, os policiais ainda lograram \u00eaxito em comprovar que o mesmo investigado foi tamb\u00e9m autor de um furto em ve\u00edculo, ocasi\u00e3o em que foi subtra\u00edda uma vultosa quantia em esp\u00e9cie, sendo que, logo ap\u00f3s tal furto, o investigado se evadiu do munic\u00edpio de Balne\u00e1rio Arroio do Silva.<\/p>\n<p>Diante dos elementos angariados, a Autoridade Policial representou pela decreta\u00e7\u00e3o da pris\u00e3o preventiva do investigado, o que foi deferido pelo Poder Judici\u00e1rio ap\u00f3s manifesta\u00e7\u00e3o favor\u00e1vel do Minist\u00e9rio P\u00fablico, sendo que o investigado acabou sendo localizado e preso pela pol\u00edcia militar em Florian\u00f3polis.<\/p>\n<p>Durante a instru\u00e7\u00e3o dos inqu\u00e9ritos, a Pol\u00edcia Civil ainda logrou \u00eaxito na recupera\u00e7\u00e3o de um celular subtra\u00eddo de um estabelecimento comercial de Ararangu\u00e1, sendo que o aparelho j\u00e1 se encontrava na posse de um receptador e, ap\u00f3s a recupera\u00e7\u00e3o, foi devolvido \u00e0 v\u00edtima.<\/p>\n<p>Ao final, o investigado acabou indiciado nos inqu\u00e9ritos pela pr\u00e1tica de 05(cinco) crimes de furto, sendo 04(quatro) deles qualificados e atualmente se encontra recolhido no pres\u00eddio.<span style=\"color: var( --e-global-color-text ); font-family: var( --e-global-typography-primary-font-family ), Sans-serif; font-size: var( --e-global-typography-primary-font-size ); font-weight: var( --e-global-typography-primary-font-weight ); letter-spacing: var( --e-global-typography-primary-letter-spacing );\">&nbsp;<\/span><\/p>\t\t\t\t\t\t\t\t<\/div>\n\t\t\t\t<\/div>\n\t\t\t\t\t<\/div>\n\t\t<\/div>\n\t\t\t\t\t<\/div>\n\t\t<\/section>\n\t\t\t\t<\/div>\n\t\t","protected":false},"excerpt":{"rendered":"<p>PCSC conclui inqu\u00e9ritos policiais e indicia autor de cinco furtos praticados em Balne\u00e1rio Arroio do Silva e Ararangu\u00e1 A Pol\u00edcia Civil de Santa Catarina, por interm\u00e9dio da Delegacia de Pol\u00edcia de Balne\u00e1rio Arroio do Silva, encaminhou na quinta-feira (13) ao Poder Judici\u00e1rio devidamente conclu\u00eddo 04 (quatro) inqu\u00e9ritos policiais instaurados no m\u00eas de janeiro do corrente [&hellip;]<\/p>\n","protected":false},"author":5,"featured_media":26591,"comment_status":"closed","ping_status":"open","sticky":false,"template":"","format":"standard","meta":{"_monsterinsights_skip_tracking":false,"_monsterinsights_sitenote_active":false,"_monsterinsights_sitenote_note":"","_monsterinsights_sitenote_category":0,"footnotes":""},"categories":[1],"tags":[],"class_list":["post-26651","post","type-post","status-publish","format-standard","has-post-thumbnail","hentry","category-sem-categoria"],"_links":{"self":[{"href":"https:\/\/pc.sc.gov.br\/index.php?rest_route=\/wp\/v2\/posts\/26651","targetHints":{"allow":["GET"]}}],"collection":[{"href":"https:\/\/pc.sc.gov.br\/index.php?rest_route=\/wp\/v2\/posts"}],"about":[{"href":"https:\/\/pc.sc.gov.br\/index.php?rest_route=\/wp\/v2\/types\/post"}],"author":[{"embeddable":true,"href":"https:\/\/pc.sc.gov.br\/index.php?rest_route=\/wp\/v2\/users\/5"}],"replies":[{"embeddable":true,"href":"https:\/\/pc.sc.gov.br\/index.php?rest_route=%2Fwp%2Fv2%2Fcomments&post=26651"}],"version-history":[{"count":4,"href":"https:\/\/pc.sc.gov.br\/index.php?rest_route=\/wp\/v2\/posts\/26651\/revisions"}],"predecessor-version":[{"id":26655,"href":"https:\/\/pc.sc.gov.br\/index.php?rest_route=\/wp\/v2\/posts\/26651\/revisions\/26655"}],"wp:featuredmedia":[{"embeddable":true,"href":"https:\/\/pc.sc.gov.br\/index.php?rest_route=\/wp\/v2\/media\/26591"}],"wp:attachment":[{"href":"https:\/\/pc.sc.gov.br\/index.php?rest_route=%2Fwp%2Fv2%2Fmedia&parent=26651"}],"wp:term":[{"taxonomy":"category","embeddable":true,"href":"https:\/\/pc.sc.gov.br\/index.php?rest_route=%2Fwp%2Fv2%2Fcategories&post=26651"},{"taxonomy":"post_tag","embeddable":true,"href":"https:\/\/pc.sc.gov.br\/index.php?rest_route=%2Fwp%2Fv2%2Ftags&post=26651"}],"curies":[{"name":"wp","href":"https:\/\/api.w.org\/{rel}","templated":true}]}}