{"id":26656,"date":"2025-02-14T17:02:15","date_gmt":"2025-02-14T20:02:15","guid":{"rendered":"https:\/\/pc.sc.gov.br\/?p=26656"},"modified":"2025-02-14T17:03:44","modified_gmt":"2025-02-14T20:03:44","slug":"operacao-exodo-com-apoio-da-pmsc-pcsc-cumpre-7-mandados-de-busca-e-5-de-prisao-temporaria","status":"publish","type":"post","link":"https:\/\/pc.sc.gov.br\/?p=26656","title":{"rendered":"Opera\u00e7\u00e3o \u201c\u00caxodo\u201d: Com apoio da PMSC, PCSC cumpre 7 mandados de busca e 5 de pris\u00e3o tempor\u00e1ria"},"content":{"rendered":"\t\t<div data-elementor-type=\"wp-post\" data-elementor-id=\"26656\" class=\"elementor elementor-26656\" data-elementor-post-type=\"post\">\n\t\t\t\t\t\t<section class=\"elementor-section elementor-top-section elementor-element elementor-element-5a33cdd elementor-section-boxed elementor-section-height-default elementor-section-height-default\" data-id=\"5a33cdd\" data-element_type=\"section\">\n\t\t\t\t\t\t<div class=\"elementor-container elementor-column-gap-default\">\n\t\t\t\t\t<div class=\"elementor-column elementor-col-100 elementor-top-column elementor-element elementor-element-08ce8c4\" data-id=\"08ce8c4\" data-element_type=\"column\">\n\t\t\t<div class=\"elementor-widget-wrap elementor-element-populated\">\n\t\t\t\t\t\t<div class=\"elementor-element elementor-element-ad3d930 elementor-widget elementor-widget-heading\" data-id=\"ad3d930\" data-element_type=\"widget\" data-widget_type=\"heading.default\">\n\t\t\t\t<div class=\"elementor-widget-container\">\n\t\t\t\t\t<h2 class=\"elementor-heading-title elementor-size-default\">Opera\u00e7\u00e3o \u201c\u00caxodo\u201d: Com apoio da PMSC, PCSC cumpre 7 mandados de busca e 5 de pris\u00e3o tempor\u00e1ria<\/h2>\t\t\t\t<\/div>\n\t\t\t\t<\/div>\n\t\t\t\t\t<\/div>\n\t\t<\/div>\n\t\t\t\t\t<\/div>\n\t\t<\/section>\n\t\t\t\t<section class=\"elementor-section elementor-top-section elementor-element elementor-element-bc3322f elementor-section-boxed elementor-section-height-default elementor-section-height-default\" data-id=\"bc3322f\" data-element_type=\"section\">\n\t\t\t\t\t\t<div class=\"elementor-container elementor-column-gap-default\">\n\t\t\t\t\t<div class=\"elementor-column elementor-col-100 elementor-top-column elementor-element elementor-element-7deaefb\" data-id=\"7deaefb\" data-element_type=\"column\">\n\t\t\t<div class=\"elementor-widget-wrap elementor-element-populated\">\n\t\t\t\t\t\t<div class=\"elementor-element elementor-element-9efe70e elementor-widget elementor-widget-image\" data-id=\"9efe70e\" data-element_type=\"widget\" data-widget_type=\"image.default\">\n\t\t\t\t<div class=\"elementor-widget-container\">\n\t\t\t\t\t\t\t\t\t\t\t\t\t\t\t<img fetchpriority=\"high\" decoding=\"async\" width=\"696\" height=\"522\" src=\"https:\/\/pc.sc.gov.br\/\/wp-content\/uploads\/2025\/02\/WhatsApp-Image-2025-02-14-at-16.50.03-fotor-2025021417211-1024x768.jpg\" class=\"attachment-large size-large wp-image-26660\" alt=\"\" srcset=\"https:\/\/pc.sc.gov.br\/\/wp-content\/uploads\/2025\/02\/WhatsApp-Image-2025-02-14-at-16.50.03-fotor-2025021417211-1024x768.jpg 1024w, https:\/\/pc.sc.gov.br\/\/wp-content\/uploads\/2025\/02\/WhatsApp-Image-2025-02-14-at-16.50.03-fotor-2025021417211-300x225.jpg 300w, https:\/\/pc.sc.gov.br\/\/wp-content\/uploads\/2025\/02\/WhatsApp-Image-2025-02-14-at-16.50.03-fotor-2025021417211-768x576.jpg 768w, https:\/\/pc.sc.gov.br\/\/wp-content\/uploads\/2025\/02\/WhatsApp-Image-2025-02-14-at-16.50.03-fotor-2025021417211.jpg 1280w\" sizes=\"(max-width: 696px) 100vw, 696px\" \/>\t\t\t\t\t\t\t\t\t\t\t\t\t\t\t<\/div>\n\t\t\t\t<\/div>\n\t\t\t\t\t<\/div>\n\t\t<\/div>\n\t\t\t\t\t<\/div>\n\t\t<\/section>\n\t\t\t\t<section class=\"elementor-section elementor-top-section elementor-element elementor-element-3c09e99 elementor-section-boxed elementor-section-height-default elementor-section-height-default\" data-id=\"3c09e99\" data-element_type=\"section\">\n\t\t\t\t\t\t<div class=\"elementor-container elementor-column-gap-default\">\n\t\t\t\t\t<div class=\"elementor-column elementor-col-100 elementor-top-column elementor-element elementor-element-68092d5\" data-id=\"68092d5\" data-element_type=\"column\">\n\t\t\t<div class=\"elementor-widget-wrap elementor-element-populated\">\n\t\t\t\t\t\t<div class=\"elementor-element elementor-element-878cb30 elementor-widget elementor-widget-text-editor\" data-id=\"878cb30\" data-element_type=\"widget\" data-widget_type=\"text-editor.default\">\n\t\t\t\t<div class=\"elementor-widget-container\">\n\t\t\t\t\t\t\t\t\t<p>Tramita na Delegacia de Homic\u00eddios (DIC-Itaja\u00ed) uma investiga\u00e7\u00e3o sobre a morte de um jovem, que teria ocorrido no dia 04 de mar\u00e7o de 2024. Tal apura\u00e7\u00e3o iniciou ap\u00f3s o encontro de um corpo carbonizado, no alto do morro da comunidade conhecida como &#8220;Matadouro&#8221;.<\/p><p>Diante disso, as investiga\u00e7\u00f5es seguiram e foram angariados elementos que indicavam a\u00a0 execu\u00e7\u00e3o da v\u00edtima por meio da pr\u00e1tica conhecida como &#8220;micro-ondas&#8221;, que consiste em aprisionar a pessoa, ainda viva, em pneus e atear fogo.\u00a0<\/p><p>Nessa esteira, evidenciou-se que tal empreitada estaria ligada a uma determina\u00e7\u00e3o, oriunda de uma organiza\u00e7\u00e3o criminosa que atua naquela regi\u00e3o, e, ato cont\u00ednuo, executada pelos faccionados l\u00e1 presentes.<\/p><p>Nesta sexta-feira (14) foi deflagrada a opera\u00e7\u00e3o policial que buscou dar cumprimento \u00e0s ordens judiciais mencionadas, sendo poss\u00edvel cumprir quatro mandados de pris\u00e3o e realizar as buscas, com o objetivo de colher mais ind\u00edcios do delito.<\/p><p>Dentre outros bens, foram apreendidos aparelhos celulares, muni\u00e7\u00f5es de diversos calibres, duas armas de fogo, balan\u00e7a de precis\u00e3o e certa quantidade de droga.<\/p><p>A Opera\u00e7\u00e3o \u00caxodo, a exemplo de outras a\u00e7\u00f5es j\u00e1 deflagradas pelo poder p\u00fablico, busca recha\u00e7ar a inger\u00eancia de membros de organiza\u00e7\u00f5es criminosas na referida comunidade. Tal a\u00e7\u00e3o contou com o apoio da Pol\u00edcia Militar, da Delegacia de Combate \u00e0s Drogas (DECOD) e do N\u00facleo de Opera\u00e7\u00f5es com C\u00e3es.<\/p><p>Os indiv\u00edduos presos encontram-se no pres\u00eddio, onde permanecer\u00e3o \u00e0 disposi\u00e7\u00e3o da Justi\u00e7a, e a investiga\u00e7\u00e3o segue em andamento.<\/p>\t\t\t\t\t\t\t\t<\/div>\n\t\t\t\t<\/div>\n\t\t\t\t\t<\/div>\n\t\t<\/div>\n\t\t\t\t\t<\/div>\n\t\t<\/section>\n\t\t\t\t<section class=\"elementor-section elementor-top-section elementor-element elementor-element-885ea48 elementor-section-boxed elementor-section-height-default elementor-section-height-default\" data-id=\"885ea48\" data-element_type=\"section\">\n\t\t\t\t\t\t<div class=\"elementor-container elementor-column-gap-default\">\n\t\t\t\t\t<div class=\"elementor-column elementor-col-100 elementor-top-column elementor-element elementor-element-71493ef\" data-id=\"71493ef\" data-element_type=\"column\">\n\t\t\t<div class=\"elementor-widget-wrap elementor-element-populated\">\n\t\t\t\t\t\t<div class=\"elementor-element elementor-element-6d8381c elementor-widget elementor-widget-image\" data-id=\"6d8381c\" data-element_type=\"widget\" data-widget_type=\"image.default\">\n\t\t\t\t<div class=\"elementor-widget-container\">\n\t\t\t\t\t\t\t\t\t\t\t\t\t\t\t<img decoding=\"async\" width=\"696\" height=\"761\" src=\"https:\/\/pc.sc.gov.br\/\/wp-content\/uploads\/2025\/02\/aa2e4241-5b04-4597-9156-7f466fc1f472-fotor-20250214165410.jpg\" class=\"attachment-large size-large wp-image-26659\" alt=\"\" srcset=\"https:\/\/pc.sc.gov.br\/\/wp-content\/uploads\/2025\/02\/aa2e4241-5b04-4597-9156-7f466fc1f472-fotor-20250214165410.jpg 810w, https:\/\/pc.sc.gov.br\/\/wp-content\/uploads\/2025\/02\/aa2e4241-5b04-4597-9156-7f466fc1f472-fotor-20250214165410-274x300.jpg 274w, https:\/\/pc.sc.gov.br\/\/wp-content\/uploads\/2025\/02\/aa2e4241-5b04-4597-9156-7f466fc1f472-fotor-20250214165410-768x840.jpg 768w\" sizes=\"(max-width: 696px) 100vw, 696px\" \/>\t\t\t\t\t\t\t\t\t\t\t\t\t\t\t<\/div>\n\t\t\t\t<\/div>\n\t\t\t\t\t<\/div>\n\t\t<\/div>\n\t\t\t\t\t<\/div>\n\t\t<\/section>\n\t\t\t\t<\/div>\n\t\t","protected":false},"excerpt":{"rendered":"<p>Opera\u00e7\u00e3o \u201c\u00caxodo\u201d: Com apoio da PMSC, PCSC cumpre 7 mandados de busca e 5 de pris\u00e3o tempor\u00e1ria Tramita na Delegacia de Homic\u00eddios (DIC-Itaja\u00ed) uma investiga\u00e7\u00e3o sobre a morte de um jovem, que teria ocorrido no dia 04 de mar\u00e7o de 2024. Tal apura\u00e7\u00e3o iniciou ap\u00f3s o encontro de um corpo carbonizado, no alto do morro [&hellip;]<\/p>\n","protected":false},"author":5,"featured_media":26660,"comment_status":"closed","ping_status":"open","sticky":false,"template":"","format":"standard","meta":{"_monsterinsights_skip_tracking":false,"_monsterinsights_sitenote_active":false,"_monsterinsights_sitenote_note":"","_monsterinsights_sitenote_category":0,"footnotes":""},"categories":[1],"tags":[],"class_list":["post-26656","post","type-post","status-publish","format-standard","has-post-thumbnail","hentry","category-sem-categoria"],"_links":{"self":[{"href":"https:\/\/pc.sc.gov.br\/index.php?rest_route=\/wp\/v2\/posts\/26656","targetHints":{"allow":["GET"]}}],"collection":[{"href":"https:\/\/pc.sc.gov.br\/index.php?rest_route=\/wp\/v2\/posts"}],"about":[{"href":"https:\/\/pc.sc.gov.br\/index.php?rest_route=\/wp\/v2\/types\/post"}],"author":[{"embeddable":true,"href":"https:\/\/pc.sc.gov.br\/index.php?rest_route=\/wp\/v2\/users\/5"}],"replies":[{"embeddable":true,"href":"https:\/\/pc.sc.gov.br\/index.php?rest_route=%2Fwp%2Fv2%2Fcomments&post=26656"}],"version-history":[{"count":4,"href":"https:\/\/pc.sc.gov.br\/index.php?rest_route=\/wp\/v2\/posts\/26656\/revisions"}],"predecessor-version":[{"id":26663,"href":"https:\/\/pc.sc.gov.br\/index.php?rest_route=\/wp\/v2\/posts\/26656\/revisions\/26663"}],"wp:featuredmedia":[{"embeddable":true,"href":"https:\/\/pc.sc.gov.br\/index.php?rest_route=\/wp\/v2\/media\/26660"}],"wp:attachment":[{"href":"https:\/\/pc.sc.gov.br\/index.php?rest_route=%2Fwp%2Fv2%2Fmedia&parent=26656"}],"wp:term":[{"taxonomy":"category","embeddable":true,"href":"https:\/\/pc.sc.gov.br\/index.php?rest_route=%2Fwp%2Fv2%2Fcategories&post=26656"},{"taxonomy":"post_tag","embeddable":true,"href":"https:\/\/pc.sc.gov.br\/index.php?rest_route=%2Fwp%2Fv2%2Ftags&post=26656"}],"curies":[{"name":"wp","href":"https:\/\/api.w.org\/{rel}","templated":true}]}}