{"id":26664,"date":"2025-02-14T17:45:27","date_gmt":"2025-02-14T20:45:27","guid":{"rendered":"https:\/\/pc.sc.gov.br\/?p=26664"},"modified":"2025-02-14T17:46:49","modified_gmt":"2025-02-14T20:46:49","slug":"preso-no-parana-homem-investigado-por-abusar-sexualmente-da-neta-de-6-anos-em-ararangua","status":"publish","type":"post","link":"https:\/\/pc.sc.gov.br\/?p=26664","title":{"rendered":"Preso no Paran\u00e1 homem investigado por abusar sexualmente da neta de 6 anos, em Ararangu\u00e1"},"content":{"rendered":"\t\t<div data-elementor-type=\"wp-post\" data-elementor-id=\"26664\" class=\"elementor elementor-26664\" data-elementor-post-type=\"post\">\n\t\t\t\t\t\t<section class=\"elementor-section elementor-top-section elementor-element elementor-element-160fc53 elementor-section-boxed elementor-section-height-default elementor-section-height-default\" data-id=\"160fc53\" data-element_type=\"section\">\n\t\t\t\t\t\t<div class=\"elementor-container elementor-column-gap-default\">\n\t\t\t\t\t<div class=\"elementor-column elementor-col-100 elementor-top-column elementor-element elementor-element-60fcbf2\" data-id=\"60fcbf2\" data-element_type=\"column\">\n\t\t\t<div class=\"elementor-widget-wrap elementor-element-populated\">\n\t\t\t\t\t\t<div class=\"elementor-element elementor-element-1cbc1e1 elementor-widget elementor-widget-heading\" data-id=\"1cbc1e1\" data-element_type=\"widget\" data-widget_type=\"heading.default\">\n\t\t\t\t<div class=\"elementor-widget-container\">\n\t\t\t\t\t<h2 class=\"elementor-heading-title elementor-size-default\">Preso no Paran\u00e1 homem investigado por abusar sexualmente da neta de 6 anos, em Ararangu\u00e1<\/h2>\t\t\t\t<\/div>\n\t\t\t\t<\/div>\n\t\t\t\t\t<\/div>\n\t\t<\/div>\n\t\t\t\t\t<\/div>\n\t\t<\/section>\n\t\t\t\t<section class=\"elementor-section elementor-top-section elementor-element elementor-element-bdadf24 elementor-section-boxed elementor-section-height-default elementor-section-height-default\" data-id=\"bdadf24\" data-element_type=\"section\">\n\t\t\t\t\t\t<div class=\"elementor-container elementor-column-gap-default\">\n\t\t\t\t\t<div class=\"elementor-column elementor-col-100 elementor-top-column elementor-element elementor-element-8d6b4b6\" data-id=\"8d6b4b6\" data-element_type=\"column\">\n\t\t\t<div class=\"elementor-widget-wrap elementor-element-populated\">\n\t\t\t\t\t\t<div class=\"elementor-element elementor-element-4b52f6f elementor-widget elementor-widget-image\" data-id=\"4b52f6f\" data-element_type=\"widget\" data-widget_type=\"image.default\">\n\t\t\t\t<div class=\"elementor-widget-container\">\n\t\t\t\t\t\t\t\t\t\t\t\t\t\t\t<img fetchpriority=\"high\" decoding=\"async\" width=\"696\" height=\"522\" src=\"https:\/\/pc.sc.gov.br\/\/wp-content\/uploads\/2025\/02\/PCSC-PADRAO.jpg\" class=\"attachment-large size-large wp-image-26591\" alt=\"\" srcset=\"https:\/\/pc.sc.gov.br\/\/wp-content\/uploads\/2025\/02\/PCSC-PADRAO.jpg 768w, https:\/\/pc.sc.gov.br\/\/wp-content\/uploads\/2025\/02\/PCSC-PADRAO-300x225.jpg 300w\" sizes=\"(max-width: 696px) 100vw, 696px\" \/>\t\t\t\t\t\t\t\t\t\t\t\t\t\t\t<\/div>\n\t\t\t\t<\/div>\n\t\t\t\t\t<\/div>\n\t\t<\/div>\n\t\t\t\t\t<\/div>\n\t\t<\/section>\n\t\t\t\t<section class=\"elementor-section elementor-top-section elementor-element elementor-element-a24d4bb elementor-section-boxed elementor-section-height-default elementor-section-height-default\" data-id=\"a24d4bb\" data-element_type=\"section\">\n\t\t\t\t\t\t<div class=\"elementor-container elementor-column-gap-default\">\n\t\t\t\t\t<div class=\"elementor-column elementor-col-100 elementor-top-column elementor-element elementor-element-1f40732\" data-id=\"1f40732\" data-element_type=\"column\">\n\t\t\t<div class=\"elementor-widget-wrap elementor-element-populated\">\n\t\t\t\t\t\t<div class=\"elementor-element elementor-element-ac575cc elementor-widget elementor-widget-text-editor\" data-id=\"ac575cc\" data-element_type=\"widget\" data-widget_type=\"text-editor.default\">\n\t\t\t\t<div class=\"elementor-widget-container\">\n\t\t\t\t\t\t\t\t\t<p>O inqu\u00e9rito policial tramita na DPCAMI de Ararangu\u00e1, local onde ocorreram os fatos, depois que familiares da v\u00edtima denunciaram o crime na CPP de Crici\u00fama, que encaminhou o caso para ser investigado nesta cidade.<\/p><p>Logo depois das primeiras provid\u00eancias e juntada de provas, confirmou-se que o suspeito, pouco ap\u00f3s a den\u00fancia, mudou-se de I\u00e7ara, onde residia, para local incerto, evadindo-se de responder pela acusa\u00e7\u00e3o. Com isso, em dezembro do ano passado a delegada titular da DPCAMI representou pela pris\u00e3o do homem de 57 anos, pedido que foi acatado pela Justi\u00e7a, sendo expedido mandado de pris\u00e3o preventiva.<\/p><p>Ap\u00f3s v\u00e1rias dilig\u00eancias para cumprimento do mandado de pris\u00e3o, a equipe da DPCAMI teve ci\u00eancia de que o foragido poderia estar no estado do Paran\u00e1. Assim, ap\u00f3s troca de informa\u00e7\u00f5es entre esta DPCAMI com a equipe da Pol\u00edcia Civil do Paran\u00e1, na tarde desta sexta-feira, o suspeito foi preso na cidade de Ipiranga (localizada a 60km de Ponta Grossa-PR), pela equipe e policiais civis coordenada pelo delegado Juarez Filho.<\/p><p>Agora o investigado permanecer\u00e1 a disposi\u00e7\u00e3o da Justi\u00e7a e poder\u00e1 ser interrogado sobre as acusa\u00e7\u00f5es que pesam sobre ele, sendo o inqu\u00e9rito policial conclu\u00eddo no prazo de 10 dias e remetido ao Poder Judici\u00e1rio.<\/p><p>O caso evidencia a import\u00e2ncia da rede de contatos entre os profissionais de Seguran\u00e7a P\u00fablica de todo o pa\u00eds e da fus\u00e3o das informa\u00e7\u00f5es dos sistemas utilizados pelas pol\u00edcias.<\/p>\t\t\t\t\t\t\t\t<\/div>\n\t\t\t\t<\/div>\n\t\t\t\t\t<\/div>\n\t\t<\/div>\n\t\t\t\t\t<\/div>\n\t\t<\/section>\n\t\t\t\t<\/div>\n\t\t","protected":false},"excerpt":{"rendered":"<p>Preso no Paran\u00e1 homem investigado por abusar sexualmente da neta de 6 anos, em Ararangu\u00e1 O inqu\u00e9rito policial tramita na DPCAMI de Ararangu\u00e1, local onde ocorreram os fatos, depois que familiares da v\u00edtima denunciaram o crime na CPP de Crici\u00fama, que encaminhou o caso para ser investigado nesta cidade. Logo depois das primeiras provid\u00eancias e [&hellip;]<\/p>\n","protected":false},"author":5,"featured_media":26591,"comment_status":"closed","ping_status":"open","sticky":false,"template":"","format":"standard","meta":{"_monsterinsights_skip_tracking":false,"_monsterinsights_sitenote_active":false,"_monsterinsights_sitenote_note":"","_monsterinsights_sitenote_category":0,"footnotes":""},"categories":[1],"tags":[],"class_list":["post-26664","post","type-post","status-publish","format-standard","has-post-thumbnail","hentry","category-sem-categoria"],"_links":{"self":[{"href":"https:\/\/pc.sc.gov.br\/index.php?rest_route=\/wp\/v2\/posts\/26664","targetHints":{"allow":["GET"]}}],"collection":[{"href":"https:\/\/pc.sc.gov.br\/index.php?rest_route=\/wp\/v2\/posts"}],"about":[{"href":"https:\/\/pc.sc.gov.br\/index.php?rest_route=\/wp\/v2\/types\/post"}],"author":[{"embeddable":true,"href":"https:\/\/pc.sc.gov.br\/index.php?rest_route=\/wp\/v2\/users\/5"}],"replies":[{"embeddable":true,"href":"https:\/\/pc.sc.gov.br\/index.php?rest_route=%2Fwp%2Fv2%2Fcomments&post=26664"}],"version-history":[{"count":4,"href":"https:\/\/pc.sc.gov.br\/index.php?rest_route=\/wp\/v2\/posts\/26664\/revisions"}],"predecessor-version":[{"id":26668,"href":"https:\/\/pc.sc.gov.br\/index.php?rest_route=\/wp\/v2\/posts\/26664\/revisions\/26668"}],"wp:featuredmedia":[{"embeddable":true,"href":"https:\/\/pc.sc.gov.br\/index.php?rest_route=\/wp\/v2\/media\/26591"}],"wp:attachment":[{"href":"https:\/\/pc.sc.gov.br\/index.php?rest_route=%2Fwp%2Fv2%2Fmedia&parent=26664"}],"wp:term":[{"taxonomy":"category","embeddable":true,"href":"https:\/\/pc.sc.gov.br\/index.php?rest_route=%2Fwp%2Fv2%2Fcategories&post=26664"},{"taxonomy":"post_tag","embeddable":true,"href":"https:\/\/pc.sc.gov.br\/index.php?rest_route=%2Fwp%2Fv2%2Ftags&post=26664"}],"curies":[{"name":"wp","href":"https:\/\/api.w.org\/{rel}","templated":true}]}}