{"id":26674,"date":"2025-02-14T18:40:27","date_gmt":"2025-02-14T21:40:27","guid":{"rendered":"https:\/\/pc.sc.gov.br\/?p=26674"},"modified":"2025-02-14T18:41:38","modified_gmt":"2025-02-14T21:41:38","slug":"dpco-de-biguacu-realiza-prisao-em-flagrante-de-uma-mulher-por-maus-tratos-de-um-cao-em-biguacu","status":"publish","type":"post","link":"https:\/\/pc.sc.gov.br\/?p=26674","title":{"rendered":"DPCO de Bigua\u00e7u realiza pris\u00e3o em flagrante de uma mulher por maus-tratos de um c\u00e3o em Bigua\u00e7u"},"content":{"rendered":"\t\t<div data-elementor-type=\"wp-post\" data-elementor-id=\"26674\" class=\"elementor elementor-26674\" data-elementor-post-type=\"post\">\n\t\t\t\t\t\t<section class=\"elementor-section elementor-top-section elementor-element elementor-element-462cb89 elementor-section-boxed elementor-section-height-default elementor-section-height-default\" data-id=\"462cb89\" data-element_type=\"section\">\n\t\t\t\t\t\t<div class=\"elementor-container elementor-column-gap-default\">\n\t\t\t\t\t<div class=\"elementor-column elementor-col-100 elementor-top-column elementor-element elementor-element-c240772\" data-id=\"c240772\" data-element_type=\"column\">\n\t\t\t<div class=\"elementor-widget-wrap elementor-element-populated\">\n\t\t\t\t\t\t<div class=\"elementor-element elementor-element-cdfefc3 elementor-widget elementor-widget-heading\" data-id=\"cdfefc3\" data-element_type=\"widget\" data-widget_type=\"heading.default\">\n\t\t\t\t<div class=\"elementor-widget-container\">\n\t\t\t\t\t<h2 class=\"elementor-heading-title elementor-size-default\">DPCO de Bigua\u00e7u realiza pris\u00e3o em flagrante de uma mulher por maus-tratos de um c\u00e3o, no munic\u00edpio<\/h2>\t\t\t\t<\/div>\n\t\t\t\t<\/div>\n\t\t\t\t\t<\/div>\n\t\t<\/div>\n\t\t\t\t\t<\/div>\n\t\t<\/section>\n\t\t\t\t<section class=\"elementor-section elementor-top-section elementor-element elementor-element-d6cd8e2 elementor-section-boxed elementor-section-height-default elementor-section-height-default\" data-id=\"d6cd8e2\" data-element_type=\"section\">\n\t\t\t\t\t\t<div class=\"elementor-container elementor-column-gap-default\">\n\t\t\t\t\t<div class=\"elementor-column elementor-col-100 elementor-top-column elementor-element elementor-element-1e1fe58\" data-id=\"1e1fe58\" data-element_type=\"column\">\n\t\t\t<div class=\"elementor-widget-wrap elementor-element-populated\">\n\t\t\t\t\t\t<div class=\"elementor-element elementor-element-4278061 elementor-widget elementor-widget-image\" data-id=\"4278061\" data-element_type=\"widget\" data-widget_type=\"image.default\">\n\t\t\t\t<div class=\"elementor-widget-container\">\n\t\t\t\t\t\t\t\t\t\t\t\t\t\t\t<img fetchpriority=\"high\" decoding=\"async\" width=\"696\" height=\"603\" src=\"https:\/\/pc.sc.gov.br\/\/wp-content\/uploads\/2025\/02\/Imagem-do-WhatsApp-de-2025-02-14-as-18.22.00_9200701e-fotor-2025021418371.jpg\" class=\"attachment-large size-large wp-image-26675\" alt=\"\" srcset=\"https:\/\/pc.sc.gov.br\/\/wp-content\/uploads\/2025\/02\/Imagem-do-WhatsApp-de-2025-02-14-as-18.22.00_9200701e-fotor-2025021418371.jpg 960w, https:\/\/pc.sc.gov.br\/\/wp-content\/uploads\/2025\/02\/Imagem-do-WhatsApp-de-2025-02-14-as-18.22.00_9200701e-fotor-2025021418371-300x260.jpg 300w, https:\/\/pc.sc.gov.br\/\/wp-content\/uploads\/2025\/02\/Imagem-do-WhatsApp-de-2025-02-14-as-18.22.00_9200701e-fotor-2025021418371-768x666.jpg 768w\" sizes=\"(max-width: 696px) 100vw, 696px\" \/>\t\t\t\t\t\t\t\t\t\t\t\t\t\t\t<\/div>\n\t\t\t\t<\/div>\n\t\t\t\t\t<\/div>\n\t\t<\/div>\n\t\t\t\t\t<\/div>\n\t\t<\/section>\n\t\t\t\t<section class=\"elementor-section elementor-top-section elementor-element elementor-element-eae7bf6 elementor-section-boxed elementor-section-height-default elementor-section-height-default\" data-id=\"eae7bf6\" data-element_type=\"section\">\n\t\t\t\t\t\t<div class=\"elementor-container elementor-column-gap-default\">\n\t\t\t\t\t<div class=\"elementor-column elementor-col-100 elementor-top-column elementor-element elementor-element-4795831\" data-id=\"4795831\" data-element_type=\"column\">\n\t\t\t<div class=\"elementor-widget-wrap elementor-element-populated\">\n\t\t\t\t\t\t<div class=\"elementor-element elementor-element-9a8b411 elementor-widget elementor-widget-text-editor\" data-id=\"9a8b411\" data-element_type=\"widget\" data-widget_type=\"text-editor.default\">\n\t\t\t\t<div class=\"elementor-widget-container\">\n\t\t\t\t\t\t\t\t\t<p>Ap\u00f3s den\u00fancia de maus-tratos que j\u00e1 circulava nas redes sociais, policiais civis da Delegacia da Comarca de Bigua\u00e7u, nesta sexta-feira (14) acompanhadas da FAMABI- Funda\u00e7\u00e3o Municipal de Meio Ambiente de Bigua\u00e7u, compareceram ao local e constataram que o c\u00e3o estava em um local isolado, nos fundos da resid\u00eancia, no sol, sem alimento e \u00e1gua, e apresentava visivelmente desnutri\u00e7\u00e3o por estar com as costelas aparentes. A tutora informou que ele estaria naquele local j\u00e1 h\u00e1 6 meses.<\/p><p>Assim, foi dada voz de pris\u00e3o \u00e0 tutora do c\u00e3o e encaminhada a Delegacia da Comarca de Bigua\u00e7u onde foi lavrado o Auto de Pris\u00e3o em Flagrante da suspeita pelo crime de maus-tratos a animal dom\u00e9stico.<\/p><p>O c\u00e3o foi recolhido pela FAMABI e por Ongs de prote\u00e7\u00e3o animal que estiveram no local com a Pol\u00edcia Civil, passou por atendimento veterin\u00e1rio onde foi diagnosticado com desnutri\u00e7\u00e3o e anemia.<\/p><p>A presa foi encaminhada ao Pres\u00eddio Feminino de Florian\u00f3polis e aguarda audi\u00eancia de cust\u00f3dia.<\/p>\t\t\t\t\t\t\t\t<\/div>\n\t\t\t\t<\/div>\n\t\t\t\t\t<\/div>\n\t\t<\/div>\n\t\t\t\t\t<\/div>\n\t\t<\/section>\n\t\t\t\t<\/div>\n\t\t","protected":false},"excerpt":{"rendered":"<p>DPCO de Bigua\u00e7u realiza pris\u00e3o em flagrante de uma mulher por maus-tratos de um c\u00e3o, no munic\u00edpio Ap\u00f3s den\u00fancia de maus-tratos que j\u00e1 circulava nas redes sociais, policiais civis da Delegacia da Comarca de Bigua\u00e7u, nesta sexta-feira (14) acompanhadas da FAMABI- Funda\u00e7\u00e3o Municipal de Meio Ambiente de Bigua\u00e7u, compareceram ao local e constataram que o [&hellip;]<\/p>\n","protected":false},"author":5,"featured_media":26675,"comment_status":"closed","ping_status":"open","sticky":false,"template":"","format":"standard","meta":{"_monsterinsights_skip_tracking":false,"_monsterinsights_sitenote_active":false,"_monsterinsights_sitenote_note":"","_monsterinsights_sitenote_category":0,"footnotes":""},"categories":[1],"tags":[],"class_list":["post-26674","post","type-post","status-publish","format-standard","has-post-thumbnail","hentry","category-sem-categoria"],"_links":{"self":[{"href":"https:\/\/pc.sc.gov.br\/index.php?rest_route=\/wp\/v2\/posts\/26674","targetHints":{"allow":["GET"]}}],"collection":[{"href":"https:\/\/pc.sc.gov.br\/index.php?rest_route=\/wp\/v2\/posts"}],"about":[{"href":"https:\/\/pc.sc.gov.br\/index.php?rest_route=\/wp\/v2\/types\/post"}],"author":[{"embeddable":true,"href":"https:\/\/pc.sc.gov.br\/index.php?rest_route=\/wp\/v2\/users\/5"}],"replies":[{"embeddable":true,"href":"https:\/\/pc.sc.gov.br\/index.php?rest_route=%2Fwp%2Fv2%2Fcomments&post=26674"}],"version-history":[{"count":4,"href":"https:\/\/pc.sc.gov.br\/index.php?rest_route=\/wp\/v2\/posts\/26674\/revisions"}],"predecessor-version":[{"id":26679,"href":"https:\/\/pc.sc.gov.br\/index.php?rest_route=\/wp\/v2\/posts\/26674\/revisions\/26679"}],"wp:featuredmedia":[{"embeddable":true,"href":"https:\/\/pc.sc.gov.br\/index.php?rest_route=\/wp\/v2\/media\/26675"}],"wp:attachment":[{"href":"https:\/\/pc.sc.gov.br\/index.php?rest_route=%2Fwp%2Fv2%2Fmedia&parent=26674"}],"wp:term":[{"taxonomy":"category","embeddable":true,"href":"https:\/\/pc.sc.gov.br\/index.php?rest_route=%2Fwp%2Fv2%2Fcategories&post=26674"},{"taxonomy":"post_tag","embeddable":true,"href":"https:\/\/pc.sc.gov.br\/index.php?rest_route=%2Fwp%2Fv2%2Ftags&post=26674"}],"curies":[{"name":"wp","href":"https:\/\/api.w.org\/{rel}","templated":true}]}}