{"id":26681,"date":"2025-02-17T16:56:20","date_gmt":"2025-02-17T19:56:20","guid":{"rendered":"https:\/\/pc.sc.gov.br\/?p=26681"},"modified":"2025-02-17T16:57:41","modified_gmt":"2025-02-17T19:57:41","slug":"delegacia-de-policia-de-mafra-prende-suspeitos-por-incendio-e-vandalismo-em-terreiro-de-umbanda","status":"publish","type":"post","link":"https:\/\/pc.sc.gov.br\/?p=26681","title":{"rendered":"Delegacia de Pol\u00edcia de Mafra prende suspeitos por inc\u00eandio e vandalismo em Terreiro de Umbanda"},"content":{"rendered":"\t\t<div data-elementor-type=\"wp-post\" data-elementor-id=\"26681\" class=\"elementor elementor-26681\" data-elementor-post-type=\"post\">\n\t\t\t\t\t\t<section class=\"elementor-section elementor-top-section elementor-element elementor-element-78ad839 elementor-section-boxed elementor-section-height-default elementor-section-height-default\" data-id=\"78ad839\" data-element_type=\"section\">\n\t\t\t\t\t\t<div class=\"elementor-container elementor-column-gap-default\">\n\t\t\t\t\t<div class=\"elementor-column elementor-col-100 elementor-top-column elementor-element elementor-element-a1a22cb\" data-id=\"a1a22cb\" data-element_type=\"column\">\n\t\t\t<div class=\"elementor-widget-wrap elementor-element-populated\">\n\t\t\t\t\t\t<div class=\"elementor-element elementor-element-063cee9 elementor-widget elementor-widget-heading\" data-id=\"063cee9\" data-element_type=\"widget\" data-widget_type=\"heading.default\">\n\t\t\t\t<div class=\"elementor-widget-container\">\n\t\t\t\t\t<h2 class=\"elementor-heading-title elementor-size-default\">Delegacia de Pol\u00edcia de Mafra prende suspeitos por inc\u00eandio e vandalismo em Terreiro de Umbanda<\/h2>\t\t\t\t<\/div>\n\t\t\t\t<\/div>\n\t\t\t\t\t<\/div>\n\t\t<\/div>\n\t\t\t\t\t<\/div>\n\t\t<\/section>\n\t\t\t\t<section class=\"elementor-section elementor-top-section elementor-element elementor-element-dde4b0e elementor-section-boxed elementor-section-height-default elementor-section-height-default\" data-id=\"dde4b0e\" data-element_type=\"section\">\n\t\t\t\t\t\t<div class=\"elementor-container elementor-column-gap-default\">\n\t\t\t\t\t<div class=\"elementor-column elementor-col-100 elementor-top-column elementor-element elementor-element-ffe43b1\" data-id=\"ffe43b1\" data-element_type=\"column\">\n\t\t\t<div class=\"elementor-widget-wrap elementor-element-populated\">\n\t\t\t\t\t\t<div class=\"elementor-element elementor-element-3517ef0 elementor-widget elementor-widget-image\" data-id=\"3517ef0\" data-element_type=\"widget\" data-widget_type=\"image.default\">\n\t\t\t\t<div class=\"elementor-widget-container\">\n\t\t\t\t\t\t\t\t\t\t\t\t\t\t\t<img fetchpriority=\"high\" decoding=\"async\" width=\"696\" height=\"522\" src=\"https:\/\/pc.sc.gov.br\/\/wp-content\/uploads\/2025\/02\/PCSC-PADRAO.jpg\" class=\"attachment-medium_large size-medium_large wp-image-26591\" alt=\"\" srcset=\"https:\/\/pc.sc.gov.br\/\/wp-content\/uploads\/2025\/02\/PCSC-PADRAO.jpg 768w, https:\/\/pc.sc.gov.br\/\/wp-content\/uploads\/2025\/02\/PCSC-PADRAO-300x225.jpg 300w\" sizes=\"(max-width: 696px) 100vw, 696px\" \/>\t\t\t\t\t\t\t\t\t\t\t\t\t\t\t<\/div>\n\t\t\t\t<\/div>\n\t\t\t\t\t<\/div>\n\t\t<\/div>\n\t\t\t\t\t<\/div>\n\t\t<\/section>\n\t\t\t\t<section class=\"elementor-section elementor-top-section elementor-element elementor-element-cf50db7 elementor-section-boxed elementor-section-height-default elementor-section-height-default\" data-id=\"cf50db7\" data-element_type=\"section\">\n\t\t\t\t\t\t<div class=\"elementor-container elementor-column-gap-default\">\n\t\t\t\t\t<div class=\"elementor-column elementor-col-100 elementor-top-column elementor-element elementor-element-38d7ae8\" data-id=\"38d7ae8\" data-element_type=\"column\">\n\t\t\t<div class=\"elementor-widget-wrap elementor-element-populated\">\n\t\t\t\t\t\t<div class=\"elementor-element elementor-element-5ccd30f elementor-widget elementor-widget-text-editor\" data-id=\"5ccd30f\" data-element_type=\"widget\" data-widget_type=\"text-editor.default\">\n\t\t\t\t<div class=\"elementor-widget-container\">\n\t\t\t\t\t\t\t\t\t<p>A Pol\u00edcia Civil de Santa Catarina, por meio da Delegacia de Pol\u00edcia da Comarca de Mafra, em uma a\u00e7\u00e3o coordenada, prendeu na sexta-feira (14) um dos suspeitos envolvidos em atos de vandalismo e inc\u00eandio criminoso contra um terreiro de Umbanda e uma resid\u00eancia na cidade. O segundo investigado foi capturado pela Pol\u00edcia Militar, ap\u00f3s dilig\u00eancias para localiz\u00e1-lo. A opera\u00e7\u00e3o refor\u00e7a o compromisso das for\u00e7as de seguran\u00e7a no combate a crimes que amea\u00e7am a ordem p\u00fablica e a liberdade religiosa.<\/p><p>Os crimes ocorreram nos dias 8 e 9 de dezembro de 2024, quando os suspeitos invadiram e depredaram o terreiro, destruindo objetos religiosos e danificando um ve\u00edculo estacionado no local. No dia seguinte, retornaram \u00e0 propriedade e atearam fogo na resid\u00eancia ligada ao terreiro, causando grandes preju\u00edzos materiais \u00e0s v\u00edtimas.<\/p><p>As investiga\u00e7\u00f5es reuniram provas contundentes, incluindo depoimentos de testemunhas, laudos periciais que confirmam a intencionalidade do inc\u00eandio e \u00e1udios em que um dos suspeitos confessa sua participa\u00e7\u00e3o no crime. Al\u00e9m disso, foi constatado que os investigados continuavam a frequentar as proximidades do local, representando uma amea\u00e7a cont\u00ednua \u00e0s v\u00edtimas.<\/p><p>Diante da gravidade dos fatos, a PCSC representou pela pris\u00e3o preventiva dos envolvidos, medida que foi deferida pela Justi\u00e7a. Durante a execu\u00e7\u00e3o dos mandados, um dos investigados foi preso pelos agentes da Pol\u00edcia Civil, enquanto o segundo foi localizado e detido pela Pol\u00edcia Militar.<\/p><p>As autoridades seguem apurando a motiva\u00e7\u00e3o dos crimes, n\u00e3o estando descartada a hip\u00f3tese de intoler\u00e2ncia religiosa. A Pol\u00edcia Civil refor\u00e7a que den\u00fancias podem ser feitas de forma an\u00f4nima pelo telefone 181, garantindo sigilo absoluto.<\/p>\t\t\t\t\t\t\t\t<\/div>\n\t\t\t\t<\/div>\n\t\t\t\t\t<\/div>\n\t\t<\/div>\n\t\t\t\t\t<\/div>\n\t\t<\/section>\n\t\t\t\t<\/div>\n\t\t","protected":false},"excerpt":{"rendered":"<p>Delegacia de Pol\u00edcia de Mafra prende suspeitos por inc\u00eandio e vandalismo em Terreiro de Umbanda A Pol\u00edcia Civil de Santa Catarina, por meio da Delegacia de Pol\u00edcia da Comarca de Mafra, em uma a\u00e7\u00e3o coordenada, prendeu na sexta-feira (14) um dos suspeitos envolvidos em atos de vandalismo e inc\u00eandio criminoso contra um terreiro de Umbanda [&hellip;]<\/p>\n","protected":false},"author":5,"featured_media":26581,"comment_status":"closed","ping_status":"open","sticky":false,"template":"","format":"standard","meta":{"_monsterinsights_skip_tracking":false,"_monsterinsights_sitenote_active":false,"_monsterinsights_sitenote_note":"","_monsterinsights_sitenote_category":0,"footnotes":""},"categories":[1],"tags":[],"class_list":["post-26681","post","type-post","status-publish","format-standard","has-post-thumbnail","hentry","category-sem-categoria"],"_links":{"self":[{"href":"https:\/\/pc.sc.gov.br\/index.php?rest_route=\/wp\/v2\/posts\/26681","targetHints":{"allow":["GET"]}}],"collection":[{"href":"https:\/\/pc.sc.gov.br\/index.php?rest_route=\/wp\/v2\/posts"}],"about":[{"href":"https:\/\/pc.sc.gov.br\/index.php?rest_route=\/wp\/v2\/types\/post"}],"author":[{"embeddable":true,"href":"https:\/\/pc.sc.gov.br\/index.php?rest_route=\/wp\/v2\/users\/5"}],"replies":[{"embeddable":true,"href":"https:\/\/pc.sc.gov.br\/index.php?rest_route=%2Fwp%2Fv2%2Fcomments&post=26681"}],"version-history":[{"count":4,"href":"https:\/\/pc.sc.gov.br\/index.php?rest_route=\/wp\/v2\/posts\/26681\/revisions"}],"predecessor-version":[{"id":26685,"href":"https:\/\/pc.sc.gov.br\/index.php?rest_route=\/wp\/v2\/posts\/26681\/revisions\/26685"}],"wp:featuredmedia":[{"embeddable":true,"href":"https:\/\/pc.sc.gov.br\/index.php?rest_route=\/wp\/v2\/media\/26581"}],"wp:attachment":[{"href":"https:\/\/pc.sc.gov.br\/index.php?rest_route=%2Fwp%2Fv2%2Fmedia&parent=26681"}],"wp:term":[{"taxonomy":"category","embeddable":true,"href":"https:\/\/pc.sc.gov.br\/index.php?rest_route=%2Fwp%2Fv2%2Fcategories&post=26681"},{"taxonomy":"post_tag","embeddable":true,"href":"https:\/\/pc.sc.gov.br\/index.php?rest_route=%2Fwp%2Fv2%2Ftags&post=26681"}],"curies":[{"name":"wp","href":"https:\/\/api.w.org\/{rel}","templated":true}]}}