{"id":26686,"date":"2025-02-17T17:01:26","date_gmt":"2025-02-17T20:01:26","guid":{"rendered":"https:\/\/pc.sc.gov.br\/?p=26686"},"modified":"2025-02-17T17:02:19","modified_gmt":"2025-02-17T20:02:19","slug":"em-descanso-pcsc-prende-suspeito-de-ordenador-roubo-e-extorsao-contra-o-proprio-irmao","status":"publish","type":"post","link":"https:\/\/pc.sc.gov.br\/?p=26686","title":{"rendered":"Em Descanso, PCSC prende suspeito de ordenador roubo e extors\u00e3o contra o pr\u00f3prio irm\u00e3o"},"content":{"rendered":"\t\t<div data-elementor-type=\"wp-post\" data-elementor-id=\"26686\" class=\"elementor elementor-26686\" data-elementor-post-type=\"post\">\n\t\t\t\t\t\t<section class=\"elementor-section elementor-top-section elementor-element elementor-element-a0ac029 elementor-section-boxed elementor-section-height-default elementor-section-height-default\" data-id=\"a0ac029\" data-element_type=\"section\">\n\t\t\t\t\t\t<div class=\"elementor-container elementor-column-gap-default\">\n\t\t\t\t\t<div class=\"elementor-column elementor-col-100 elementor-top-column elementor-element elementor-element-ac76d95\" data-id=\"ac76d95\" data-element_type=\"column\">\n\t\t\t<div class=\"elementor-widget-wrap elementor-element-populated\">\n\t\t\t\t\t\t<div class=\"elementor-element elementor-element-8effb9e elementor-widget elementor-widget-heading\" data-id=\"8effb9e\" data-element_type=\"widget\" data-widget_type=\"heading.default\">\n\t\t\t\t<div class=\"elementor-widget-container\">\n\t\t\t\t\t<h2 class=\"elementor-heading-title elementor-size-default\">Em Descanso, PCSC prende suspeito de ordenador roubo e extors\u00e3o contra o pr\u00f3prio irm\u00e3o<\/h2>\t\t\t\t<\/div>\n\t\t\t\t<\/div>\n\t\t\t\t\t<\/div>\n\t\t<\/div>\n\t\t\t\t\t<\/div>\n\t\t<\/section>\n\t\t\t\t<section class=\"elementor-section elementor-top-section elementor-element elementor-element-02414df elementor-section-boxed elementor-section-height-default elementor-section-height-default\" data-id=\"02414df\" data-element_type=\"section\">\n\t\t\t\t\t\t<div class=\"elementor-container elementor-column-gap-default\">\n\t\t\t\t\t<div class=\"elementor-column elementor-col-100 elementor-top-column elementor-element elementor-element-e6547d2\" data-id=\"e6547d2\" data-element_type=\"column\">\n\t\t\t<div class=\"elementor-widget-wrap elementor-element-populated\">\n\t\t\t\t\t\t<div class=\"elementor-element elementor-element-445979d elementor-widget elementor-widget-image\" data-id=\"445979d\" data-element_type=\"widget\" data-widget_type=\"image.default\">\n\t\t\t\t<div class=\"elementor-widget-container\">\n\t\t\t\t\t\t\t\t\t\t\t\t\t\t\t<img fetchpriority=\"high\" decoding=\"async\" width=\"696\" height=\"440\" src=\"https:\/\/pc.sc.gov.br\/\/wp-content\/uploads\/2025\/02\/WhatsApp-Image-2024-08-08-at-16.56.13-fotor-20250205141527-768x485.jpg\" class=\"attachment-medium_large size-medium_large wp-image-26383\" alt=\"\" srcset=\"https:\/\/pc.sc.gov.br\/\/wp-content\/uploads\/2025\/02\/WhatsApp-Image-2024-08-08-at-16.56.13-fotor-20250205141527-768x485.jpg 768w, https:\/\/pc.sc.gov.br\/\/wp-content\/uploads\/2025\/02\/WhatsApp-Image-2024-08-08-at-16.56.13-fotor-20250205141527-300x190.jpg 300w, https:\/\/pc.sc.gov.br\/\/wp-content\/uploads\/2025\/02\/WhatsApp-Image-2024-08-08-at-16.56.13-fotor-20250205141527-1024x647.jpg 1024w, https:\/\/pc.sc.gov.br\/\/wp-content\/uploads\/2025\/02\/WhatsApp-Image-2024-08-08-at-16.56.13-fotor-20250205141527.jpg 1200w\" sizes=\"(max-width: 696px) 100vw, 696px\" \/>\t\t\t\t\t\t\t\t\t\t\t\t\t\t\t<\/div>\n\t\t\t\t<\/div>\n\t\t\t\t\t<\/div>\n\t\t<\/div>\n\t\t\t\t\t<\/div>\n\t\t<\/section>\n\t\t\t\t<section class=\"elementor-section elementor-top-section elementor-element elementor-element-819075e elementor-section-boxed elementor-section-height-default elementor-section-height-default\" data-id=\"819075e\" data-element_type=\"section\">\n\t\t\t\t\t\t<div class=\"elementor-container elementor-column-gap-default\">\n\t\t\t\t\t<div class=\"elementor-column elementor-col-100 elementor-top-column elementor-element elementor-element-3b1400d\" data-id=\"3b1400d\" data-element_type=\"column\">\n\t\t\t<div class=\"elementor-widget-wrap elementor-element-populated\">\n\t\t\t\t\t\t<div class=\"elementor-element elementor-element-b01bf78 elementor-widget elementor-widget-text-editor\" data-id=\"b01bf78\" data-element_type=\"widget\" data-widget_type=\"text-editor.default\">\n\t\t\t\t<div class=\"elementor-widget-container\">\n\t\t\t\t\t\t\t\t\t<p>A Pol\u00edcia Civil de Santa Catarina, por meio da Delegacia de Descanso, realizou, nesta segunda-feira (17\/02), uma opera\u00e7\u00e3o que resultou na pris\u00e3o preventiva de um homem suspeito de ser o autor intelectual de roubo e extors\u00e3o, ocorridos em novembro de 2024.<\/p><p>Segundo as investiga\u00e7\u00f5es, o suspeito teria contratado duas pessoas do Rio Grande do Sul para, mediante viol\u00eancia, for\u00e7ar seu pr\u00f3prio irm\u00e3o a assinar documentos relacionados a uma disputa familiar. Al\u00e9m de planejar o crime, o investigado tamb\u00e9m estava presente no momento da a\u00e7\u00e3o criminosa.<\/p><p>Al\u00e9m da pris\u00e3o, foram cumpridos mandados de busca e apreens\u00e3o em dois outros endere\u00e7os ligados a pessoas que podem ter participado da articula\u00e7\u00e3o do crime. A opera\u00e7\u00e3o contou com o apoio da Delegacia de Investiga\u00e7\u00e3o Criminal (DIC) de S\u00e3o Miguel do Oeste e da equipe da Opera\u00e7\u00e3o Protetor.<\/p><p>O suspeito foi encaminhado ao Pres\u00eddio Regional de S\u00e3o Miguel do Oeste, onde permanecer\u00e1 \u00e0 disposi\u00e7\u00e3o da Justi\u00e7a. A PCSC segue com as investiga\u00e7\u00f5es para identificar todos os envolvidos e esclarecer completamente o caso.<\/p>\t\t\t\t\t\t\t\t<\/div>\n\t\t\t\t<\/div>\n\t\t\t\t\t<\/div>\n\t\t<\/div>\n\t\t\t\t\t<\/div>\n\t\t<\/section>\n\t\t\t\t<\/div>\n\t\t","protected":false},"excerpt":{"rendered":"<p>Em Descanso, PCSC prende suspeito de ordenador roubo e extors\u00e3o contra o pr\u00f3prio irm\u00e3o A Pol\u00edcia Civil de Santa Catarina, por meio da Delegacia de Descanso, realizou, nesta segunda-feira (17\/02), uma opera\u00e7\u00e3o que resultou na pris\u00e3o preventiva de um homem suspeito de ser o autor intelectual de roubo e extors\u00e3o, ocorridos em novembro de 2024. [&hellip;]<\/p>\n","protected":false},"author":5,"featured_media":25742,"comment_status":"closed","ping_status":"open","sticky":false,"template":"","format":"standard","meta":{"_monsterinsights_skip_tracking":false,"_monsterinsights_sitenote_active":false,"_monsterinsights_sitenote_note":"","_monsterinsights_sitenote_category":0,"footnotes":""},"categories":[1],"tags":[],"class_list":["post-26686","post","type-post","status-publish","format-standard","has-post-thumbnail","hentry","category-sem-categoria"],"_links":{"self":[{"href":"https:\/\/pc.sc.gov.br\/index.php?rest_route=\/wp\/v2\/posts\/26686","targetHints":{"allow":["GET"]}}],"collection":[{"href":"https:\/\/pc.sc.gov.br\/index.php?rest_route=\/wp\/v2\/posts"}],"about":[{"href":"https:\/\/pc.sc.gov.br\/index.php?rest_route=\/wp\/v2\/types\/post"}],"author":[{"embeddable":true,"href":"https:\/\/pc.sc.gov.br\/index.php?rest_route=\/wp\/v2\/users\/5"}],"replies":[{"embeddable":true,"href":"https:\/\/pc.sc.gov.br\/index.php?rest_route=%2Fwp%2Fv2%2Fcomments&post=26686"}],"version-history":[{"count":4,"href":"https:\/\/pc.sc.gov.br\/index.php?rest_route=\/wp\/v2\/posts\/26686\/revisions"}],"predecessor-version":[{"id":26690,"href":"https:\/\/pc.sc.gov.br\/index.php?rest_route=\/wp\/v2\/posts\/26686\/revisions\/26690"}],"wp:featuredmedia":[{"embeddable":true,"href":"https:\/\/pc.sc.gov.br\/index.php?rest_route=\/wp\/v2\/media\/25742"}],"wp:attachment":[{"href":"https:\/\/pc.sc.gov.br\/index.php?rest_route=%2Fwp%2Fv2%2Fmedia&parent=26686"}],"wp:term":[{"taxonomy":"category","embeddable":true,"href":"https:\/\/pc.sc.gov.br\/index.php?rest_route=%2Fwp%2Fv2%2Fcategories&post=26686"},{"taxonomy":"post_tag","embeddable":true,"href":"https:\/\/pc.sc.gov.br\/index.php?rest_route=%2Fwp%2Fv2%2Ftags&post=26686"}],"curies":[{"name":"wp","href":"https:\/\/api.w.org\/{rel}","templated":true}]}}