{"id":26692,"date":"2025-02-17T17:45:03","date_gmt":"2025-02-17T20:45:03","guid":{"rendered":"https:\/\/pc.sc.gov.br\/?p=26692"},"modified":"2025-02-17T17:46:29","modified_gmt":"2025-02-17T20:46:29","slug":"conheca-o-codigo-de-etica-e-conduta-da-pcsc","status":"publish","type":"post","link":"https:\/\/pc.sc.gov.br\/?p=26692","title":{"rendered":"Conhe\u00e7a o C\u00f3digo de \u00c9tica e Conduta da PCSC"},"content":{"rendered":"\t\t<div data-elementor-type=\"wp-post\" data-elementor-id=\"26692\" class=\"elementor elementor-26692\" data-elementor-post-type=\"post\">\n\t\t\t\t\t\t<section class=\"elementor-section elementor-top-section elementor-element elementor-element-3dbeea9 elementor-section-boxed elementor-section-height-default elementor-section-height-default\" data-id=\"3dbeea9\" data-element_type=\"section\">\n\t\t\t\t\t\t<div class=\"elementor-container elementor-column-gap-default\">\n\t\t\t\t\t<div class=\"elementor-column elementor-col-100 elementor-top-column elementor-element elementor-element-d117812\" data-id=\"d117812\" data-element_type=\"column\">\n\t\t\t<div class=\"elementor-widget-wrap elementor-element-populated\">\n\t\t\t\t\t\t<div class=\"elementor-element elementor-element-1119e88 elementor-widget elementor-widget-heading\" data-id=\"1119e88\" data-element_type=\"widget\" data-widget_type=\"heading.default\">\n\t\t\t\t<div class=\"elementor-widget-container\">\n\t\t\t\t\t<h2 class=\"elementor-heading-title elementor-size-default\">Conhe\u00e7a o C\u00f3digo de \u00c9tica e Conduta da PCSC<\/h2>\t\t\t\t<\/div>\n\t\t\t\t<\/div>\n\t\t\t\t\t<\/div>\n\t\t<\/div>\n\t\t\t\t\t<\/div>\n\t\t<\/section>\n\t\t\t\t<section class=\"elementor-section elementor-top-section elementor-element elementor-element-83c09ff elementor-section-boxed elementor-section-height-default elementor-section-height-default\" data-id=\"83c09ff\" data-element_type=\"section\">\n\t\t\t\t\t\t<div class=\"elementor-container elementor-column-gap-default\">\n\t\t\t\t\t<div class=\"elementor-column elementor-col-100 elementor-top-column elementor-element elementor-element-4fe1874\" data-id=\"4fe1874\" data-element_type=\"column\">\n\t\t\t<div class=\"elementor-widget-wrap elementor-element-populated\">\n\t\t\t\t\t\t<div class=\"elementor-element elementor-element-fbc72f9 elementor-widget elementor-widget-image\" data-id=\"fbc72f9\" data-element_type=\"widget\" data-widget_type=\"image.default\">\n\t\t\t\t<div class=\"elementor-widget-container\">\n\t\t\t\t\t\t\t\t\t\t\t\t\t\t\t<img fetchpriority=\"high\" decoding=\"async\" width=\"300\" height=\"400\" src=\"https:\/\/pc.sc.gov.br\/\/wp-content\/uploads\/2025\/02\/capa-etica.jpg\" class=\"attachment-medium_large size-medium_large wp-image-26693\" alt=\"\" srcset=\"https:\/\/pc.sc.gov.br\/\/wp-content\/uploads\/2025\/02\/capa-etica.jpg 300w, https:\/\/pc.sc.gov.br\/\/wp-content\/uploads\/2025\/02\/capa-etica-225x300.jpg 225w\" sizes=\"(max-width: 300px) 100vw, 300px\" \/>\t\t\t\t\t\t\t\t\t\t\t\t\t\t\t<\/div>\n\t\t\t\t<\/div>\n\t\t\t\t\t<\/div>\n\t\t<\/div>\n\t\t\t\t\t<\/div>\n\t\t<\/section>\n\t\t\t\t<section class=\"elementor-section elementor-top-section elementor-element elementor-element-ed6b30a elementor-section-boxed elementor-section-height-default elementor-section-height-default\" data-id=\"ed6b30a\" data-element_type=\"section\">\n\t\t\t\t\t\t<div class=\"elementor-container elementor-column-gap-default\">\n\t\t\t\t\t<div class=\"elementor-column elementor-col-100 elementor-top-column elementor-element elementor-element-32ec43a\" data-id=\"32ec43a\" data-element_type=\"column\">\n\t\t\t<div class=\"elementor-widget-wrap elementor-element-populated\">\n\t\t\t\t\t\t<div class=\"elementor-element elementor-element-9372a0f elementor-widget elementor-widget-text-editor\" data-id=\"9372a0f\" data-element_type=\"widget\" data-widget_type=\"text-editor.default\">\n\t\t\t\t<div class=\"elementor-widget-container\">\n\t\t\t\t\t\t\t\t\t<p>O C\u00f3digo de \u00c9tica e Conduta da PCSC, ap\u00f3s ter sido elaborado por um grupo de trabalho, aprovado pelo Conselho Superior da Pol\u00edcia Civil e ratificado pelo Delegado-Geral, Dr. Ulisses Gabriel, j\u00e1 est\u00e1 dispon\u00edvel no site da PCSC.&nbsp;&nbsp;<\/p>\n<p>Este C\u00f3digo \u00e9 inovador, uma vez que trata tamb\u00e9m de tem\u00e1ticas n\u00e3o abordadas por outros atos normativos da Institui\u00e7\u00e3o.&nbsp; &nbsp;<\/p>\n<p>O C\u00f3digo faz parte do Programa de Integridade e Compliance e \u00e9 aplic\u00e1vel a todos os agentes p\u00fablicos da PCSC, traduzindo um compromisso institucional com a excel\u00eancia nos servi\u00e7os prestados. Para conhecer o C\u00f3digo de \u00c9tica e Conduta da PCSC clique&nbsp;<a href=\"https:\/\/pc.sc.gov.br\/wp-content\/uploads\/2024\/12\/Resolucao-Etica-e-Conduta-PCSC-copiar.pdf\" target=\"_blank\" style=\"font-family: var( --e-global-typography-primary-font-family ), Sans-serif; font-size: var( --e-global-typography-primary-font-size ); font-weight: var( --e-global-typography-primary-font-weight ); letter-spacing: var( --e-global-typography-primary-letter-spacing ); background-color: rgb(255, 255, 255);\">aqui.<\/a><\/p>\t\t\t\t\t\t\t\t<\/div>\n\t\t\t\t<\/div>\n\t\t\t\t\t<\/div>\n\t\t<\/div>\n\t\t\t\t\t<\/div>\n\t\t<\/section>\n\t\t\t\t<\/div>\n\t\t","protected":false},"excerpt":{"rendered":"<p>Conhe\u00e7a o C\u00f3digo de \u00c9tica e Conduta da PCSC O C\u00f3digo de \u00c9tica e Conduta da PCSC, ap\u00f3s ter sido elaborado por um grupo de trabalho, aprovado pelo Conselho Superior da Pol\u00edcia Civil e ratificado pelo Delegado-Geral, Dr. Ulisses Gabriel, j\u00e1 est\u00e1 dispon\u00edvel no site da PCSC.&nbsp;&nbsp; Este C\u00f3digo \u00e9 inovador, uma vez que trata [&hellip;]<\/p>\n","protected":false},"author":5,"featured_media":26693,"comment_status":"closed","ping_status":"open","sticky":false,"template":"","format":"standard","meta":{"_monsterinsights_skip_tracking":false,"_monsterinsights_sitenote_active":false,"_monsterinsights_sitenote_note":"","_monsterinsights_sitenote_category":0,"footnotes":""},"categories":[1],"tags":[],"class_list":["post-26692","post","type-post","status-publish","format-standard","has-post-thumbnail","hentry","category-sem-categoria"],"_links":{"self":[{"href":"https:\/\/pc.sc.gov.br\/index.php?rest_route=\/wp\/v2\/posts\/26692","targetHints":{"allow":["GET"]}}],"collection":[{"href":"https:\/\/pc.sc.gov.br\/index.php?rest_route=\/wp\/v2\/posts"}],"about":[{"href":"https:\/\/pc.sc.gov.br\/index.php?rest_route=\/wp\/v2\/types\/post"}],"author":[{"embeddable":true,"href":"https:\/\/pc.sc.gov.br\/index.php?rest_route=\/wp\/v2\/users\/5"}],"replies":[{"embeddable":true,"href":"https:\/\/pc.sc.gov.br\/index.php?rest_route=%2Fwp%2Fv2%2Fcomments&post=26692"}],"version-history":[{"count":4,"href":"https:\/\/pc.sc.gov.br\/index.php?rest_route=\/wp\/v2\/posts\/26692\/revisions"}],"predecessor-version":[{"id":26697,"href":"https:\/\/pc.sc.gov.br\/index.php?rest_route=\/wp\/v2\/posts\/26692\/revisions\/26697"}],"wp:featuredmedia":[{"embeddable":true,"href":"https:\/\/pc.sc.gov.br\/index.php?rest_route=\/wp\/v2\/media\/26693"}],"wp:attachment":[{"href":"https:\/\/pc.sc.gov.br\/index.php?rest_route=%2Fwp%2Fv2%2Fmedia&parent=26692"}],"wp:term":[{"taxonomy":"category","embeddable":true,"href":"https:\/\/pc.sc.gov.br\/index.php?rest_route=%2Fwp%2Fv2%2Fcategories&post=26692"},{"taxonomy":"post_tag","embeddable":true,"href":"https:\/\/pc.sc.gov.br\/index.php?rest_route=%2Fwp%2Fv2%2Ftags&post=26692"}],"curies":[{"name":"wp","href":"https:\/\/api.w.org\/{rel}","templated":true}]}}