{"id":26698,"date":"2025-02-18T14:13:09","date_gmt":"2025-02-18T17:13:09","guid":{"rendered":"https:\/\/pc.sc.gov.br\/?p=26698"},"modified":"2025-02-18T14:30:34","modified_gmt":"2025-02-18T17:30:34","slug":"delegacia-de-repressao-ao-crime-organizado-da-deic-deflagra-operacao-policial-na-grande-florianopolis-lages-e-guaramirim","status":"publish","type":"post","link":"https:\/\/pc.sc.gov.br\/?p=26698","title":{"rendered":"Delegacia de Repress\u00e3o ao Crime Organizado da DEIC deflagra opera\u00e7\u00e3o policial na Grande Florian\u00f3polis, Lages e Guaramirim"},"content":{"rendered":"\t\t<div data-elementor-type=\"wp-post\" data-elementor-id=\"26698\" class=\"elementor elementor-26698\" data-elementor-post-type=\"post\">\n\t\t\t\t\t\t<section class=\"elementor-section elementor-top-section elementor-element elementor-element-5fc95f2 elementor-section-boxed elementor-section-height-default elementor-section-height-default\" data-id=\"5fc95f2\" data-element_type=\"section\">\n\t\t\t\t\t\t<div class=\"elementor-container elementor-column-gap-default\">\n\t\t\t\t\t<div class=\"elementor-column elementor-col-100 elementor-top-column elementor-element elementor-element-4f411c6\" data-id=\"4f411c6\" data-element_type=\"column\">\n\t\t\t<div class=\"elementor-widget-wrap elementor-element-populated\">\n\t\t\t\t\t\t<div class=\"elementor-element elementor-element-57cc91a elementor-widget elementor-widget-heading\" data-id=\"57cc91a\" data-element_type=\"widget\" data-widget_type=\"heading.default\">\n\t\t\t\t<div class=\"elementor-widget-container\">\n\t\t\t\t\t<h2 class=\"elementor-heading-title elementor-size-default\">Delegacia de Repress\u00e3o ao Crime organizado da DEIC deflagra opera\u00e7\u00e3o policial na Grande Florian\u00f3polis, Lages e Guaramirim<\/h2>\t\t\t\t<\/div>\n\t\t\t\t<\/div>\n\t\t\t\t\t<\/div>\n\t\t<\/div>\n\t\t\t\t\t<\/div>\n\t\t<\/section>\n\t\t\t\t<section class=\"elementor-section elementor-top-section elementor-element elementor-element-20cb838 elementor-section-boxed elementor-section-height-default elementor-section-height-default\" data-id=\"20cb838\" data-element_type=\"section\">\n\t\t\t\t\t\t<div class=\"elementor-container elementor-column-gap-default\">\n\t\t\t\t\t<div class=\"elementor-column elementor-col-100 elementor-top-column elementor-element elementor-element-e10b64e\" data-id=\"e10b64e\" data-element_type=\"column\">\n\t\t\t<div class=\"elementor-widget-wrap elementor-element-populated\">\n\t\t\t\t\t\t<div class=\"elementor-element elementor-element-be0c299 elementor-widget elementor-widget-image\" data-id=\"be0c299\" data-element_type=\"widget\" data-widget_type=\"image.default\">\n\t\t\t\t<div class=\"elementor-widget-container\">\n\t\t\t\t\t\t\t\t\t\t\t\t\t\t\t<img fetchpriority=\"high\" decoding=\"async\" width=\"696\" height=\"522\" src=\"https:\/\/pc.sc.gov.br\/\/wp-content\/uploads\/2025\/02\/Imagem-do-WhatsApp-de-2025-02-18-as-08.56.53_21c2156b-fotor-20250218142440-1024x768.jpg\" class=\"attachment-large size-large wp-image-26701\" alt=\"\" srcset=\"https:\/\/pc.sc.gov.br\/\/wp-content\/uploads\/2025\/02\/Imagem-do-WhatsApp-de-2025-02-18-as-08.56.53_21c2156b-fotor-20250218142440-1024x768.jpg 1024w, https:\/\/pc.sc.gov.br\/\/wp-content\/uploads\/2025\/02\/Imagem-do-WhatsApp-de-2025-02-18-as-08.56.53_21c2156b-fotor-20250218142440-300x225.jpg 300w, https:\/\/pc.sc.gov.br\/\/wp-content\/uploads\/2025\/02\/Imagem-do-WhatsApp-de-2025-02-18-as-08.56.53_21c2156b-fotor-20250218142440-768x576.jpg 768w, https:\/\/pc.sc.gov.br\/\/wp-content\/uploads\/2025\/02\/Imagem-do-WhatsApp-de-2025-02-18-as-08.56.53_21c2156b-fotor-20250218142440-1536x1152.jpg 1536w, https:\/\/pc.sc.gov.br\/\/wp-content\/uploads\/2025\/02\/Imagem-do-WhatsApp-de-2025-02-18-as-08.56.53_21c2156b-fotor-20250218142440.jpg 1600w\" sizes=\"(max-width: 696px) 100vw, 696px\" \/>\t\t\t\t\t\t\t\t\t\t\t\t\t\t\t<\/div>\n\t\t\t\t<\/div>\n\t\t\t\t\t<\/div>\n\t\t<\/div>\n\t\t\t\t\t<\/div>\n\t\t<\/section>\n\t\t\t\t<section class=\"elementor-section elementor-top-section elementor-element elementor-element-6657074 elementor-section-boxed elementor-section-height-default elementor-section-height-default\" data-id=\"6657074\" data-element_type=\"section\">\n\t\t\t\t\t\t<div class=\"elementor-container elementor-column-gap-default\">\n\t\t\t\t\t<div class=\"elementor-column elementor-col-100 elementor-top-column elementor-element elementor-element-1559071\" data-id=\"1559071\" data-element_type=\"column\">\n\t\t\t<div class=\"elementor-widget-wrap elementor-element-populated\">\n\t\t\t\t\t\t<div class=\"elementor-element elementor-element-e1d5db0 elementor-widget elementor-widget-text-editor\" data-id=\"e1d5db0\" data-element_type=\"widget\" data-widget_type=\"text-editor.default\">\n\t\t\t\t<div class=\"elementor-widget-container\">\n\t\t\t\t\t\t\t\t\t<p><span style=\"font-family: var( --e-global-typography-text-font-family ), Sans-serif; font-size: var( --e-global-typography-text-font-size );\">A Pol\u00edcia Civil de Santa Catarina, por meio da Delegacia de Repress\u00e3o ao Crime Organizado (DRACO\/DEIC) realizou nesta ter\u00e7a-feira (18\/02) opera\u00e7\u00e3o policial na regi\u00e3o da Grande Florian\u00f3polis, nas cidades de Lages e Guaramirim para dar cumprimento a 28 mandados de busca e apreens\u00e3o em desfavor de grupo criminoso voltado \u00e0 comercializa\u00e7\u00e3o de drogas.<\/span><\/p>\n<p>Hoje (18), por volta das 6h da manh\u00e3, cerca de 100 Policiais Civis da Diretoria Estadual de Investiga\u00e7\u00f5es Criminais (DEIC), Diretoria de Pol\u00edcia da Grande Florian\u00f3polis (DPGF), Diretoria de Pol\u00edcia do Interior (DPOI), Diretoria de Pol\u00edcia do Litoral (DPOL) e N\u00facleo de Opera\u00e7\u00f5es com C\u00e3es (NOC) foram \u00e0s ruas para cumprir 28 mandados de busca e apreens\u00e3o expedidos pela Vara Criminal da Regi\u00e3o Metropolitana da Comarca da Capital. Um dos investigados foi preso em flagrante com comprimidos de Ecstasy, MDMA, Skunk e maconha. Tamb\u00e9m<span style=\"font-family: var( --e-global-typography-text-font-family ), Sans-serif; font-size: var( --e-global-typography-text-font-size ); font-weight: var( --e-global-typography-text-font-weight );\">&nbsp;<\/span><span style=\"font-family: var( --e-global-typography-text-font-family ), Sans-serif; font-size: var( --e-global-typography-text-font-size );\">foram apreendidos diversos objetos de interesse para a investiga\u00e7\u00e3o, os quais ser\u00e3o submetidos \u00e0 per\u00edcia na Pol\u00edcia Cient\u00edfica.<\/span><\/p>\n<p>Ainda foram apreendidos 3 autom\u00f3veis adquiridos pelo grupo criminoso com proventos dos crimes. O l\u00edder dessa organiza\u00e7\u00e3o criminosa foi preso pela DRACO\/DEIC no final de 2024 em um apartamento de luxo na cidade de Balne\u00e1rio Cambori\u00fa.<\/p>\n<p>A equipe da DRACO\/DEIC refor\u00e7a seu compromisso em prol da sociedade, no enfrentamento \u00e0s organiza\u00e7\u00f5es criminosas voltadas ao tr\u00e1fico de drogas que atuam no estado de Santa Catarina.<span style=\"color: var( --e-global-color-text ); font-family: var( --e-global-typography-primary-font-family ), Sans-serif; font-size: var( --e-global-typography-primary-font-size ); font-weight: var( --e-global-typography-primary-font-weight ); letter-spacing: var( --e-global-typography-primary-letter-spacing );\">&nbsp;<\/span><\/p>\t\t\t\t\t\t\t\t<\/div>\n\t\t\t\t<\/div>\n\t\t\t\t\t<\/div>\n\t\t<\/div>\n\t\t\t\t\t<\/div>\n\t\t<\/section>\n\t\t\t\t<section class=\"elementor-section elementor-top-section elementor-element elementor-element-e0ffe84 elementor-section-boxed elementor-section-height-default elementor-section-height-default\" data-id=\"e0ffe84\" data-element_type=\"section\">\n\t\t\t\t\t\t<div class=\"elementor-container elementor-column-gap-default\">\n\t\t\t\t\t<div class=\"elementor-column elementor-col-100 elementor-top-column elementor-element elementor-element-e964431\" data-id=\"e964431\" data-element_type=\"column\">\n\t\t\t<div class=\"elementor-widget-wrap elementor-element-populated\">\n\t\t\t\t\t\t<div class=\"elementor-element elementor-element-e0bf902 elementor-widget elementor-widget-image\" data-id=\"e0bf902\" data-element_type=\"widget\" data-widget_type=\"image.default\">\n\t\t\t\t<div class=\"elementor-widget-container\">\n\t\t\t\t\t\t\t\t\t\t\t\t\t\t\t<img decoding=\"async\" width=\"696\" height=\"522\" src=\"https:\/\/pc.sc.gov.br\/\/wp-content\/uploads\/2025\/02\/DRACO1802-768x576.jpg\" class=\"attachment-medium_large size-medium_large wp-image-26706\" alt=\"\" srcset=\"https:\/\/pc.sc.gov.br\/\/wp-content\/uploads\/2025\/02\/DRACO1802-768x576.jpg 768w, https:\/\/pc.sc.gov.br\/\/wp-content\/uploads\/2025\/02\/DRACO1802-300x225.jpg 300w, https:\/\/pc.sc.gov.br\/\/wp-content\/uploads\/2025\/02\/DRACO1802-1024x768.jpg 1024w, https:\/\/pc.sc.gov.br\/\/wp-content\/uploads\/2025\/02\/DRACO1802.jpg 1280w\" sizes=\"(max-width: 696px) 100vw, 696px\" \/>\t\t\t\t\t\t\t\t\t\t\t\t\t\t\t<\/div>\n\t\t\t\t<\/div>\n\t\t\t\t\t<\/div>\n\t\t<\/div>\n\t\t\t\t\t<\/div>\n\t\t<\/section>\n\t\t\t\t<\/div>\n\t\t","protected":false},"excerpt":{"rendered":"<p>Delegacia de Repress\u00e3o ao Crime organizado da DEIC deflagra opera\u00e7\u00e3o policial na Grande Florian\u00f3polis, Lages e Guaramirim A Pol\u00edcia Civil de Santa Catarina, por meio da Delegacia de Repress\u00e3o ao Crime Organizado (DRACO\/DEIC) realizou nesta ter\u00e7a-feira (18\/02) opera\u00e7\u00e3o policial na regi\u00e3o da Grande Florian\u00f3polis, nas cidades de Lages e Guaramirim para dar cumprimento a 28 [&hellip;]<\/p>\n","protected":false},"author":5,"featured_media":26700,"comment_status":"closed","ping_status":"open","sticky":false,"template":"","format":"standard","meta":{"_monsterinsights_skip_tracking":false,"_monsterinsights_sitenote_active":false,"_monsterinsights_sitenote_note":"","_monsterinsights_sitenote_category":0,"footnotes":""},"categories":[1],"tags":[],"class_list":["post-26698","post","type-post","status-publish","format-standard","has-post-thumbnail","hentry","category-sem-categoria"],"_links":{"self":[{"href":"https:\/\/pc.sc.gov.br\/index.php?rest_route=\/wp\/v2\/posts\/26698","targetHints":{"allow":["GET"]}}],"collection":[{"href":"https:\/\/pc.sc.gov.br\/index.php?rest_route=\/wp\/v2\/posts"}],"about":[{"href":"https:\/\/pc.sc.gov.br\/index.php?rest_route=\/wp\/v2\/types\/post"}],"author":[{"embeddable":true,"href":"https:\/\/pc.sc.gov.br\/index.php?rest_route=\/wp\/v2\/users\/5"}],"replies":[{"embeddable":true,"href":"https:\/\/pc.sc.gov.br\/index.php?rest_route=%2Fwp%2Fv2%2Fcomments&post=26698"}],"version-history":[{"count":6,"href":"https:\/\/pc.sc.gov.br\/index.php?rest_route=\/wp\/v2\/posts\/26698\/revisions"}],"predecessor-version":[{"id":26709,"href":"https:\/\/pc.sc.gov.br\/index.php?rest_route=\/wp\/v2\/posts\/26698\/revisions\/26709"}],"wp:featuredmedia":[{"embeddable":true,"href":"https:\/\/pc.sc.gov.br\/index.php?rest_route=\/wp\/v2\/media\/26700"}],"wp:attachment":[{"href":"https:\/\/pc.sc.gov.br\/index.php?rest_route=%2Fwp%2Fv2%2Fmedia&parent=26698"}],"wp:term":[{"taxonomy":"category","embeddable":true,"href":"https:\/\/pc.sc.gov.br\/index.php?rest_route=%2Fwp%2Fv2%2Fcategories&post=26698"},{"taxonomy":"post_tag","embeddable":true,"href":"https:\/\/pc.sc.gov.br\/index.php?rest_route=%2Fwp%2Fv2%2Ftags&post=26698"}],"curies":[{"name":"wp","href":"https:\/\/api.w.org\/{rel}","templated":true}]}}