{"id":26720,"date":"2025-02-18T17:59:04","date_gmt":"2025-02-18T20:59:04","guid":{"rendered":"https:\/\/pc.sc.gov.br\/?p=26720"},"modified":"2025-02-18T17:59:57","modified_gmt":"2025-02-18T20:59:57","slug":"pcsc-aciona-pela-primeira-vez-o-protocolo-amber-alert-brasil-para-auxiliar-na-localizacao-de-adolescente-que-desapareceu-em-joinville","status":"publish","type":"post","link":"https:\/\/pc.sc.gov.br\/?p=26720","title":{"rendered":"PCSC aciona pela primeira vez o protocolo Amber Alert Brasil para auxiliar na localiza\u00e7\u00e3o de adolescente que desapareceu em Joinville"},"content":{"rendered":"\t\t<div data-elementor-type=\"wp-post\" data-elementor-id=\"26720\" class=\"elementor elementor-26720\" data-elementor-post-type=\"post\">\n\t\t\t\t\t\t<section class=\"elementor-section elementor-top-section elementor-element elementor-element-07719d3 elementor-section-boxed elementor-section-height-default elementor-section-height-default\" data-id=\"07719d3\" data-element_type=\"section\">\n\t\t\t\t\t\t<div class=\"elementor-container elementor-column-gap-default\">\n\t\t\t\t\t<div class=\"elementor-column elementor-col-100 elementor-top-column elementor-element elementor-element-45312b8\" data-id=\"45312b8\" data-element_type=\"column\">\n\t\t\t<div class=\"elementor-widget-wrap elementor-element-populated\">\n\t\t\t\t\t\t<div class=\"elementor-element elementor-element-1f24610 elementor-widget elementor-widget-heading\" data-id=\"1f24610\" data-element_type=\"widget\" data-widget_type=\"heading.default\">\n\t\t\t\t<div class=\"elementor-widget-container\">\n\t\t\t\t\t<h2 class=\"elementor-heading-title elementor-size-default\">PCSC aciona pela primeira vez o protocolo Amber Alert Brasil para auxiliar na localiza\u00e7\u00e3o de adolescente que desapareceu em Joinville<\/h2>\t\t\t\t<\/div>\n\t\t\t\t<\/div>\n\t\t\t\t\t<\/div>\n\t\t<\/div>\n\t\t\t\t\t<\/div>\n\t\t<\/section>\n\t\t\t\t<section class=\"elementor-section elementor-top-section elementor-element elementor-element-91b615a elementor-section-boxed elementor-section-height-default elementor-section-height-default\" data-id=\"91b615a\" data-element_type=\"section\">\n\t\t\t\t\t\t<div class=\"elementor-container elementor-column-gap-default\">\n\t\t\t\t\t<div class=\"elementor-column elementor-col-100 elementor-top-column elementor-element elementor-element-f7fae47\" data-id=\"f7fae47\" data-element_type=\"column\">\n\t\t\t<div class=\"elementor-widget-wrap elementor-element-populated\">\n\t\t\t\t\t\t<div class=\"elementor-element elementor-element-62f2bf2 elementor-widget elementor-widget-image\" data-id=\"62f2bf2\" data-element_type=\"widget\" data-widget_type=\"image.default\">\n\t\t\t\t<div class=\"elementor-widget-container\">\n\t\t\t\t\t\t\t\t\t\t\t\t\t\t\t<img fetchpriority=\"high\" decoding=\"async\" width=\"696\" height=\"414\" src=\"https:\/\/pc.sc.gov.br\/\/wp-content\/uploads\/2025\/02\/DADOS-MARCO-1024x609.jpg\" class=\"attachment-large size-large wp-image-26721\" alt=\"\" srcset=\"https:\/\/pc.sc.gov.br\/\/wp-content\/uploads\/2025\/02\/DADOS-MARCO-1024x609.jpg 1024w, https:\/\/pc.sc.gov.br\/\/wp-content\/uploads\/2025\/02\/DADOS-MARCO-300x178.jpg 300w, https:\/\/pc.sc.gov.br\/\/wp-content\/uploads\/2025\/02\/DADOS-MARCO-768x457.jpg 768w, https:\/\/pc.sc.gov.br\/\/wp-content\/uploads\/2025\/02\/DADOS-MARCO.jpg 1280w\" sizes=\"(max-width: 696px) 100vw, 696px\" \/>\t\t\t\t\t\t\t\t\t\t\t\t\t\t\t<\/div>\n\t\t\t\t<\/div>\n\t\t\t\t\t<\/div>\n\t\t<\/div>\n\t\t\t\t\t<\/div>\n\t\t<\/section>\n\t\t\t\t<section class=\"elementor-section elementor-top-section elementor-element elementor-element-46330ae elementor-section-boxed elementor-section-height-default elementor-section-height-default\" data-id=\"46330ae\" data-element_type=\"section\">\n\t\t\t\t\t\t<div class=\"elementor-container elementor-column-gap-default\">\n\t\t\t\t\t<div class=\"elementor-column elementor-col-100 elementor-top-column elementor-element elementor-element-851f7ea\" data-id=\"851f7ea\" data-element_type=\"column\">\n\t\t\t<div class=\"elementor-widget-wrap elementor-element-populated\">\n\t\t\t\t\t\t<div class=\"elementor-element elementor-element-338ad38 elementor-widget elementor-widget-text-editor\" data-id=\"338ad38\" data-element_type=\"widget\" data-widget_type=\"text-editor.default\">\n\t\t\t\t<div class=\"elementor-widget-container\">\n\t\t\t\t\t\t\t\t\t<p>Pela primeira vez, a Pol\u00edcia Civil de Santa Catarina, por meio da Diretoria de Intelig\u00eancia, acionou o Amber Alert Brasil, programa da META aderido pela PCSC e que emite alertas contendo informa\u00e7\u00f5es de crian\u00e7a ou adolescente desaparecida e\/ou em situa\u00e7\u00e3o iminente de les\u00e3o corporal grave ou morte, h\u00e1, no m\u00e1ximo, 72 horas.\u00a0<\/p><p>De acordo com o Diretor de Intelig\u00eancia da PCSC, delegado Gustavo Madeira, o alerta foi emitido em raz\u00e3o de uma adolescente de 16 anos que est\u00e1 desaparecida desde s\u00e1bado, em Joinville. A adolescente \u00e9 natural de Campo Largo e estava visitando familiares em Joinville.<\/p><p>O Amber Alert Brasil emite avisos por meio das redes sociais Instagram e Facebook para as pessoas com perfis nessas redes num raio aproximado de 160 km de dist\u00e2ncia do local onde foi vista a crian\u00e7a ou adolescente pela \u00faltima vez.<\/p><p>Para ter acesso ao servi\u00e7o, os casos s\u00e3o avaliados pelo Diretor de Intelig\u00eancia da PCSC, o qual verificando que os requisitos foram cumpridos encaminhar\u00e1 um of\u00edcio para o Minist\u00e9rio da Justi\u00e7a solicitando a sua inclus\u00e3o junto \u00e0 META.<\/p>\t\t\t\t\t\t\t\t<\/div>\n\t\t\t\t<\/div>\n\t\t\t\t\t<\/div>\n\t\t<\/div>\n\t\t\t\t\t<\/div>\n\t\t<\/section>\n\t\t\t\t<\/div>\n\t\t","protected":false},"excerpt":{"rendered":"<p>PCSC aciona pela primeira vez o protocolo Amber Alert Brasil para auxiliar na localiza\u00e7\u00e3o de adolescente que desapareceu em Joinville Pela primeira vez, a Pol\u00edcia Civil de Santa Catarina, por meio da Diretoria de Intelig\u00eancia, acionou o Amber Alert Brasil, programa da META aderido pela PCSC e que emite alertas contendo informa\u00e7\u00f5es de crian\u00e7a ou [&hellip;]<\/p>\n","protected":false},"author":5,"featured_media":26721,"comment_status":"closed","ping_status":"open","sticky":false,"template":"","format":"standard","meta":{"_monsterinsights_skip_tracking":false,"_monsterinsights_sitenote_active":false,"_monsterinsights_sitenote_note":"","_monsterinsights_sitenote_category":0,"footnotes":""},"categories":[1],"tags":[],"class_list":["post-26720","post","type-post","status-publish","format-standard","has-post-thumbnail","hentry","category-sem-categoria"],"_links":{"self":[{"href":"https:\/\/pc.sc.gov.br\/index.php?rest_route=\/wp\/v2\/posts\/26720","targetHints":{"allow":["GET"]}}],"collection":[{"href":"https:\/\/pc.sc.gov.br\/index.php?rest_route=\/wp\/v2\/posts"}],"about":[{"href":"https:\/\/pc.sc.gov.br\/index.php?rest_route=\/wp\/v2\/types\/post"}],"author":[{"embeddable":true,"href":"https:\/\/pc.sc.gov.br\/index.php?rest_route=\/wp\/v2\/users\/5"}],"replies":[{"embeddable":true,"href":"https:\/\/pc.sc.gov.br\/index.php?rest_route=%2Fwp%2Fv2%2Fcomments&post=26720"}],"version-history":[{"count":4,"href":"https:\/\/pc.sc.gov.br\/index.php?rest_route=\/wp\/v2\/posts\/26720\/revisions"}],"predecessor-version":[{"id":26725,"href":"https:\/\/pc.sc.gov.br\/index.php?rest_route=\/wp\/v2\/posts\/26720\/revisions\/26725"}],"wp:featuredmedia":[{"embeddable":true,"href":"https:\/\/pc.sc.gov.br\/index.php?rest_route=\/wp\/v2\/media\/26721"}],"wp:attachment":[{"href":"https:\/\/pc.sc.gov.br\/index.php?rest_route=%2Fwp%2Fv2%2Fmedia&parent=26720"}],"wp:term":[{"taxonomy":"category","embeddable":true,"href":"https:\/\/pc.sc.gov.br\/index.php?rest_route=%2Fwp%2Fv2%2Fcategories&post=26720"},{"taxonomy":"post_tag","embeddable":true,"href":"https:\/\/pc.sc.gov.br\/index.php?rest_route=%2Fwp%2Fv2%2Ftags&post=26720"}],"curies":[{"name":"wp","href":"https:\/\/api.w.org\/{rel}","templated":true}]}}