{"id":26726,"date":"2025-02-18T18:07:18","date_gmt":"2025-02-18T21:07:18","guid":{"rendered":"https:\/\/pc.sc.gov.br\/?p=26726"},"modified":"2025-02-18T18:16:26","modified_gmt":"2025-02-18T21:16:26","slug":"decap-localiza-e-prende-homem-condenado-por-estupro-18-anos-apos-cometer-o-crime","status":"publish","type":"post","link":"https:\/\/pc.sc.gov.br\/?p=26726","title":{"rendered":"DECAP localiza e prende homem condenado por estupro, 18 anos ap\u00f3s cometer o crime"},"content":{"rendered":"\t\t<div data-elementor-type=\"wp-post\" data-elementor-id=\"26726\" class=\"elementor elementor-26726\" data-elementor-post-type=\"post\">\n\t\t\t\t\t\t<section class=\"elementor-section elementor-top-section elementor-element elementor-element-61ea64b elementor-section-boxed elementor-section-height-default elementor-section-height-default\" data-id=\"61ea64b\" data-element_type=\"section\">\n\t\t\t\t\t\t<div class=\"elementor-container elementor-column-gap-default\">\n\t\t\t\t\t<div class=\"elementor-column elementor-col-100 elementor-top-column elementor-element elementor-element-207549f\" data-id=\"207549f\" data-element_type=\"column\">\n\t\t\t<div class=\"elementor-widget-wrap elementor-element-populated\">\n\t\t\t\t\t\t<div class=\"elementor-element elementor-element-d25577f elementor-widget elementor-widget-heading\" data-id=\"d25577f\" data-element_type=\"widget\" data-widget_type=\"heading.default\">\n\t\t\t\t<div class=\"elementor-widget-container\">\n\t\t\t\t\t<h2 class=\"elementor-heading-title elementor-size-default\">DECAP localiza e prende homem condenado por estupro 18 anos ap\u00f3s cometer o crime<\/h2>\t\t\t\t<\/div>\n\t\t\t\t<\/div>\n\t\t\t\t\t<\/div>\n\t\t<\/div>\n\t\t\t\t\t<\/div>\n\t\t<\/section>\n\t\t\t\t<section class=\"elementor-section elementor-top-section elementor-element elementor-element-5656615 elementor-section-boxed elementor-section-height-default elementor-section-height-default\" data-id=\"5656615\" data-element_type=\"section\">\n\t\t\t\t\t\t<div class=\"elementor-container elementor-column-gap-default\">\n\t\t\t\t\t<div class=\"elementor-column elementor-col-100 elementor-top-column elementor-element elementor-element-e797493\" data-id=\"e797493\" data-element_type=\"column\">\n\t\t\t<div class=\"elementor-widget-wrap elementor-element-populated\">\n\t\t\t\t\t\t<div class=\"elementor-element elementor-element-973cec7 elementor-widget elementor-widget-image\" data-id=\"973cec7\" data-element_type=\"widget\" data-widget_type=\"image.default\">\n\t\t\t\t<div class=\"elementor-widget-container\">\n\t\t\t\t\t\t\t\t\t\t\t\t\t\t\t<img fetchpriority=\"high\" decoding=\"async\" width=\"696\" height=\"696\" src=\"https:\/\/pc.sc.gov.br\/\/wp-content\/uploads\/2025\/02\/DECAP-DEIC.jpg\" class=\"attachment-large size-large wp-image-26728\" alt=\"\" srcset=\"https:\/\/pc.sc.gov.br\/\/wp-content\/uploads\/2025\/02\/DECAP-DEIC.jpg 768w, https:\/\/pc.sc.gov.br\/\/wp-content\/uploads\/2025\/02\/DECAP-DEIC-300x300.jpg 300w, https:\/\/pc.sc.gov.br\/\/wp-content\/uploads\/2025\/02\/DECAP-DEIC-150x150.jpg 150w\" sizes=\"(max-width: 696px) 100vw, 696px\" \/>\t\t\t\t\t\t\t\t\t\t\t\t\t\t\t<\/div>\n\t\t\t\t<\/div>\n\t\t\t\t\t<\/div>\n\t\t<\/div>\n\t\t\t\t\t<\/div>\n\t\t<\/section>\n\t\t\t\t<section class=\"elementor-section elementor-top-section elementor-element elementor-element-eee6f3d elementor-section-boxed elementor-section-height-default elementor-section-height-default\" data-id=\"eee6f3d\" data-element_type=\"section\">\n\t\t\t\t\t\t<div class=\"elementor-container elementor-column-gap-default\">\n\t\t\t\t\t<div class=\"elementor-column elementor-col-100 elementor-top-column elementor-element elementor-element-754e6b8\" data-id=\"754e6b8\" data-element_type=\"column\">\n\t\t\t<div class=\"elementor-widget-wrap elementor-element-populated\">\n\t\t\t\t\t\t<div class=\"elementor-element elementor-element-06813cb elementor-widget elementor-widget-text-editor\" data-id=\"06813cb\" data-element_type=\"widget\" data-widget_type=\"text-editor.default\">\n\t\t\t\t<div class=\"elementor-widget-container\">\n\t\t\t\t\t\t\t\t\t<p>A Pol\u00edcia Civil de Santa Catarina, por meio da Delegacia de Capturas (DECAP\/DEIC cumpriu, Nesta ter\u00e7a-feira (18), mandado de pris\u00e3o expedido em desfavor de homem pelo crime de estupro (Arts. 213 e 224 do C\u00f3digo Penal) condenado a 9 anos de reclus\u00e3o, pela 1\u00aa Vara Crimedo Juri de Execu\u00e7\u00f5es Penais, de Serrinha (BA).&nbsp;<\/p>\n<p>O crime foi praticado no ano de 2007, contra sua enteada que \u00e0 \u00e9poca, possu\u00eda menos de 14 anos. A senten\u00e7a definitiva transitou em julgado no ano de 2018 e, desde ent\u00e3o, o autor que nunca havia sido preso pelo crime, estava foragido.<\/p>\n<p>A Delegacia de Capturas da DEIC foi acionada pela Vara Judicial de Serrinha (BA) para que efetuasse dilig\u00eancias no sentido de localizar e prender o foragido, que estaria residindo em Santa Catarina e possu\u00eda condena\u00e7\u00e3o pelo Estado da Bahia.&nbsp;<\/p>\n<p>Na tarde desta ter\u00e7a-feira (18) os policiais da DECAP identificaram o paradeiro do indiv\u00edduo, que estava prestando servi\u00e7os em uma obra na cidade de Florianopolis; local onde foi abordado e preso.<\/p>\n<p>A Delegacia de Capturas da DEIC\/PCSC refor\u00e7a seu compromisso em prol da seguran\u00e7a da sociedade catarinense e se compromete com as demais unidades Policiais do Estado no aux\u00edlio \u00e0 captura de foragidos por meio do aplicativo INTEGRA no link https:\/\/integra.pc.sc.gov.br\/sistemas\/foragidos .<\/p>\n<p><b>Den\u00fancias e informa\u00e7\u00f5es relacionadas a foragidos da justi\u00e7a podem ser encaminhadas para o e-mail deic-capturas@pc.sc.gov.br, sendo garantido o anonimato.<\/b><\/p>\t\t\t\t\t\t\t\t<\/div>\n\t\t\t\t<\/div>\n\t\t\t\t\t<\/div>\n\t\t<\/div>\n\t\t\t\t\t<\/div>\n\t\t<\/section>\n\t\t\t\t<\/div>\n\t\t","protected":false},"excerpt":{"rendered":"<p>DECAP localiza e prende homem condenado por estupro 18 anos ap\u00f3s cometer o crime A Pol\u00edcia Civil de Santa Catarina, por meio da Delegacia de Capturas (DECAP\/DEIC cumpriu, Nesta ter\u00e7a-feira (18), mandado de pris\u00e3o expedido em desfavor de homem pelo crime de estupro (Arts. 213 e 224 do C\u00f3digo Penal) condenado a 9 anos de [&hellip;]<\/p>\n","protected":false},"author":5,"featured_media":26728,"comment_status":"closed","ping_status":"open","sticky":false,"template":"","format":"standard","meta":{"_monsterinsights_skip_tracking":false,"_monsterinsights_sitenote_active":false,"_monsterinsights_sitenote_note":"","_monsterinsights_sitenote_category":0,"footnotes":""},"categories":[1],"tags":[],"class_list":["post-26726","post","type-post","status-publish","format-standard","has-post-thumbnail","hentry","category-sem-categoria"],"_links":{"self":[{"href":"https:\/\/pc.sc.gov.br\/index.php?rest_route=\/wp\/v2\/posts\/26726","targetHints":{"allow":["GET"]}}],"collection":[{"href":"https:\/\/pc.sc.gov.br\/index.php?rest_route=\/wp\/v2\/posts"}],"about":[{"href":"https:\/\/pc.sc.gov.br\/index.php?rest_route=\/wp\/v2\/types\/post"}],"author":[{"embeddable":true,"href":"https:\/\/pc.sc.gov.br\/index.php?rest_route=\/wp\/v2\/users\/5"}],"replies":[{"embeddable":true,"href":"https:\/\/pc.sc.gov.br\/index.php?rest_route=%2Fwp%2Fv2%2Fcomments&post=26726"}],"version-history":[{"count":6,"href":"https:\/\/pc.sc.gov.br\/index.php?rest_route=\/wp\/v2\/posts\/26726\/revisions"}],"predecessor-version":[{"id":26734,"href":"https:\/\/pc.sc.gov.br\/index.php?rest_route=\/wp\/v2\/posts\/26726\/revisions\/26734"}],"wp:featuredmedia":[{"embeddable":true,"href":"https:\/\/pc.sc.gov.br\/index.php?rest_route=\/wp\/v2\/media\/26728"}],"wp:attachment":[{"href":"https:\/\/pc.sc.gov.br\/index.php?rest_route=%2Fwp%2Fv2%2Fmedia&parent=26726"}],"wp:term":[{"taxonomy":"category","embeddable":true,"href":"https:\/\/pc.sc.gov.br\/index.php?rest_route=%2Fwp%2Fv2%2Fcategories&post=26726"},{"taxonomy":"post_tag","embeddable":true,"href":"https:\/\/pc.sc.gov.br\/index.php?rest_route=%2Fwp%2Fv2%2Ftags&post=26726"}],"curies":[{"name":"wp","href":"https:\/\/api.w.org\/{rel}","templated":true}]}}